{"id":329052,"date":"2025-08-19T10:01:10","date_gmt":"2025-08-19T10:01:10","guid":{"rendered":"https:\/\/www.europesays.com\/fr\/329052\/"},"modified":"2025-08-19T10:01:10","modified_gmt":"2025-08-19T10:01:10","slug":"deux-employees-sequestrees-lors-du-braquage-dun-magasin-aldi-a-paris","status":"publish","type":"post","link":"https:\/\/www.europesays.com\/fr\/329052\/","title":{"rendered":"deux employ\u00e9es s\u00e9questr\u00e9es lors du braquage d\u2019un magasin Aldi \u00e0 Paris"},"content":{"rendered":"<p>Le magasin Aldi, qui a \u00e9t\u00e9 pris la cible d&rsquo;un braquage, dimanche, est ferm\u00e9 temporairement. Une voisine de l&rsquo;\u00e9tablissement raconte la sc\u00e8ne de son point de vue sur RMC.<\/p>\n<p>Rideaux baiss\u00e9s. Le magasin Aldi, situ\u00e9 sur le boulevard Magenta, dans le 10e arrondissement de Paris, est ferm\u00e9 depuis ce lundi 18 ao\u00fbt. L&rsquo;\u00e9tablissement a \u00e9t\u00e9 la cible d&rsquo;un braquage.<\/p>\n<p>Pr\u00e8s de 20.000 euros ont \u00e9t\u00e9 d\u00e9rob\u00e9s dans le magasin dimanche matin. Deux hommes arm\u00e9s d&rsquo;un couteau ont s\u00e9questr\u00e9 deux employ\u00e9es \u00e0 l&rsquo;heure de l&rsquo;ouverture du supermarch\u00e9 dans la salle des coffres, avant de s&rsquo;enfuir en taxi selon nos conf\u00e8res <a href=\"https:\/\/www.leparisien.fr\/faits-divers\/paris-les-employees-daldi-braquees-et-sequestrees-durant-trois-heures-dans-la-salle-des-coffres-18-08-2025-SOLELM3AOFELDCWIO4WKKRVR4A.php\" target=\"_blank\" class=\"external_link\" rel=\"nofollow noopener\">du journal Le Parisien<\/a>. Les deux salari\u00e9s ont \u00e9t\u00e9 s\u00e9questr\u00e9s pendant pr\u00e8s de trois heures.<\/p>\n<p>Ce lundi, plusieurs clients se sont arr\u00eat\u00e9s devant le supermarch\u00e9 pr\u00e8s de la Gare du Nord, surpris de le voir ferm\u00e9. Aucune affiche n&rsquo;informe de la fermeture et il n&rsquo;y a \u00e9galement aucune trace du braquage de la veille.<\/p>\n<p>Des cambrioleurs bien renseign\u00e9s<\/p>\n<p>D&rsquo;apr\u00e8s le g\u00e9rant du Aldi, les deux cambrioleurs savaient exactement o\u00f9 aller, au sous-sol, o\u00f9 ils ont d\u00e9rob\u00e9 20.000 euros dans le coffre-fort. Les voleurs ont \u00e9galement pris les disques durs des cam\u00e9ras de vid\u00e9osurveillance.<\/p>\n<p>Une voisine, qui a vue sur la r\u00e9serve du supermarch\u00e9, n&rsquo;a rien suspect\u00e9: \u00ab\u00a0J&rsquo;ai entendu quelqu&rsquo;un qui lui demandait qu&rsquo;on lui ouvre la porte. Ce n&rsquo;\u00e9tait pas un bruit qui m&rsquo;a interpel\u00e9e. Si \u00e7a avait \u00e9t\u00e9 un bruit qui m&rsquo;interpelait, je me serais lev\u00e9e.\u00a0\u00bb<\/p>\n<blockquote class=\"embed embed_quote\"><p>\u00ab\u00a0\u00c7a fait peur\u00a0\u00bb, ajoute la voisine.<\/p><\/blockquote>\n<p>Samedi d\u00e9j\u00e0, trois femmes avaient vol\u00e9 pour 600 euros de marchandises avant d&rsquo;\u00eatre interpell\u00e9es par le vigile.<\/p>\n<p>Am\u00e9lie Courtet (avec TRC)<\/p>\n","protected":false},"excerpt":{"rendered":"Le magasin Aldi, qui a \u00e9t\u00e9 pris la cible d&rsquo;un braquage, dimanche, est ferm\u00e9 temporairement. Une voisine de&hellip;\n","protected":false},"author":2,"featured_media":329053,"comment_status":"","ping_status":"","sticky":false,"template":"","format":"standard","meta":{"footnotes":""},"categories":[1888],"tags":[1111,1928,11,1927,1777,674,1011,27,12,1926,626,1925,25],"class_list":{"0":"post-329052","1":"post","2":"type-post","3":"status-publish","4":"format-standard","5":"has-post-thumbnail","7":"category-paris","8":"tag-actu","9":"tag-actu-paris","10":"tag-actualites","11":"tag-actualites-paris","12":"tag-eu","13":"tag-europe","14":"tag-fr","15":"tag-france","16":"tag-news","17":"tag-news-paris","18":"tag-paris","19":"tag-paris-news","20":"tag-republique-francaise"},"share_on_mastodon":{"url":"https:\/\/pubeurope.com\/@fr\/115054856347247413","error":""},"_links":{"self":[{"href":"https:\/\/www.europesays.com\/fr\/wp-json\/wp\/v2\/posts\/329052","targetHints":{"allow":["GET"]}}],"collection":[{"href":"https:\/\/www.europesays.com\/fr\/wp-json\/wp\/v2\/posts"}],"about":[{"href":"https:\/\/www.europesays.com\/fr\/wp-json\/wp\/v2\/types\/post"}],"author":[{"embeddable":true,"href":"https:\/\/www.europesays.com\/fr\/wp-json\/wp\/v2\/users\/2"}],"replies":[{"embeddable":true,"href":"https:\/\/www.europesays.com\/fr\/wp-json\/wp\/v2\/comments?post=329052"}],"version-history":[{"count":0,"href":"https:\/\/www.europesays.com\/fr\/wp-json\/wp\/v2\/posts\/329052\/revisions"}],"wp:featuredmedia":[{"embeddable":true,"href":"https:\/\/www.europesays.com\/fr\/wp-json\/wp\/v2\/media\/329053"}],"wp:attachment":[{"href":"https:\/\/www.europesays.com\/fr\/wp-json\/wp\/v2\/media?parent=329052"}],"wp:term":[{"taxonomy":"category","embeddable":true,"href":"https:\/\/www.europesays.com\/fr\/wp-json\/wp\/v2\/categories?post=329052"},{"taxonomy":"post_tag","embeddable":true,"href":"https:\/\/www.europesays.com\/fr\/wp-json\/wp\/v2\/tags?post=329052"}],"curies":[{"name":"wp","href":"https:\/\/api.w.org\/{rel}","templated":true}]}}