{"id":329055,"date":"2025-08-19T10:03:10","date_gmt":"2025-08-19T10:03:10","guid":{"rendered":"https:\/\/www.europesays.com\/fr\/329055\/"},"modified":"2025-08-19T10:03:10","modified_gmt":"2025-08-19T10:03:10","slug":"un-plouf-en-afterwork-paris-veut-prolonger-la-baignade-dans-la-seine-apres-la-rentree","status":"publish","type":"post","link":"https:\/\/www.europesays.com\/fr\/329055\/","title":{"rendered":"Un plouf en afterwork ? Paris veut prolonger la baignade dans la Seine apr\u00e8s la rentr\u00e9e"},"content":{"rendered":"<p>            Par<br \/>\n        <strong><br \/>\n            <a href=\"https:\/\/actu.fr\/auteur\/ines-cussac-actu-fr\" title=\"Consulter tous les articles de In\u00e8s Cussac\" target=\"_blank\" rel=\"noopener\">In\u00e8s Cussac<\/a><br \/>\n        <\/strong><\/p>\n<p>        Publi\u00e9 le<\/p>\n<p>            19 ao\u00fbt 2025 \u00e0 11h57        <\/p>\n<p>Encore un petit peu\u2009? Alors que le calendrier initial pr\u00e9voyait de cl\u00f4turer <a href=\"https:\/\/actu.fr\/ile-de-france\/paris_75056\/paris-elle-est-douce-et-chaude-on-a-nage-dans-la-seine-a-bercy-avec-les-premiers-baigneurs_62873044.html\" target=\"_blank\" rel=\"noopener\">la baignade dans la Seine \u00e0 Paris<\/a> le dimanche 31\u00a0ao\u00fbt 2025, <strong>une prolongation d\u2019une \u00e0 deux semaines<\/strong> au mois de septembre est \u00e0 l\u2019\u00e9tude, selon <a href=\"https:\/\/www.liberation.fr\/lifestyle\/voyages\/paris-75-600-baignades-dans-la-seine-depuis-louverture-la-mairie-reflechit-a-prolonger-en-septembre-20250819_2HMUG3REKJCL3KCQK7BNP74FIA\/\" target=\"_blank\" rel=\"noopener\">Lib\u00e9ration<\/a>. Contact\u00e9e par actu Paris, la mairie de Paris ne r\u00e9fute pas l\u2019information mais ne souhaite pour autant pas communiquer dessus.<\/p>\n<p>Pic de fr\u00e9quentation le 15\u00a0ao\u00fbt<\/p>\n<p class=\" wall-content\">Le succ\u00e8s \u00e9tait presque inattendu tant les critiques \u00e9taient vives et la m\u00e9t\u00e9o maussade. <a href=\"https:\/\/actu.fr\/ile-de-france\/paris_75056\/fermeture-de-la-baignade-dans-la-seine-et-le-canal-saint-martin-quand-pourra-t-on-a-nouveau-nager-a-paris_62886786.html\" target=\"_blank\" rel=\"noopener\">13\u00a0jours de fermetures<\/a> ont \u00e9t\u00e9 n\u00e9cessaires durant le premier mois \u00e0 cause de la pluie d\u00e9gradant la qualit\u00e9 de l\u2019eau. Seulement 12\u2009354\u00a0personnes sont venues plonger dans l\u2019eau \u00e0 24 degr\u00e9s du fleuve parisien durant les deux premi\u00e8res semaines de juillet. L\u2019arriv\u00e9e des baigneurs dans la Seine a \u00e9t\u00e9 tardive mais <strong>pleine de succ\u00e8s durant la semaine du 15\u00a0ao\u00fbt<\/strong>. Dans les trois bassins, Bercy, Bras Marie et Grenelle, pr\u00e8s de 23\u2009500 entr\u00e9es ont \u00e9t\u00e9 comptabilis\u00e9es entre le 11 et le 18\u00a0ao\u00fbt 2025.<\/p>\n<p class=\" wall-content\">Au total, <strong>on en compte 75\u2009600<\/strong> depuis l\u2019ouverture de la Seine aux baigneurs, le 5\u00a0juillet.<\/p>\n<p>\u00c0 la pr\u00e9fecture de d\u00e9cider<\/p>\n<p class=\" wall-content\">Malgr\u00e9 les \u00e9tudes de la Ville pour maintenir la Seine ouverte quelques jours suppl\u00e9mentaires, la d\u00e9cision revient in fine au pr\u00e9fet d\u2019\u00cele-de-France. <strong>Le co\u00fbt de cette prolongation<\/strong> est par ailleurs au c\u0153ur des discussions. Pour rappel, plus de 1,4\u00a0milliard d\u2019euros ont \u00e9t\u00e9 inject\u00e9s par l\u2019\u00c9tat et les collectivit\u00e9s pour d\u00e9polluer la Seine, dans le cadre des Jeux de Paris 2024.<\/p>\n<p class=\" wall-content\">Une trentaine de villes du Grand Paris ont d\u00e9j\u00e0 signifi\u00e9 leur int\u00e9r\u00eat pour proposer, elles aussi, la baignade gratuite et surveill\u00e9e dans la Seine. Selon Lib\u00e9ration, la m\u00e9tropole s\u2019est d\u00e9j\u00e0 engag\u00e9e \u00e0 apporter <strong>une aide financi\u00e8re \u00e0 ces projets<\/strong> sans d\u00e9tailler les noms des communes ni le calendrier.<\/p>\n<p class=\" wall-content\">\u00c0 Paris en tout cas, Pierre Rabadan, adjoint \u00e0 la maire de Paris charg\u00e9 du sport, s\u2019est dit <strong>\u00ab\u2009absolument serein\u2009\u00bb d\u2019un renouvellement<\/strong> de la baignade dans la Seine l\u2019an prochain. Et ce, \u00ab\u2009quelle que soit la couleur politique de la prochaine \u00e9quipe municipale\u2009\u00bb, avance-t-il dans les colonnes du quotidien. Un seul changement pourrait avoir lieu, selon lui, et il concerne le site de Bras Marie. Il s\u2019agirait de le d\u00e9placer pour qu\u2019il puisse rester ouvert toute la journ\u00e9e.<\/p>\n<p class=\" wall-content\">Personnalisez votre actualit\u00e9 en ajoutant vos villes et m\u00e9dias en favori avec <a href=\"https:\/\/moncompte.actu.fr\" title=\"D\u00e9couvez Mon Actu\" rel=\"nofollow noopener\" data-trk=\"{&quot;cta&quot;:{&quot;action&quot;:&quot;https:\\\/\\\/moncompte.actu.fr&quot;,&quot;category&quot;:&quot;mon compte&quot;,&quot;from&quot;:&quot;article footer&quot;,&quot;name&quot;:&quot;Mon actu&quot;,&quot;type&quot;:&quot;cta&quot;}}\" target=\"_blank\">Mon Actu<\/a>.<\/p>\n","protected":false},"excerpt":{"rendered":"Par In\u00e8s Cussac Publi\u00e9 le 19 ao\u00fbt 2025 \u00e0 11h57 Encore un petit peu\u2009? Alors que le calendrier&hellip;\n","protected":false},"author":2,"featured_media":329056,"comment_status":"","ping_status":"","sticky":false,"template":"","format":"standard","meta":{"footnotes":""},"categories":[1888],"tags":[11,1777,674,1011,27,5353,2381,12,626,25,104],"class_list":{"0":"post-329055","1":"post","2":"type-post","3":"status-publish","4":"format-standard","5":"has-post-thumbnail","7":"category-paris","8":"tag-actualites","9":"tag-eu","10":"tag-europe","11":"tag-fr","12":"tag-france","13":"tag-la-seine","14":"tag-mairie-de-paris","15":"tag-news","16":"tag-paris","17":"tag-republique-francaise","18":"tag-societe"},"share_on_mastodon":{"url":"https:\/\/pubeurope.com\/@fr\/115054864433397164","error":""},"_links":{"self":[{"href":"https:\/\/www.europesays.com\/fr\/wp-json\/wp\/v2\/posts\/329055","targetHints":{"allow":["GET"]}}],"collection":[{"href":"https:\/\/www.europesays.com\/fr\/wp-json\/wp\/v2\/posts"}],"about":[{"href":"https:\/\/www.europesays.com\/fr\/wp-json\/wp\/v2\/types\/post"}],"author":[{"embeddable":true,"href":"https:\/\/www.europesays.com\/fr\/wp-json\/wp\/v2\/users\/2"}],"replies":[{"embeddable":true,"href":"https:\/\/www.europesays.com\/fr\/wp-json\/wp\/v2\/comments?post=329055"}],"version-history":[{"count":0,"href":"https:\/\/www.europesays.com\/fr\/wp-json\/wp\/v2\/posts\/329055\/revisions"}],"wp:featuredmedia":[{"embeddable":true,"href":"https:\/\/www.europesays.com\/fr\/wp-json\/wp\/v2\/media\/329056"}],"wp:attachment":[{"href":"https:\/\/www.europesays.com\/fr\/wp-json\/wp\/v2\/media?parent=329055"}],"wp:term":[{"taxonomy":"category","embeddable":true,"href":"https:\/\/www.europesays.com\/fr\/wp-json\/wp\/v2\/categories?post=329055"},{"taxonomy":"post_tag","embeddable":true,"href":"https:\/\/www.europesays.com\/fr\/wp-json\/wp\/v2\/tags?post=329055"}],"curies":[{"name":"wp","href":"https:\/\/api.w.org\/{rel}","templated":true}]}}