{"id":329076,"date":"2025-08-19T10:16:10","date_gmt":"2025-08-19T10:16:10","guid":{"rendered":"https:\/\/www.europesays.com\/fr\/329076\/"},"modified":"2025-08-19T10:16:10","modified_gmt":"2025-08-19T10:16:10","slug":"will-skelton-nest-pas-pres-de-faire-son-retour-a-la-rochelle","status":"publish","type":"post","link":"https:\/\/www.europesays.com\/fr\/329076\/","title":{"rendered":"Will Skelton n&rsquo;est pas pr\u00e8s de faire son retour \u00e0 La Rochelle !"},"content":{"rendered":"<p>Le deuxi\u00e8me ligne Will Skelton est actuellement retenu avec l\u2019Australie pour le Rugby Championship.<\/p>\n<p>Le joueur du Stade Rochelais a d\u2019ailleurs particip\u00e9 \u00e0 l\u2019incroyable victoire remport\u00e9e par les Wallabies contre l\u2019Afrique du Sud, le week-end dernier, \u00e0 l\u2019occasion de la premi\u00e8re journ\u00e9e de la comp\u00e9tition.<\/p>\n<p>Interrog\u00e9 ce mardi, le solide deuxi\u00e8me ligne a indiqu\u00e9 s\u2019attendre \u00e0 affronter des Springboks r\u00e9volt\u00e9s, ce week-end.<\/p>\n<p><strong>Il se m\u00e9fie \u00e9norm\u00e9ment :<\/strong><\/p>\n<p>\u00ab Les mecs regardent d\u00e9j\u00e0 les vid\u00e9os, d\u00e9coupent tout, on sait ce qui va arriver. Ils vont revenir avec leur style, essayer de nous rentrer dedans cette semaine. Donc on devra \u00eatre pr\u00eats, refaire une grosse semaine de pr\u00e9paration et vraiment aller les chercher. <\/p>\n<p>On sait \u00e0 quel point les Springboks sont une grosse \u00e9quipe. Vous l\u2019avez vu, ces premi\u00e8res vingt minutes \u00e0 20-0 c\u2019est un sacr\u00e9 retard \u00e0 rattraper. Et la semaine prochaine, \u00e7a pourrait durer quarante minutes. On va devoir se pr\u00e9parer du mieux possible et vraiment se souder cette semaine. \u00bb<\/p>\n<p><strong>Questionn\u00e9 sur son retour \u00e0 La Rochelle, Will Skelton a expliqu\u00e9 que, pour le moment, sa priorit\u00e9 restait les Wallabies. Extrait:<\/strong><\/p>\n<p>\u00ab On a des discussions en cours sur ce que va donner le reste du Championship, mais on va r\u00e9fl\u00e9chir cette semaine, discuter avec le staff et voir ce qu\u2019on d\u00e9cide. \u00bb<\/p>\n<p>La Rochelle patientera donc encore avant de revoir son colosse sur la pelouse puisque son retour n\u2019est pas pr\u00e9vu pour tout de suite.<\/p>\n<p><strong>Pourra-t-il d\u00e9buter le Top 14 avec le Stade Rochelais ? Rien n\u2019est moins s\u00fbr !<\/strong><\/p>\n","protected":false},"excerpt":{"rendered":"Le deuxi\u00e8me ligne Will Skelton est actuellement retenu avec l\u2019Australie pour le Rugby Championship. Le joueur du Stade&hellip;\n","protected":false},"author":2,"featured_media":329077,"comment_status":"","ping_status":"","sticky":false,"template":"","format":"standard","meta":{"footnotes":""},"categories":[1416],"tags":[1011,27,479,1468,60],"class_list":{"0":"post-329076","1":"post","2":"type-post","3":"status-publish","4":"format-standard","5":"has-post-thumbnail","7":"category-rugby","8":"tag-fr","9":"tag-france","10":"tag-rugby","11":"tag-rugby-football","12":"tag-sports"},"share_on_mastodon":{"url":"https:\/\/pubeurope.com\/@fr\/115054915308887449","error":""},"_links":{"self":[{"href":"https:\/\/www.europesays.com\/fr\/wp-json\/wp\/v2\/posts\/329076","targetHints":{"allow":["GET"]}}],"collection":[{"href":"https:\/\/www.europesays.com\/fr\/wp-json\/wp\/v2\/posts"}],"about":[{"href":"https:\/\/www.europesays.com\/fr\/wp-json\/wp\/v2\/types\/post"}],"author":[{"embeddable":true,"href":"https:\/\/www.europesays.com\/fr\/wp-json\/wp\/v2\/users\/2"}],"replies":[{"embeddable":true,"href":"https:\/\/www.europesays.com\/fr\/wp-json\/wp\/v2\/comments?post=329076"}],"version-history":[{"count":0,"href":"https:\/\/www.europesays.com\/fr\/wp-json\/wp\/v2\/posts\/329076\/revisions"}],"wp:featuredmedia":[{"embeddable":true,"href":"https:\/\/www.europesays.com\/fr\/wp-json\/wp\/v2\/media\/329077"}],"wp:attachment":[{"href":"https:\/\/www.europesays.com\/fr\/wp-json\/wp\/v2\/media?parent=329076"}],"wp:term":[{"taxonomy":"category","embeddable":true,"href":"https:\/\/www.europesays.com\/fr\/wp-json\/wp\/v2\/categories?post=329076"},{"taxonomy":"post_tag","embeddable":true,"href":"https:\/\/www.europesays.com\/fr\/wp-json\/wp\/v2\/tags?post=329076"}],"curies":[{"name":"wp","href":"https:\/\/api.w.org\/{rel}","templated":true}]}}