{"id":329084,"date":"2025-08-19T10:21:11","date_gmt":"2025-08-19T10:21:11","guid":{"rendered":"https:\/\/www.europesays.com\/fr\/329084\/"},"modified":"2025-08-19T10:21:11","modified_gmt":"2025-08-19T10:21:11","slug":"il-faut-laisser-les-choses-se-faire-naturellement-avec-seixas-insiste-le-directeur-sportif-de-lequipe-de-france","status":"publish","type":"post","link":"https:\/\/www.europesays.com\/fr\/329084\/","title":{"rendered":"\u00ab\u00a0Il faut laisser les choses se faire naturellement avec Seixas\u00a0\u00bb, insiste le directeur sportif de l\u2019Equipe de France"},"content":{"rendered":"<p>Invit\u00e9 de \u00ab\u00a0Grand Plateau\u00a0\u00bb, le podcast v\u00e9lo de RMC, le directeur sportif de l&rsquo;\u00e9quipe de France Fran\u00e7ois Trarieux a livr\u00e9 ses derni\u00e8res impressions avant le d\u00e9part du Tour de l&rsquo;Avenir. Il s&rsquo;est dit \u00ab\u00a0confiant\u00a0\u00bb en les chances et le leadership de Paul Seixas, tout en insistant sur le fait de ne pas lui mettre trop de pression \u00e0 son \u00e2ge.<\/p>\n<p>Apr\u00e8s Tadej Pogacar, David Gaudu, Egan Bernal ou encore Isaac Del Toro, <a href=\"https:\/\/rmcsport.bfmtv.com\/cyclisme\/avec-paul-seixas-ils-imaginent-le-futur-bernard-hinault-sebastien-joly-directeur-sportif-a-decathlon-ag2r-detaille-les-ambitions-grandissantes-de-l-equipe_AV-202508090232.html\" title=\"&quot;Paul Seixas? Ni trop l&#039;exposer, ni trop le surprot\u00e9ger&quot;: S\u00e9bastien Joly, directeur sportif \u00e0 Decathlon-AG2R, d\u00e9taille les ambitions grandissantes de l&#039;\u00e9quipe\" class=\"internal_link\" rel=\"nofollow noopener\" target=\"_blank\">Paul Seixas<\/a> va-t-il inscrire son nom au palmar\u00e8s du Tour de l&rsquo;Avenir? C&rsquo;est la question que se posent tous les suiveurs du cyclisme alors que la course souvent pr\u00e9sent\u00e9e comme le Tour de France des moins de 23 ans d\u00e9bute ce samedi \u00e0 Tignes (du 23 au 29 ao\u00fbt).<\/p>\n<p>Probablement le mieux plac\u00e9 pour en parler, Fran\u00e7ois Trarieux, directeur sportif l&rsquo;\u00e9quipe de France, \u00e9tait l&rsquo;invit\u00e9 ce lundi de \u00ab\u00a0Grand Plateau\u00a0\u00bb, le podcast d\u00e9di\u00e9 au cyclisme de RMC. Pression d\u00e9mesur\u00e9e \u00e0 seulement 18 ans, <a href=\"https:\/\/rmcsport.bfmtv.com\/cyclisme\/un-peu-comme-pogacar-contre-vingegaard-pourquoi-le-duel-entre-seixas-et-widar-sur-le-tour-de-l-avenir-est-si-attendu_AV-202508180245.html\" title=\"&quot;Un peu comme Pogacar contre Vingegaard&quot;: pourquoi le duel entre Seixas et Widar sur le Tour de l&#039;Avenir est si attendu\" class=\"internal_link\" rel=\"nofollow noopener\" target=\"_blank\">duel attendu avec Jarno Widar<\/a>, cyclo-cross, \u00e9tat de forme&#8230; Le technicien fran\u00e7ais a \u00e9voqu\u00e9 tous les sujets \u00e0 seulement quelques jours de l&rsquo;\u00e9ch\u00e9ance.<\/p>\n<p><strong>\u00c0 l&rsquo;approche du d\u00e9but de ce Tour de l&rsquo;Avenir, il y a une petite effervescence qui monte, notamment gr\u00e2ce la pr\u00e9sence de Paul Seixas. Vous la ressentez en tant que s\u00e9lectionneur?<\/strong><\/p>\n<p>Pour l&rsquo;instant, je ne la ressens pas tellement parce qu&rsquo;on est un peu loin de la course. Chacun vaque \u00e0 ses occupations durant l&rsquo;\u00e9t\u00e9. Apr\u00e8s, forc\u00e9ment, \u00e7a fait parler parce que Paul, apr\u00e8s ce qu&rsquo;il a pu montrer sur le mois de juin au Dauphin\u00e9, cristallise pas mal d&rsquo;attentes.<\/p>\n<p>Forc\u00e9ment, avec une \u00e9dition o\u00f9 on va retrouver Jarno Widar qui \u00e9tait pass\u00e9 au travers l&rsquo;an dernier, \u00e7a annonce d\u00e9j\u00e0 un petit duel. Sans oublier tous les coureurs qui vont \u00eatre autour et qu&rsquo;il ne faut pas n\u00e9gliger.<\/p>\n<p><strong>Avant d&rsquo;\u00e9voquer les adversaires, parlons de l&rsquo;\u00e9quipe de France. C&rsquo;est une s\u00e9lection, donc les coureurs ne courent pas ensemble \u00e0 l&rsquo;ann\u00e9e. Comment allez-vous essayer de cr\u00e9er l&rsquo;alchimie entre ces jeunes?<\/strong><\/p>\n<p>L&rsquo;alchimie s&rsquo;est d\u00e9j\u00e0 mise en place sur les deux premi\u00e8res manches de la Coupe des Nations. Il y avait quasiment toute l&rsquo;\u00e9quipe \u00e0 part Paul Seixas et Antoine L&rsquo;Hote. Les coureurs se connaissent. Paul a quand m\u00eame un leadership naturel gr\u00e2ce \u00e0 ses r\u00e9sultats. Il arrive \u00e0 cr\u00e9er une osmose autour de lui.<\/p>\n<p><img decoding=\"async\" src=\"https:\/\/www.europesays.com\/fr\/wp-content\/uploads\/2025\/08\/principale-11_1.png\"  alt=\"Tour de l\u2019Avenir 2025 : Paul Seixas,\u00a0futur roi du peloton ?\" title=\"Tour de l\u2019Avenir 2025 : Paul Seixas,\u00a0futur roi du peloton ?\"\/>Tour de l\u2019Avenir 2025 : Paul Seixas,\u00a0futur roi du peloton ?<\/p>\n<p>On a plusieurs profils de coureurs qui connaissent aussi bien le plateau. La gestion des \u00e9motions va \u00eatre importante car c&rsquo;est un facteur cl\u00e9 sur le haut niveau et en particulier \u00e0 cet \u00e2ge-l\u00e0. Paul a pu d\u00e9montrer par le pass\u00e9, notamment chez les juniors, qu&rsquo;il arrivait \u00e0 tirer les gar\u00e7ons avec lui, pour pouvoir g\u00e9n\u00e9rer cette coh\u00e9sion. Les gar\u00e7ons vont se mettre au service de Paul quand il le faudra, comme Paul pourra aussi servir \u00e0 d&rsquo;autres pour pouvoir \u00e9ventuellement aller jouer leurs cartes sur certaines \u00e9tapes. C&rsquo;est tout l&rsquo;int\u00e9r\u00eat d&rsquo;avoir une \u00e9quipe homog\u00e8ne et qualitative.<\/p>\n<p><strong>On comprend que Paul Seixas sera le leader naturel. Vous l&rsquo;avez eu sous vos ordres en cyclo-cross. Quels souvenirs gardez-vous de cette p\u00e9riode?<\/strong><\/p>\n<p>Paul fait partie de toutes ces jeunes g\u00e9n\u00e9rations qui pratiquent plusieurs disciplines dans les jeunes cat\u00e9gories. Cela fait partie de leur bagage technique. Il est pass\u00e9 par diff\u00e9rents clubs qui proposaient l&rsquo;activit\u00e9 cyclo-cross et je pense que c&rsquo;est un \u00e9l\u00e9ment important. On voit que Paul est r\u00e9guli\u00e8rement plac\u00e9 \u00e0 l&rsquo;avant du peloton et est assez \u00e0 l&rsquo;aise pour pouvoir frotter.<\/p>\n<p><a href=\"https:\/\/rmc.bfmtv.com\/podcasts\/grand-plateau\/\" target=\"_blank\" class=\"external_link\" rel=\"nofollow noopener\">&gt;&gt; L&rsquo;int\u00e9gralit\u00e9 de l&rsquo;interview est \u00e0 \u00e9couter dans le podcast \u00ab\u00a0Grand Plateau\u00a0\u00bb<\/a><\/p>\n<p>Paul adore le cyclo-cross via sa formation. Mais, \u00e0 court voire moyen terme, il avait quelques lacunes sur le plan technique (et m\u00eame sur son profil physiologique) pour pouvoir y performer \u00e0 haut niveau. On avait beaucoup \u00e9chang\u00e9 apr\u00e8s sa saison de junior pour qu&rsquo;il puisse rapidement s&rsquo;orienter sur la route, se sp\u00e9cialiser et \u00e9ventuellement garder un peu le cyclo-cross \u00e0 long terme s&rsquo;il le veut en pr\u00e9paration.<\/p>\n<p><strong>Paul Seixas \u00e9tait attendu sur le Tour de l&rsquo;Ain et a d\u00fb d\u00e9clarer forfait pour cause de maladie. Comment va-t-il?<\/strong><\/p>\n<p>Il va bien. Il fait sa pr\u00e9paration. Il finalise \u00e7a comme il faut. Apr\u00e8s, je laisse aussi les coureurs se pr\u00e9parer de leur c\u00f4t\u00e9. Paul est quand m\u00eame tr\u00e8s sollicit\u00e9, on parle beaucoup de lui. Chacun y va de son avis. Donc l\u00e0-dessus, je le laisse.<\/p>\n<p>J&rsquo;ai crois\u00e9 son entra\u00eeneur aux Championnats de France de l&rsquo;avenir. On a pu \u00e9changer quant \u00e0 sa forme et j&rsquo;ai confiance en lui. Et puis on se conna\u00eet assez pour mettre \u00e7a en place quand il va arriver \u00e0 Tignes vendredi.<\/p>\n<p><strong>Justement, sur la pression, Paul Seixas est annonc\u00e9 comme le grand favori de ce Tour de l&rsquo;Avenir et beaucoup d&rsquo;attentes sont plac\u00e9es sur lui dans les prochaines ann\u00e9es. Comment g\u00e9rer tout \u00e7a?<\/strong><\/p>\n<p>Il y a forc\u00e9ment de l&rsquo;excitation autour de l&rsquo;\u00e9preuve et l&rsquo;arriv\u00e9e de Paul. Mais justement, il faut trouver le juste milieu et faire en sorte que le coureur et le jeune qu&rsquo;il est puissent arriver avec de la s\u00e9r\u00e9nit\u00e9 et respecter son cadre de pr\u00e9paration.<\/p>\n<p>Paul est un tr\u00e8s jeune coureur encore et il y a beaucoup d&rsquo;attentes autour de lui. Il fait partie des coureurs sur lesquels \u00e0 chaque \u00e9tape, on attendra \u00e0 chaque fois encore plus. Je pense qu&rsquo;il faut aussi laisser les choses se faire naturellement. C&rsquo;est normal d&rsquo;avoir cette motivation et cet entrain sur un Fran\u00e7ais qui arrive comme \u00e7a. Je ne suis pas l\u00e0 pour avoir un discours hyper protecteur parce que, de toute fa\u00e7on, le syst\u00e8me et l&rsquo;environnement font que Paul doit apprendre \u00e0 g\u00e9rer tout \u00e7a. Il y a une part d&rsquo;inn\u00e9 et une part de formation et d&rsquo;appr\u00e9hension.<\/p>\n<p>Mais je pense que le discours d&rsquo;ensemble doit \u00eatre assez apais\u00e9 autour de lui pour qu&rsquo;il soit dans un cadre \u00ab\u00a0\u00e9quipe de France\u00a0\u00bb. Il n&rsquo;est pas avec son \u00e9quipe professionnelle. Les attentes sont un peu diff\u00e9rentes dans le sens o\u00f9 il ne travaille pas avec les m\u00eames personnes, avec les m\u00eames moyens. L\u00e0, c&rsquo;est un objectif sportif. C&rsquo;est un point d&rsquo;\u00e9tape. Mais tr\u00e8s honn\u00eatement, si Paul Sexas ne gagne pas le Tour de l&rsquo;Avenir 2025, \u00e7a ne l&#8217;emp\u00eachera peut-\u00eatre pas de gagner le Tour de France. Aujourd&rsquo;hui, on a la preuve qu&rsquo;il y a plus de vainqueurs du Tour de l&rsquo;Avenir qui n&rsquo;ont pas gagn\u00e9 le Tour de France que l&rsquo;inverse. L&rsquo;\u00e9quation n&rsquo;est pas si simple que \u00e7a. Et puis le plateau des jeunes coureurs qui vont \u00eatre avec lui va faire que \u00e7a va \u00eatre un bon test.<\/p>\n<p><strong>Concernant le plateau, le duel annonc\u00e9 entre Paul Seixas et Jarno Widar fait parler. Le s\u00e9lectionneur belge <a href=\"https:\/\/rmcsport.bfmtv.com\/cyclisme\/un-peu-comme-pogacar-contre-vingegaard-pourquoi-le-duel-entre-seixas-et-widar-sur-le-tour-de-l-avenir-est-si-attendu_AV-202508180245.html\" title=\"&quot;Un peu comme Pogacar contre Vingegaard&quot;: pourquoi le duel entre Seixas et Widar sur le Tour de l&#039;Avenir est si attendu\" class=\"internal_link\" rel=\"nofollow noopener\" target=\"_blank\">Serge Pauwels les a compar\u00e9s au duel entre Pogacar et Vingegaard<\/a>. Est-ce que vous comprenez l&rsquo;image?<\/strong><\/p>\n<p>J&rsquo;ai bien lu sur l&rsquo;interview \u00e0 Serge Pauwels (aupr\u00e8s de <a href=\"https:\/\/www.directvelo.com\/actualite\/122444\/serge-pauwels-seixas-widar-un-peu-comme-pogacar-vingegaard\" target=\"_blank\" class=\"external_link\" rel=\"nofollow noopener\">Direct V\u00e9lo<\/a>, NDLR). C&rsquo;est une image qu&rsquo;il a pu avoir mais je ne suis pas forc\u00e9ment d&rsquo;accord. Cela reste des coureurs qui sont oppos\u00e9s ne serait-ce que dans le gabarit et dans la mani\u00e8re de courir. Pogacar a un style tr\u00e8s agressif, il est capable d&rsquo;attaquer \u00e0 n&rsquo;importe quel moment, alors que Vingegaard est habitu\u00e9 \u00e0 faire des gros trains avec la Visma et profiter ensuite du surnombre. Ce n&rsquo;est pas forc\u00e9ment ce qu&rsquo;on va retrouver sur le Tour de l&rsquo;Avenir.<\/p>\n<p>L&rsquo;\u00e9quipe de Jarno Widar n&rsquo;est peut-\u00eatre pas aussi forte que certaines ann\u00e9es, donc la comparaison est peut-\u00eatre un peu diff\u00e9rente. Il ne faut quand m\u00eame pas oublier que celui qui a gagn\u00e9 Baby Giro cette ann\u00e9e n&rsquo;est pas belge, il n&rsquo;est pas fran\u00e7ais, il est slov\u00e8ne. Il s&rsquo;appelle Jakob Omrzel et je me m\u00e9fie plus de lui que de Widar qui forc\u00e9ment stigmatise un petit peu les attentes parce qu&rsquo;on sait tr\u00e8s bien qu&rsquo;il fait partie aussi de cette jeune g\u00e9n\u00e9ration de coureurs belges qu&rsquo;on attend. Mais il ne faut quand m\u00eame pas oublier qu&rsquo;il y a d&rsquo;autres \u00e9quipes qui seront pr\u00e9sentes au d\u00e9part et qu&rsquo;on ne peut pas r\u00e9sumer \u00e0 la course \u00e0 deux coureurs parce que le plateau est quand m\u00eame relativement important.<\/p>\n<p>Les coureurs sont impatients d&rsquo;en d\u00e9coudre parce qu&rsquo;ils savent tr\u00e8s bien que la bataille va \u00eatre tr\u00e8s rude. Que ce soit Paul ou Jarno, je ne pense pas qu&rsquo;ils prennent le d\u00e9part de la course en \u00e9tant assur\u00e9s de terminer premier ou deuxi\u00e8me. Ils savent tr\u00e8s bien que tous les coureurs se pr\u00e9parent pour cette \u00e9preuve. Derri\u00e8re, il ne restera plus pour certains que <a href=\"https:\/\/rmcsport.bfmtv.com\/cyclisme\/championnats-du-monde\/cyclisme-on-connait-la-date-du-prochain-duel-entre-pogacar-et-vingegaard_AV-202508140517.html\" title=\"Cyclisme: on connait la date du prochain duel entre Pogacar et Vingegaard\" class=\"internal_link\" rel=\"nofollow noopener\" target=\"_blank\">les Championnats du monde \u00e0 Kigali<\/a>, \u00e9ventuellement les Championnats d&rsquo;Europe, mais \u00e7a reste leur objectif de la saison. C&rsquo;est pour \u00e7a que je pense que le niveau va \u00eatre tr\u00e8s resserr\u00e9 et qu&rsquo;il faudra quoiqu&rsquo;il arrive qu&rsquo;on ait un grand Paul pour aller s&rsquo;imposer au g\u00e9n\u00e9ral.<\/p>\n","protected":false},"excerpt":{"rendered":"Invit\u00e9 de \u00ab\u00a0Grand Plateau\u00a0\u00bb, le podcast v\u00e9lo de RMC, le directeur sportif de l&rsquo;\u00e9quipe de France Fran\u00e7ois Trarieux&hellip;\n","protected":false},"author":2,"featured_media":329085,"comment_status":"","ping_status":"","sticky":false,"template":"","format":"standard","meta":{"footnotes":""},"categories":[1411],"tags":[1154,207,1011,27,60],"class_list":{"0":"post-329084","1":"post","2":"type-post","3":"status-publish","4":"format-standard","5":"has-post-thumbnail","7":"category-cyclisme","8":"tag-cycling","9":"tag-cyclisme","10":"tag-fr","11":"tag-france","12":"tag-sports"},"share_on_mastodon":{"url":"https:\/\/pubeurope.com\/@fr\/115054935072059063","error":""},"_links":{"self":[{"href":"https:\/\/www.europesays.com\/fr\/wp-json\/wp\/v2\/posts\/329084","targetHints":{"allow":["GET"]}}],"collection":[{"href":"https:\/\/www.europesays.com\/fr\/wp-json\/wp\/v2\/posts"}],"about":[{"href":"https:\/\/www.europesays.com\/fr\/wp-json\/wp\/v2\/types\/post"}],"author":[{"embeddable":true,"href":"https:\/\/www.europesays.com\/fr\/wp-json\/wp\/v2\/users\/2"}],"replies":[{"embeddable":true,"href":"https:\/\/www.europesays.com\/fr\/wp-json\/wp\/v2\/comments?post=329084"}],"version-history":[{"count":0,"href":"https:\/\/www.europesays.com\/fr\/wp-json\/wp\/v2\/posts\/329084\/revisions"}],"wp:featuredmedia":[{"embeddable":true,"href":"https:\/\/www.europesays.com\/fr\/wp-json\/wp\/v2\/media\/329085"}],"wp:attachment":[{"href":"https:\/\/www.europesays.com\/fr\/wp-json\/wp\/v2\/media?parent=329084"}],"wp:term":[{"taxonomy":"category","embeddable":true,"href":"https:\/\/www.europesays.com\/fr\/wp-json\/wp\/v2\/categories?post=329084"},{"taxonomy":"post_tag","embeddable":true,"href":"https:\/\/www.europesays.com\/fr\/wp-json\/wp\/v2\/tags?post=329084"}],"curies":[{"name":"wp","href":"https:\/\/api.w.org\/{rel}","templated":true}]}}