{"id":329086,"date":"2025-08-19T10:22:13","date_gmt":"2025-08-19T10:22:13","guid":{"rendered":"https:\/\/www.europesays.com\/fr\/329086\/"},"modified":"2025-08-19T10:22:13","modified_gmt":"2025-08-19T10:22:13","slug":"lom-au-bord-de-limplosion-les-debuts-du-real-de-xabi-alonso-excitent-lespagne","status":"publish","type":"post","link":"https:\/\/www.europesays.com\/fr\/329086\/","title":{"rendered":"L\u2019OM au bord de l\u2019implosion, les d\u00e9buts du Real de Xabi Alonso excitent l\u2019Espagne"},"content":{"rendered":"<p>            L\u2019OM d\u00e9j\u00e0 en pleine crise<\/p>\n<p>L\u2019OM est au bord de l\u2019implosion. \u00ab Toujours \u00e9lectrique \u00bb titre l\u2019Equipe dans son \u00e9dition du jour, en effet apr\u00e8s la d\u00e9faite conc\u00e9d\u00e9 contre Rennes lors de la premi\u00e8re journ\u00e9e de <a href=\"https:\/\/www.footmercato.net\/france\/ligue-1\/\" rel=\"nofollow noopener\" target=\"_blank\">Ligue 1<\/a>, des altercations ont \u00e9clat\u00e9e dans les vestiaires, jusqu\u2019\u00e0 mener \u00e0 une confrontation physique entre <a href=\"https:\/\/www.footmercato.net\/joueur\/adrien-rabiot\/\" rel=\"nofollow noopener\" target=\"_blank\">Adrien Rabiot<\/a> et Jonathan Rowe, cibl\u00e9 par d\u2019autres cadres comme Geronimo Rulli apr\u00e8s le match. \u00ab Poings de divergence \u00bb titre m\u00eame le quotidien fran\u00e7ais dans ses pages int\u00e9rieures, on est g\u00e9n\u00e9ralement pas habitu\u00e9s au calme plat dans la cit\u00e9 phoc\u00e9enne, mais c\u2019est un d\u00e9but de saison bien mouvement\u00e9 apr\u00e8s un \u00e9t\u00e9 pourtant excitant. Si au d\u00e9part les \u00e9changes \u00e9taient verbaux, avec notamment des cadres de l\u2019\u00e9quipe comme Hojberg, Rulli ou m\u00eame le coach De Zerbi qui ont \u00e9lev\u00e9 la voix face \u00e0 la performance de l\u2019\u00e9quipe, Jonathan Rowe s\u2019est ru\u00e9 sur le milieu fran\u00e7ais pour lui ass\u00e9ner des coups. Un OM \u00ab sous tension \u00bb comme le placarde la Provence sur sa Une, l\u2019OM se met le feu, ajoute m\u00eame le journal dans ses colonnes, parlant m\u00eame d\u2019un v\u00e9ritable hara-kiri football club pour d\u00e9finir l\u2019OM, capable de se mettre soi-m\u00eame des b\u00e2tons dans les roues. Cette altercation muscl\u00e9e a valu aux deux joueurs un \u00e9cartement de l\u2019\u00e9quipe premi\u00e8re sans pour autant qu\u2019on en sache plus sur la dur\u00e9e de cette sanction, de quoi aussi encore plus jeter le voile sur l\u2019avenir de l\u2019ailier anglais. D\u00e9j\u00e0 en instance de d\u00e9part avant cet incident, Rowe devrait voir ailleurs rapidement tandis que Rabiot lui devrait \u00eatre r\u00e9int\u00e9gr\u00e9 avant le match contre le Paris FC ce week-end, un match \u00e0 gagner absolument pour \u00e9viter une crise sportive en plus de cela. <\/p>\n<p>            La suite apr\u00e8s cette publicit\u00e9<\/p>\n<p>        Les grands d\u00e9buts du Real madrid de Xabi Alonso<\/p>\n<p>Au <a href=\"https:\/\/www.footmercato.net\/club\/real-madrid\/\" rel=\"nofollow noopener\" target=\"_blank\">Real Madrid<\/a>, c\u2019est enfin la rentr\u00e9e ! \u00ab Les grands d\u00e9buts \u00bb pour Marca, le Real de <a href=\"https:\/\/www.footmercato.net\/entraineur\/xabier-alonso-olano\" rel=\"nofollow noopener\" target=\"_blank\">Xabi Alonso<\/a> va pouvoir montrer ce qu\u2019il vaut en Espagne apr\u00e8s une Coupe du Monde des clubs mi-figue mi-raisin. L\u2019occasion surtout d\u2019\u00e9tudier les 4 recrues du Real. Huijsen, Carreras, Alexander Arnold et Mastantuono figurent dans le groupe pour des d\u00e9buts anticip\u00e9s. \u00ab Un ma\u00eetre du jeu pour une nouvelle \u00e8re \u00bb s\u2019enflamme Marca, Xabi Alonso a fait les beaux jours du milieu du Real dans les ann\u00e9es 2010, on en attend beaucoup pour redonner vie \u00e0 une \u00e9quipe qui en manquait la saison derni\u00e8re. D\u2019ailleurs cette saison, c\u2019est aussi celle de Mbapp\u00e9, devant un exercice rempli de d\u00e9fi selon AS. Une saison \u00e0 rallonge avec la Coupe du Monde 2026 dans le viseur, d\u2019ailleurs l\u2019Equipe parle aussi de cette saison 2 pleine d\u2019ambition, R\u00e9alit\u00e9 augment\u00e9e pour l\u2019attaquant fran\u00e7ais qui doit maintenant faire ses stats, tout en gagnant. <\/p>\n<p>        Marcus Rashford a de grandes ambitions<\/p>\n<p>En Espagne <a href=\"https:\/\/www.footmercato.net\/joueur\/marcus-rashford\/\" rel=\"nofollow noopener\" target=\"_blank\">Marcus Rashford<\/a> fait part de ses grandes ambitions pour Sport. \u00ab Le Bar\u00e7a est pr\u00eat pour gagner la Ligue des champions \u00bb. Rien que \u00e7a. Pass\u00e9 tout pr\u00e8s d\u2019une qualification en finale la saison pass\u00e9e, c\u2019est l\u2019objectif principal du club catalan. D\u2019ailleurs, le joueur anglais s\u2019est confi\u00e9 sur son transfert : \u00ab Pour jouer mon meilleur football, je dois \u00eatre heureux \u00bb relaie le quotidien. Apr\u00e8s 20 minutes contre Majorque, il aura peut-\u00eatre plus de temps de jeu pour nous montrer son meilleur niveau, samedi contre Levante. <\/p>\n<p>\n    Pub. le 19\/08\/2025 10:12<br \/>\n            &#8211; MAJ le 19\/08\/2025 12:19\n    <\/p>\n","protected":false},"excerpt":{"rendered":"L\u2019OM d\u00e9j\u00e0 en pleine crise L\u2019OM est au bord de l\u2019implosion. \u00ab Toujours \u00e9lectrique \u00bb titre l\u2019Equipe dans&hellip;\n","protected":false},"author":2,"featured_media":329087,"comment_status":"","ping_status":"","sticky":false,"template":"","format":"standard","meta":{"footnotes":""},"categories":[1410],"tags":[63,1011,27,60],"class_list":{"0":"post-329086","1":"post","2":"type-post","3":"status-publish","4":"format-standard","5":"has-post-thumbnail","7":"category-football","8":"tag-football","9":"tag-fr","10":"tag-france","11":"tag-sports"},"share_on_mastodon":{"url":"https:\/\/pubeurope.com\/@fr\/115054938965737969","error":""},"_links":{"self":[{"href":"https:\/\/www.europesays.com\/fr\/wp-json\/wp\/v2\/posts\/329086","targetHints":{"allow":["GET"]}}],"collection":[{"href":"https:\/\/www.europesays.com\/fr\/wp-json\/wp\/v2\/posts"}],"about":[{"href":"https:\/\/www.europesays.com\/fr\/wp-json\/wp\/v2\/types\/post"}],"author":[{"embeddable":true,"href":"https:\/\/www.europesays.com\/fr\/wp-json\/wp\/v2\/users\/2"}],"replies":[{"embeddable":true,"href":"https:\/\/www.europesays.com\/fr\/wp-json\/wp\/v2\/comments?post=329086"}],"version-history":[{"count":0,"href":"https:\/\/www.europesays.com\/fr\/wp-json\/wp\/v2\/posts\/329086\/revisions"}],"wp:featuredmedia":[{"embeddable":true,"href":"https:\/\/www.europesays.com\/fr\/wp-json\/wp\/v2\/media\/329087"}],"wp:attachment":[{"href":"https:\/\/www.europesays.com\/fr\/wp-json\/wp\/v2\/media?parent=329086"}],"wp:term":[{"taxonomy":"category","embeddable":true,"href":"https:\/\/www.europesays.com\/fr\/wp-json\/wp\/v2\/categories?post=329086"},{"taxonomy":"post_tag","embeddable":true,"href":"https:\/\/www.europesays.com\/fr\/wp-json\/wp\/v2\/tags?post=329086"}],"curies":[{"name":"wp","href":"https:\/\/api.w.org\/{rel}","templated":true}]}}