{"id":329090,"date":"2025-08-19T10:24:18","date_gmt":"2025-08-19T10:24:18","guid":{"rendered":"https:\/\/www.europesays.com\/fr\/329090\/"},"modified":"2025-08-19T10:24:18","modified_gmt":"2025-08-19T10:24:18","slug":"en-design-comme-au-judo-on-ne-saffronte-pas-on-compose-liberation","status":"publish","type":"post","link":"https:\/\/www.europesays.com\/fr\/329090\/","title":{"rendered":"\u00abEn design comme au judo, on ne s\u2019affronte pas, on compose\u00bb \u2013 Lib\u00e9ration"},"content":{"rendered":"<p class=\"sc-ksZaOG ehjQrN text-element\">Sous un ciel d\u2019azur immacul\u00e9, les embruns d\u2019une mer Eg\u00e9e pourtant d\u2019huile saupoudrent la terrasse ombrag\u00e9e de Marc Held. L\u2019air triomphant sur sa chaise en osier, l\u2019embl\u00e9matique architecte et designer fran\u00e7ais des d\u00e9cennies 60, 70 et 80 accueille chez lui, \u00e0 Skopelos, une petite \u00eele grecque de l\u2019archipel des Sporades rendue fameuse pour avoir servi de d\u00e9cors \u00e0 certaines sc\u00e8nes du film Mamma Mia.<\/p>\n<p class=\"sc-ksZaOG ehjQrN text-element\">C\u2019est dans ce d\u00e9cor vert et montagneux, sorte de \u00abCorse miniature peupl\u00e9e de paysans et de p\u00eacheurs\u00bb comme il la d\u00e9crit, que le cr\u00e9ateur d\u2019objets du quotidien devenus cultes, parmi lesquels le fauteuil Culbuto ou le lit Prisunic, a \u00e9lu domicile il y a trente-six ans, remisant derri\u00e8re lui une vie parisienne fastueuse. Tutoyant les puissants, l\u2019architecte avant-gardiste et utopiste \u00e9tait devenu incontournable, l\u2019un des premiers cr\u00e9ateurs \u00e0 placer l\u2019\u00e9cologie au centre de ses \u0153uvres, usant de formes et de mat\u00e9riaux fonctionnels, loin des pr\u00e9occupations consum\u00e9ristes de l\u2019\u00e9poque. Sa derni\u00e8re r\u00e9alisation, une \u00e9cole maternelle au S\u00e9n\u00e9gal \u2013 pays o\u00f9 il vit cinq mois de l\u2019ann\u00e9e \u2013 inaugur\u00e9e en 2024, t\u00e9moigne de cette qu\u00eate de sens derri\u00e8re les objets et les b\u00e2timents. A bient\u00f4t 93 ans, pantalon blanc et \u00e9l\u00e9gante chemisette beige, le prolixe Marc Held, qui fut l\u2019un des plus jeunes r\u00e9sistants de France, consent volontiers dans la chaleur du mois de juillet grec \u00e0 \u00e9voquer une enfance o\u00f9, juif, il v\u00e9cut la Seconde Guerre mondiale dans sa chair, et sa brillante carri\u00e8re artistique marqu<\/p>\n","protected":false},"excerpt":{"rendered":"Sous un ciel d\u2019azur immacul\u00e9, les embruns d\u2019une mer Eg\u00e9e pourtant d\u2019huile saupoudrent la terrasse ombrag\u00e9e de Marc&hellip;\n","protected":false},"author":2,"featured_media":329091,"comment_status":"","ping_status":"","sticky":false,"template":"","format":"standard","meta":{"footnotes":""},"categories":[1358],"tags":[1348,1384,1385,413,1386,58,59,1011,27],"class_list":{"0":"post-329090","1":"post","2":"type-post","3":"status-publish","4":"format-standard","5":"has-post-thumbnail","7":"category-arts-et-design","8":"tag-arts","9":"tag-arts-and-design","10":"tag-arts-et-design","11":"tag-ca-va-mieux-lisant","12":"tag-design","13":"tag-divertissement","14":"tag-entertainment","15":"tag-fr","16":"tag-france"},"share_on_mastodon":{"url":"https:\/\/pubeurope.com\/@fr\/115054946998838752","error":""},"_links":{"self":[{"href":"https:\/\/www.europesays.com\/fr\/wp-json\/wp\/v2\/posts\/329090","targetHints":{"allow":["GET"]}}],"collection":[{"href":"https:\/\/www.europesays.com\/fr\/wp-json\/wp\/v2\/posts"}],"about":[{"href":"https:\/\/www.europesays.com\/fr\/wp-json\/wp\/v2\/types\/post"}],"author":[{"embeddable":true,"href":"https:\/\/www.europesays.com\/fr\/wp-json\/wp\/v2\/users\/2"}],"replies":[{"embeddable":true,"href":"https:\/\/www.europesays.com\/fr\/wp-json\/wp\/v2\/comments?post=329090"}],"version-history":[{"count":0,"href":"https:\/\/www.europesays.com\/fr\/wp-json\/wp\/v2\/posts\/329090\/revisions"}],"wp:featuredmedia":[{"embeddable":true,"href":"https:\/\/www.europesays.com\/fr\/wp-json\/wp\/v2\/media\/329091"}],"wp:attachment":[{"href":"https:\/\/www.europesays.com\/fr\/wp-json\/wp\/v2\/media?parent=329090"}],"wp:term":[{"taxonomy":"category","embeddable":true,"href":"https:\/\/www.europesays.com\/fr\/wp-json\/wp\/v2\/categories?post=329090"},{"taxonomy":"post_tag","embeddable":true,"href":"https:\/\/www.europesays.com\/fr\/wp-json\/wp\/v2\/tags?post=329090"}],"curies":[{"name":"wp","href":"https:\/\/api.w.org\/{rel}","templated":true}]}}