{"id":329094,"date":"2025-08-19T10:26:12","date_gmt":"2025-08-19T10:26:12","guid":{"rendered":"https:\/\/www.europesays.com\/fr\/329094\/"},"modified":"2025-08-19T10:26:12","modified_gmt":"2025-08-19T10:26:12","slug":"tout-beau-tout-9-danielle-moreau-fait-son-entree-dans-lequipe-de-hanouna-sur-w9","status":"publish","type":"post","link":"https:\/\/www.europesays.com\/fr\/329094\/","title":{"rendered":"\u00abTout beau, tout 9\u00bb: Danielle Moreau fait son entr\u00e9e dans l&rsquo;\u00e9quipe de Hanouna sur W9"},"content":{"rendered":"<p>Publi\u00e919. ao\u00fbt 2025, 11:25<\/p>\n<p>T\u00e9l\u00e9vision: Une chroniqueuse de \u00abTPMP\u00bb rejoint Hanouna sur W9<\/p>\n<p>L&rsquo;\u00e9quipe de \u00abTout beau, tout 9\u00bb est presque au complet avant le d\u00e9marrage de l&rsquo;\u00e9mission le 1\u1d49\u02b3 septembre.<\/p>\n<p><img decoding=\"async\" alt=\"Laurent Fl\u00fcckiger\" src=\"https:\/\/www.europesays.com\/fr\/wp-content\/uploads\/2025\/08\/52739cbc-6af1-4377-95a2-21e0b7106e8c.jpg\" class=\"sc-b1f21c84-1 juVSAe\"\/><img loading=\"lazy\" decoding=\"async\" src=\"https:\/\/www.europesays.com\/fr\/wp-content\/uploads\/2025\/08\/986be7a1-afd1-46af-880f-7056d3791363.jpg\" alt=\"\u00abTout beau, tout 9\u00bb sera diffus\u00e9 du lundi au vendredi \u00e0 18 h 45 d\u00e8s le 1er septembre sur W9.\" title=\"\u00abTout beau, tout 9\u00bb sera diffus\u00e9 du lundi au vendredi \u00e0 18 h 45 d\u00e8s le 1er septembre sur W9.\"  width=\"1200\" height=\"674\"\/><\/p>\n<p>\u00abTout beau, tout 9\u00bb sera diffus\u00e9 du lundi au vendredi \u00e0 18 h 45 d\u00e8s le 1er septembre sur W9.<\/p>\n<p>W9<\/p>\n<p>Moins de deux semaines avant son lancement sur W9, le 1\u1d49\u02b3 septembre, la nouvelle \u00e9mission de Cyril Hanouna s&rsquo;\u00e9toffe avec l&rsquo;arriv\u00e9e d&rsquo;une chroniqueuse bien connue des habitu\u00e9s de \u00abTouche pas \u00e0 mon poste\u00bb. \u00abTout beau, tout 9\u00bb comptera dans ses rangs Danielle Moreau. Celle-ci a \u00absubtilement\u00bb annonc\u00e9 sa pr\u00e9sence dans le talk-show de Baba avec une publication sur les r\u00e9seaux sociaux lors d&rsquo;une soir\u00e9e blanche \u00e0 Royan, sur la c\u00f4te Atlantique.<\/p>\n<p>\u00abBelle fin d\u2019\u00e9t\u00e9 et \u00e0 la rentr\u00e9e! Gr\u00e2ce \u00e0 Royan je serai toute belle toute neuve\u00bb, a-t-elle \u00e9crit, accompagn\u00e9 du hashtag TBT9, comme \u00abTout beau, tout 9\u00bb.<\/p>\n<p>Celle qui a offici\u00e9 aux c\u00f4t\u00e9s de St\u00e9phane Bern \u00e0 la radio dans les ann\u00e9es 2000 rejoint d&rsquo;autres anciens camarades de \u00abTPMP\u00bb d\u00e9j\u00e0 r\u00e9v\u00e9l\u00e9s par Cyril Hanouna: Raymond Aabou, Val\u00e9rie Bena\u00efm, G\u00e9raldine Maillet, Olivier Dartigolles,\u00a0Fabien Lecoeuvre et Michel Mary.<\/p>\n<p>Un chroniqueur ChatGPT<\/p>\n<p>\u00abPetite info, il y aura comme avant pour d\u00e9marrer neuf chroniqueurs \u00e0 la table. Parmi ces neuf, il y aura cinq \u00abanciens\u00bb et quatre nouveaux. Faites vos jeux\u00bb, avait \u00e9crit sur X l&rsquo;animateur le 3 ao\u00fbt. Pour les nouveaux, il avait cit\u00e9 l&rsquo;animateur de M6 et W9 J\u00e9r\u00f4me Anthony et un chroniqueur ChatGPT&#8230;<\/p>\n<p>Il y aura \u00abdes happenings, du d\u00e9bat, du people et on traitera \u00e9galement des faits divers\u00bb, a-t-il promis depuis \u00e0 propos de son \u00e9mission.<\/p>\n<p>\u00abTout beau, tout 9\u00bb sera diffus\u00e9 du lundi au vendredi \u00e0 18 h 45 d\u00e8s le 1er septembre sur W9. Avec une seule envie, dit la cha\u00eene: \u00abFaire rire, r\u00e9agir et rassembler.\u00bb<\/p>\n","protected":false},"excerpt":{"rendered":"Publi\u00e919. ao\u00fbt 2025, 11:25 T\u00e9l\u00e9vision: Une chroniqueuse de \u00abTPMP\u00bb rejoint Hanouna sur W9 L&rsquo;\u00e9quipe de \u00abTout beau, tout&hellip;\n","protected":false},"author":2,"featured_media":329095,"comment_status":"","ping_status":"","sticky":false,"template":"","format":"standard","meta":{"footnotes":""},"categories":[1356],"tags":[58,59,1011,27,252,1364],"class_list":{"0":"post-329094","1":"post","2":"type-post","3":"status-publish","4":"format-standard","5":"has-post-thumbnail","7":"category-television","8":"tag-divertissement","9":"tag-entertainment","10":"tag-fr","11":"tag-france","12":"tag-television","13":"tag-tv"},"share_on_mastodon":{"url":"https:\/\/pubeurope.com\/@fr\/115054954799269002","error":""},"_links":{"self":[{"href":"https:\/\/www.europesays.com\/fr\/wp-json\/wp\/v2\/posts\/329094","targetHints":{"allow":["GET"]}}],"collection":[{"href":"https:\/\/www.europesays.com\/fr\/wp-json\/wp\/v2\/posts"}],"about":[{"href":"https:\/\/www.europesays.com\/fr\/wp-json\/wp\/v2\/types\/post"}],"author":[{"embeddable":true,"href":"https:\/\/www.europesays.com\/fr\/wp-json\/wp\/v2\/users\/2"}],"replies":[{"embeddable":true,"href":"https:\/\/www.europesays.com\/fr\/wp-json\/wp\/v2\/comments?post=329094"}],"version-history":[{"count":0,"href":"https:\/\/www.europesays.com\/fr\/wp-json\/wp\/v2\/posts\/329094\/revisions"}],"wp:featuredmedia":[{"embeddable":true,"href":"https:\/\/www.europesays.com\/fr\/wp-json\/wp\/v2\/media\/329095"}],"wp:attachment":[{"href":"https:\/\/www.europesays.com\/fr\/wp-json\/wp\/v2\/media?parent=329094"}],"wp:term":[{"taxonomy":"category","embeddable":true,"href":"https:\/\/www.europesays.com\/fr\/wp-json\/wp\/v2\/categories?post=329094"},{"taxonomy":"post_tag","embeddable":true,"href":"https:\/\/www.europesays.com\/fr\/wp-json\/wp\/v2\/tags?post=329094"}],"curies":[{"name":"wp","href":"https:\/\/api.w.org\/{rel}","templated":true}]}}