{"id":329096,"date":"2025-08-19T10:27:10","date_gmt":"2025-08-19T10:27:10","guid":{"rendered":"https:\/\/www.europesays.com\/fr\/329096\/"},"modified":"2025-08-19T10:27:10","modified_gmt":"2025-08-19T10:27:10","slug":"je-ne-comprends-pas-lhomme-quil-est-devenu","status":"publish","type":"post","link":"https:\/\/www.europesays.com\/fr\/329096\/","title":{"rendered":"\u00abJe ne comprends pas l\u2019homme qu\u2019il est devenu\u00bb"},"content":{"rendered":"<p>Le rappeur de 41 ans, qui se produira jeudi au festival Rock en Seine, estime que son sulfureux confr\u00e8re a tenu des propos \u00abignobles\u00bb par le pass\u00e9.<\/p>\n<p class=\"fig-paragraph\">Dans deux jours, il fera chanter le public fran\u00e7ais lors du festival\u00a0<a href=\"http:\/\/www.lefigaro.fr\/musique\/le-rappeur-a-ap-rocky-fait-faux-bond-a-rock-en-seine-kid-cudi-le-remplace-20250704\" target=\"_blank\" data-fig-type=\"NewsFlash\" rel=\"noopener\" data-gtm-custom-categorie=\"navigation\" data-gtm-custom-action=\"crossclick\" data-gtm-custom-label=\"Contextuel\" data-gtm-event=\"customEventSPE\" data-fig-domain=\"LEFIGARO\">Rock en Seine<\/a>. Kid Cudi, poids lourds du rap am\u00e9ricain connu pour les titres Pursuit Of Happiness ou Mr.Rager, r\u00e9pondait la semaine pass\u00e9e aux questions de la cha\u00eene am\u00e9ricaine\u00a0<a href=\"https:\/\/www.youtube.com\/watch?v=D4yTd-scodE\" target=\"_blank\" rel=\"noopener\" data-gtm-custom-categorie=\"navigation\" data-gtm-custom-action=\"crossclick\" data-gtm-custom-label=\"Contextuel\" data-gtm-event=\"customEventSPE\">CBS<\/a>. Venu pr\u00e9senter ses m\u00e9moires (\u00e9crites \u00e0 41 ans\u00a0!), le musicien s\u2019est exprim\u00e9 \u00e0 cette occasion sur la relation qui le lie \u00e0 Kanye West. Plut\u00f4t, qui le liait.<\/p>\n<p class=\"fig-paragraph\">\u00ab\u00a0La libert\u00e9 que nous avons connue lorsque nous cr\u00e9ions, \u00e7a ne se reproduira plus jamais, vous savez\u00a0? Et c\u2019est le c\u00f4t\u00e9 d\u00e9chirant des choses\u00a0\u00bb, estime le rappeur originaire de l\u2019Ohio, qui a rencontr\u00e9 le succ\u00e8s avec Day\u2019\u00a0n\u2019\u00a0Nite. En 2008, cette chanson lui vaut d\u2019\u00eatre remarqu\u00e9 par\u00a0<a href=\"http:\/\/www.lefigaro.fr\/musique\/un-festival-slovaque-qui-devait-accueillir-kanye-west-a-ete-annule-en-raison-de-pression-mediatique-20250711\" target=\"_blank\" data-fig-type=\"NewsFlash\" rel=\"noopener\" data-gtm-custom-categorie=\"navigation\" data-gtm-custom-action=\"crossclick\" data-gtm-custom-label=\"Contextuel\" data-gtm-event=\"customEventSPE\" data-fig-domain=\"LEFIGARO\">Kanye West<\/a>, qui l\u2019invite \u00e0 enregistrer sur son label. Les deux hommes resserrent progressivement leurs liens artistiques, jusqu\u2019\u00e0 produire en duo un album en 2018, Kids See Ghosts.<\/p>\n<p>                                    <a class=\"fig-a11y-skip a11y-hidden\" href=\"#fig-a11y-skip-main-inarticle\"><br \/>\n        Passer la publicit\u00e9<br \/>\n    <\/a><\/p>\n<p>Propos \u00abdiaboliques\u00bb<\/p>\n<p class=\"fig-paragraph\">Depuis, Kid Cudi a eu le temps de d\u00e9chanter. En raison de divergences d\u2019ordre personnel, mais \u00e9galement des frasques de Kanye West, ancien prodige du rap et ex-\u00e9poux de\u00a0<a href=\"http:\/\/madame.lefigaro.fr\/celebrites\/actu-people\/ta-personnalite-n-est-plus-la-meme-kim-kardashian-en-larmes-dans-le-documentaire-choc-sur-kanye-west-20250814\" target=\"_blank\" data-fig-type=\"Article\" rel=\"noopener\" data-gtm-custom-categorie=\"navigation\" data-gtm-custom-action=\"crossclick\" data-gtm-custom-label=\"Contextuel\" data-gtm-event=\"customEventSPE\" data-fig-domain=\"MADAME\">Kim Kardashian<\/a>\u00a0devenu faiseur de pol\u00e9miques. Derni\u00e8re en date, la sortie d\u2019une chanson\u00a0<a href=\"http:\/\/www.lefigaro.fr\/culture\/une-chanson-de-kanye-west-a-la-gloire-d-adolf-hitler-ecoutee-des-millions-de-fois-sur-x-20250517\" target=\"_blank\" data-fig-type=\"NewsFlash\" rel=\"noopener\" data-gtm-custom-categorie=\"navigation\" data-gtm-custom-action=\"crossclick\" data-gtm-custom-label=\"Contextuel\" data-gtm-event=\"customEventSPE\" data-fig-domain=\"LEFIGARO\">glorifiant le nazisme<\/a>.<\/p>\n<p class=\"fig-paragraph\">Sur\u00a0<a href=\"http:\/\/www.lefigaro.fr\/medias\/trump-obtient-des-changements-editoriaux-chez-cbs-en-echange-du-feu-vert-au-rachat-de-paramount-20250725\" target=\"_blank\" data-fig-type=\"NewsFlash\" rel=\"noopener\" data-gtm-custom-categorie=\"navigation\" data-gtm-custom-action=\"crossclick\" data-gtm-custom-label=\"Contextuel\" data-gtm-event=\"customEventSPE\" data-fig-domain=\"LEFIGARO\">CBS<\/a>, son ex-compagnon de route s\u2019est plut\u00f4t attard\u00e9 sur des propos \u00ab\u00a0diaboliques, ignobles, d\u00e9rangeants et d\u00e9gueulasses\u00a0\u00bb que Kanye West aurait tenus sur Virgil Abloh. Le styliste et directeur artistique de Louis Vuitton homme,\u00a0<a href=\"https:\/\/www.lefigaro.fr\/industrie-mode\/mode-a-miami-l-hommage-poignant-a-virgil-abloh-20211201\" target=\"_blank\" data-fig-type=\"Article\" rel=\"noopener\" data-gtm-custom-categorie=\"navigation\" data-gtm-custom-action=\"crossclick\" data-gtm-custom-label=\"Contextuel\" data-gtm-event=\"customEventSPE\" data-fig-domain=\"LEFIGARO\">d\u00e9c\u00e9d\u00e9 en novembre 2021<\/a>.<\/p>\n<p class=\"fig-paragraph\">\u00ab\u00a0Je n\u2019ai pas eu le droit de m\u2019exprimer \u00e0 ses fun\u00e9railles et j\u2019\u00e9tais un peu en col\u00e8re \u00e0 cause de \u00e7a\u00a0\u00bb, expliquait West il y a trois ans \u00e0 l\u2019animateur\u00a0<a href=\"http:\/\/tvmag.lefigaro.fr\/programme-tv\/people\/je-ne-m-attendais-pas-a-celle-la-amelie-mauresmo-laisse-echapper-une-larme-face-a-mouloud-achour-20250522\" target=\"_blank\" data-fig-type=\"Article\" rel=\"noopener\" data-gtm-custom-categorie=\"navigation\" data-gtm-custom-action=\"crossclick\" data-gtm-custom-label=\"Contextuel\" data-gtm-event=\"customEventSPE\" data-fig-domain=\"TVMAG\">Mouloud Achour<\/a>, sur Canal +. Avant de s\u2019engouffrer dans des explications tortueuses sur des contrats manqu\u00e9s avec Louis Vuitton.<\/p>\n<p class=\"fig-body-link\">\n            \u00c0 lire aussi<br \/>\n        <a class=\"fig-body-link__link\" href=\"http:\/\/www.lefigaro.fr\/musique\/un-festival-slovaque-qui-devait-accueillir-kanye-west-a-ete-annule-en-raison-de-pression-mediatique-20250711\" target=\"_blank\" data-fig-type=\"NewsFlash\" rel=\"noopener\" data-gtm-custom-categorie=\"navigation\" data-gtm-custom-action=\"crossclick\" data-gtm-custom-label=\"Contextuel\" data-gtm-event=\"customEventSPE\" data-fig-domain=\"LEFIGARO\">Un festival slovaque qui devait accueillir Kanye West annul\u00e9 en raison de \u00abpression m\u00e9diatique\u00bb<br \/>\n    <\/a>\n<\/p>\n<p class=\"fig-paragraph\">\u00ab Chaque fois qu\u2019il critiquait Virgil, \u00e7a me mettait en col\u00e8re\u00a0\u00bb, affirme Kid Cudi aujourd\u2019hui.\u00a0Les deux hommes ont certes tent\u00e9 de renouer des liens amicaux. En vain. \u00ab Je l\u2019aimais vraiment, il a contribu\u00e9 \u00e0 changer ma vie. Mais l\u2019homme qu\u2019il est devenu, je ne le comprends plus. Je ne connais pas cette version de lui (&#8230;)\u00a0\u00bb, souffle\u00a0<a href=\"http:\/\/www.lefigaro.fr\/musique\/bouscule-pendant-un-concert-par-les-fans-de-kanye-west-kid-cudi-quitte-la-scene-20220725\" target=\"_blank\" data-fig-type=\"Article\" rel=\"noopener\" data-gtm-custom-categorie=\"navigation\" data-gtm-custom-action=\"crossclick\" data-gtm-custom-label=\"Contextuel\" data-gtm-event=\"customEventSPE\" data-fig-domain=\"LEFIGARO\">Kid Cudi<\/a>.<\/p>\n<p class=\"fig-paragraph\">Autrefois c\u00e9l\u00e9br\u00e9 pour son \u00e9criture musicale, Kanye West a multipli\u00e9 ces derni\u00e8res ann\u00e9es les d\u00e9clarations antis\u00e9mites. Le rappeur, qui d\u00e9voilera un documentaire autobiographique courant septembre aux \u00c9tats-Unis, a aussi soutenu le magnat du hip-hop P. Diddy, qui faisait face \u00e0 la justice. Sa seule date europ\u00e9enne de l\u2019\u00e9t\u00e9, en Slovaquie, a \u00e9t\u00e9 annul\u00e9e\u00a0<a href=\"http:\/\/www.lefigaro.fr\/musique\/un-festival-slovaque-qui-devait-accueillir-kanye-west-a-ete-annule-en-raison-de-pression-mediatique-20250711\" target=\"_blank\" data-fig-type=\"NewsFlash\" rel=\"noopener\" data-gtm-custom-categorie=\"navigation\" data-gtm-custom-action=\"crossclick\" data-gtm-custom-label=\"Contextuel\" data-gtm-event=\"customEventSPE\" data-fig-domain=\"LEFIGARO\">en raison de son apologie du nazisme<\/a>.<\/p>\n","protected":false},"excerpt":{"rendered":"Le rappeur de 41 ans, qui se produira jeudi au festival Rock en Seine, estime que son sulfureux&hellip;\n","protected":false},"author":2,"featured_media":329097,"comment_status":"","ping_status":"","sticky":false,"template":"","format":"standard","meta":{"footnotes":""},"categories":[1355],"tags":[58,59,1011,27,7361,1361,873,3616],"class_list":{"0":"post-329096","1":"post","2":"type-post","3":"status-publish","4":"format-standard","5":"has-post-thumbnail","7":"category-musique","8":"tag-divertissement","9":"tag-entertainment","10":"tag-fr","11":"tag-france","12":"tag-kanye-west","13":"tag-music","14":"tag-musique","15":"tag-rap"},"share_on_mastodon":{"url":"https:\/\/pubeurope.com\/@fr\/115054958593162100","error":""},"_links":{"self":[{"href":"https:\/\/www.europesays.com\/fr\/wp-json\/wp\/v2\/posts\/329096","targetHints":{"allow":["GET"]}}],"collection":[{"href":"https:\/\/www.europesays.com\/fr\/wp-json\/wp\/v2\/posts"}],"about":[{"href":"https:\/\/www.europesays.com\/fr\/wp-json\/wp\/v2\/types\/post"}],"author":[{"embeddable":true,"href":"https:\/\/www.europesays.com\/fr\/wp-json\/wp\/v2\/users\/2"}],"replies":[{"embeddable":true,"href":"https:\/\/www.europesays.com\/fr\/wp-json\/wp\/v2\/comments?post=329096"}],"version-history":[{"count":0,"href":"https:\/\/www.europesays.com\/fr\/wp-json\/wp\/v2\/posts\/329096\/revisions"}],"wp:featuredmedia":[{"embeddable":true,"href":"https:\/\/www.europesays.com\/fr\/wp-json\/wp\/v2\/media\/329097"}],"wp:attachment":[{"href":"https:\/\/www.europesays.com\/fr\/wp-json\/wp\/v2\/media?parent=329096"}],"wp:term":[{"taxonomy":"category","embeddable":true,"href":"https:\/\/www.europesays.com\/fr\/wp-json\/wp\/v2\/categories?post=329096"},{"taxonomy":"post_tag","embeddable":true,"href":"https:\/\/www.europesays.com\/fr\/wp-json\/wp\/v2\/tags?post=329096"}],"curies":[{"name":"wp","href":"https:\/\/api.w.org\/{rel}","templated":true}]}}