{"id":329098,"date":"2025-08-19T10:28:11","date_gmt":"2025-08-19T10:28:11","guid":{"rendered":"https:\/\/www.europesays.com\/fr\/329098\/"},"modified":"2025-08-19T10:28:11","modified_gmt":"2025-08-19T10:28:11","slug":"miracle-on-a-reussi-a-voir-papamobile-comedie-en-roue-libre-sabordee-par-ses-propres-distributeurs-telerama","status":"publish","type":"post","link":"https:\/\/www.europesays.com\/fr\/329098\/","title":{"rendered":"Miracle, on a r\u00e9ussi \u00e0 voir \u201cPapamobile\u201d, com\u00e9die en roue libre sabord\u00e9e par ses propres distributeurs &#8211; T\u00e9l\u00e9rama"},"content":{"rendered":"<ol>\n<li><a href=\"https:\/\/news.google.com\/rss\/articles\/CBMi3gFBVV95cUxNTmw2SGpBYnQ1UXpSbXpwWTNGb2ZWaXFuM3M0XzdpLWF5SFpmMENsWUdpLTNwZElMaEpMUzRtSHd3ZVlMQURlenJYNWlUOW5ReWxCMzRFVXBsUERoV0pEYnJyYnUxUkhKYWhiXzQwMXYtV2F6UjBlVkFvcWpXUWFPeGc1Tno4MnZ3dnlFX0V3bGIzTU4yb3JUaU56eEwxamp0aGtfaUYxazRVOWN2OWJZclN6VktBdDZxbnZpR1NrbzNYR3kyaEFIaEt5eXJzZnJJNFQ4QUotR1NOdmZrR0E?oc=5\" target=\"_blank\" rel=\"nofollow noopener\">Miracle, on a r\u00e9ussi \u00e0 voir \u201cPapamobile\u201d, com\u00e9die en roue libre sabord\u00e9e par ses propres distributeurs<\/a>&nbsp;&nbsp;T\u00e9l\u00e9rama<\/li>\n<li><a href=\"https:\/\/news.google.com\/rss\/articles\/CBMinwJBVV95cUxOSTZZMGszODhIa1Q5VXZzeTRFZ0tVR1Q2aGZmZ3QtNEJTUkZHaHZ1MGtlcDUtZ1Vtd25ReWt1Z0hlUDhsMUFGdXhucUNaaUJKT0ZQRWZmVjIwZjFPcUVpUHN5bV8xRzcyM1FPZ3VvNDMxVzRfazdRMDlBY3YwM3hUZEtlUlpqV3ZRcW1vOVgyYkNxekhXblFWVFpYNUMtRFNKcVl3OURPZkpudmNPdFNDRzFZM01yWThyZ3l1UTdMV1pqRkRGczRtNnYyeXpxX2tKaGNhOS1tQ2MyRVBBSWFtaERDMU9TWU14bWEwdVJRdjI3YzhlYVBGdW5mTzFiTGxRWk5PampoeGIyWW1nUVI1X0lrbk04NHFZaE4wVWlnaw?oc=5\" target=\"_blank\" rel=\"nofollow noopener\">\u00ab On a eu 7 personnes lors de la s\u00e9ance la plus remplie \u00bb : \u00e0 Romans-sur-Is\u00e8re, pas de miracle pour \u00ab Papamobile \u00bb<\/a>&nbsp;&nbsp;Le Parisien<\/li>\n<li><a href=\"https:\/\/news.google.com\/rss\/articles\/CBMi9wFBVV95cUxPc3RlZzM1WGRaLVRYLUN4SHRxXzR4X3RPWm5OcjJnWTZKTlI5bG9nYlU3OVRkOE0tOURrYjE2Yk95Z3lESEg2Ry16dDhRUUZhQlk5MFhfVUhNUnJUdWRnMmk1WFpRMW5qbTNULVBJTmdFeFhrWUg4NHRQbkN1SktIanRRU05NSWU3YXVRUEIxYUd5WTBrUE9Cd3F1ZTZDY1l6T0s2WllneV9wSldvX2RHbGZQVUZSc3M0eHpTbFJvc2lFSWFxMXNqNGNGeUpPQ1loT3VUYmYzcFB0TG9lckliNmZKT01DUEF6MERXRDN0YWs0cWU3b0tz?oc=5\" target=\"_blank\" rel=\"nofollow noopener\">Le film \u00ab rat\u00e9 \u00bb avec Kad Merad, d\u00e9programm\u00e9 partout en France, est \u00e0 voir \u00e0 Bagnoles-de-l&rsquo;Orne<\/a>&nbsp;&nbsp;Actu.fr<\/li>\n<li><a href=\"https:\/\/news.google.com\/rss\/articles\/CBMijAFBVV95cUxNS2VFRWdmSEZkdk1xRThhM1dySl93T2ZWMG54TmwzcFlTcTdDZHpXdjlUVzJIUjFzNkg2RndQQ1NzbWphaEFvQ0Rfa2FybWZqSDkxNi1IY0V1dUlHcWtCUk5WVFpHRjJWZkg1eTgzVV95UWlCdDRvM0VfbEZUMkNOckNlU3pudnVnbE42RA?oc=5\" target=\"_blank\" rel=\"nofollow noopener\">Cin\u00e9ma : Le pape Kad se prend une gamelle<\/a>&nbsp;&nbsp;Le Canard encha\u00een\u00e9<\/li>\n<li><a href=\"https:\/\/news.google.com\/rss\/articles\/CBMi-AFBVV95cUxOVDhPcFFGWml2NWlNaUU5dnVkYzQzUlF3bW1GUGVnLWg1N1lnWlZRa21QX2RBSFU5STBIVGY2MEYxdEduYzJzcFkwblZmYkNkMlM5aDNRYnNSTEhxb0IxRVFYTURuU05jaXJMMmpZaGVIbzNOd2NvcWFFVThTVXIwQW43RzB5ZTNob0hlbm5pX2o5Z3A1UE5lUk9qbVcxN3JIb21iX2VpdzJnTHlvYWJjQmk4SW5VQlJsWkp6UnFuREs0OW5ieFVKWENiQmtZSGlBV0x4Q3I3WG9aODEtM01Gbm9BcDRyRWxWZHphc2ppUGpoaFk0MjJoWg?oc=5\" target=\"_blank\" rel=\"nofollow noopener\">Dans les coulisses de \u00ab\u00a0Papamobile\u00a0\u00bb, com\u00e9die avec Kad Merad \u00ab\u00a0sabord\u00e9e\u00a0\u00bb par ses propres distributeurs<\/a>&nbsp;&nbsp;France Info<\/li>\n<\/ol>\n","protected":false},"excerpt":{"rendered":"Miracle, on a r\u00e9ussi \u00e0 voir \u201cPapamobile\u201d, com\u00e9die en roue libre sabord\u00e9e par ses propres distributeurs&nbsp;&nbsp;T\u00e9l\u00e9rama \u00ab On&hellip;\n","protected":false},"author":2,"featured_media":329099,"comment_status":"","ping_status":"","sticky":false,"template":"","format":"standard","meta":{"footnotes":""},"categories":[1354],"tags":[58,59,1346,1011,27,1360],"class_list":{"0":"post-329098","1":"post","2":"type-post","3":"status-publish","4":"format-standard","5":"has-post-thumbnail","7":"category-films","8":"tag-divertissement","9":"tag-entertainment","10":"tag-films","11":"tag-fr","12":"tag-france","13":"tag-movies"},"share_on_mastodon":{"url":"https:\/\/pubeurope.com\/@fr\/115054962670111093","error":""},"_links":{"self":[{"href":"https:\/\/www.europesays.com\/fr\/wp-json\/wp\/v2\/posts\/329098","targetHints":{"allow":["GET"]}}],"collection":[{"href":"https:\/\/www.europesays.com\/fr\/wp-json\/wp\/v2\/posts"}],"about":[{"href":"https:\/\/www.europesays.com\/fr\/wp-json\/wp\/v2\/types\/post"}],"author":[{"embeddable":true,"href":"https:\/\/www.europesays.com\/fr\/wp-json\/wp\/v2\/users\/2"}],"replies":[{"embeddable":true,"href":"https:\/\/www.europesays.com\/fr\/wp-json\/wp\/v2\/comments?post=329098"}],"version-history":[{"count":0,"href":"https:\/\/www.europesays.com\/fr\/wp-json\/wp\/v2\/posts\/329098\/revisions"}],"wp:featuredmedia":[{"embeddable":true,"href":"https:\/\/www.europesays.com\/fr\/wp-json\/wp\/v2\/media\/329099"}],"wp:attachment":[{"href":"https:\/\/www.europesays.com\/fr\/wp-json\/wp\/v2\/media?parent=329098"}],"wp:term":[{"taxonomy":"category","embeddable":true,"href":"https:\/\/www.europesays.com\/fr\/wp-json\/wp\/v2\/categories?post=329098"},{"taxonomy":"post_tag","embeddable":true,"href":"https:\/\/www.europesays.com\/fr\/wp-json\/wp\/v2\/tags?post=329098"}],"curies":[{"name":"wp","href":"https:\/\/api.w.org\/{rel}","templated":true}]}}