{"id":329104,"date":"2025-08-19T10:31:16","date_gmt":"2025-08-19T10:31:16","guid":{"rendered":"https:\/\/www.europesays.com\/fr\/329104\/"},"modified":"2025-08-19T10:31:16","modified_gmt":"2025-08-19T10:31:16","slug":"emmanuel-macron-a-bregancon-les-abdos-et-pectoraux-du-president-en-maillot-nont-pas-laisse-ce-specialiste-de-marbre","status":"publish","type":"post","link":"https:\/\/www.europesays.com\/fr\/329104\/","title":{"rendered":"Emmanuel Macron \u00e0 Br\u00e9gan\u00e7on : les abdos et pectoraux du Pr\u00e9sident en maillot n\u2019ont pas laiss\u00e9 ce sp\u00e9cialiste de marbre"},"content":{"rendered":"<p>Comme tout un chacun, Emmanuel Macron s\u2019est accord\u00e9 quelques<br \/>\nvacances. Alors qu\u2019il fait actuellement la une des m\u00e9dias suite \u00e0<br \/>\n<a class=\"qbe-widget\" href=\"https:\/\/www.closermag.fr\/politique\/emmanuel-macron-a-washington-le-president-francais-se-fait-remarquer-demblee-et-ce-nest-pas-tres-serieux-3571972\" target=\"_blank\" rel=\"noopener noreferrer nofollow\">sa derni\u00e8re rencontre<br \/>\navec Donald Trump<\/a> au <a class=\"qbe-widget\" href=\"https:\/\/www.closermag.fr\/politique\/pas-vous-volodymyr-zelenski-taille-un-costard-a-donald-trump-devant-les-journalistes-ca-parle-look-3571956\" target=\"_blank\" rel=\"noopener noreferrer nofollow\">sujet de la guerre en<br \/>\nUkraine,<\/a> cette fois-ci ce n\u2019est pas pour ses d\u00e9cisions<br \/>\npolitiques mais bel et bien pour son physique que le chef d\u2019\u00c9tat a<br \/>\nfait le buzz.<\/p>\n<p>Avant de se rendre \u00e0 Washington, le mari de Brigitte Macron a<br \/>\nfait une petite escale \u00e0 Br\u00e9gan\u00e7on, o\u00f9 il a l\u2019habitude de se rendre<br \/>\nen p\u00e9riode estivale. Mais une photo de lui d\u00e9nud\u00e9 a fait le buzz<br \/>\nsur la toile. Et personne n\u2019est rest\u00e9 indiff\u00e9rent.<\/p>\n<p>Emmanuel Macron divise la Toile avec ses abdos<\/p>\n<p>Comme tous les pr\u00e9sidents de la V\u1d49 R\u00e9publique, <a class=\"qbe-widget\" href=\"https:\/\/www.closermag.fr\/politique\/emmanuel-et-brigitte-macron-en-vacances-le-fort-de-bregancon-plus-une-prison-quun-palais-3569386\" target=\"_blank\" rel=\"noopener noreferrer nofollow\">Emmanuel Macron a rejoint<br \/>\nBr\u00e9gan\u00e7on<\/a> pour une pause estivale. Et pour faire face au soleil<br \/>\nde plomb, le mari de Brigitte Macron a la solution : une baignade<br \/>\nen mer depuis un bateau. Ni une, ni deux, il a fait tomber la<br \/>\nchemise pour se mettre en maillot de bain, sans se douter qu\u2019une<br \/>\nphoto allait fuiter. Sur les clich\u00e9s, on voit les abdos trac\u00e9s et<br \/>\nles pectoraux gonfl\u00e9s. Un d\u00e9tail qui n\u2019a pas \u00e9chapp\u00e9 \u00e0 <a class=\"qbe-widget\" href=\"https:\/\/www.closermag.fr\/people\/tibo-inshape-accuse-davoir-fait-passer-son-mariage-en-frais-de-societe-il-riposte-3571645\" target=\"_blank\" rel=\"noopener noreferrer nofollow\">TiboInShape, un sportif<br \/>\net cr\u00e9ateur de contenu<\/a> tr\u00e8s suivi sur les r\u00e9seaux sociaux. Il a<br \/>\nalors repartag\u00e9 la photo et salu\u00e9 le physique du Pr\u00e9sident de la<br \/>\nR\u00e9publique : \u201cPour son \u00e2ge et son m\u00e9tier, la shape est pas mal<br \/>\ndu tout\u201d, a-t-il \u00e9crit sur X.<\/p>\n<p>Cependant, son partage et son commentaire n\u2019ont pas vraiment plu<br \/>\naux internautes et beaucoup lui ont demand\u00e9 si ce post \u00e9tait un<br \/>\n\u00e9change de bons proc\u00e9d\u00e9s : \u201cTu prends combien la propagande ?\u201d<br \/>\n; \u201cVous avez pris combien pour ce post ?\u201d. Le sportif a<br \/>\nsimplement r\u00e9pondu par la n\u00e9gative \u00e0 ce commentaire : \u201cEst-ce<br \/>\nun post subventionn\u00e9 ? Ou tout autre terme commercial possible qui<br \/>\nimpliquerait de recevoir de l\u00a0\u00bbargent ou des avantages quels qu&rsquo;ils<br \/>\nsoient en \u00e9change d&rsquo;un poste command\u00e9 ou non ? D\u2019autres ont<br \/>\naffirm\u00e9 que <a class=\"qbe-widget\" href=\"https:\/\/www.closermag.fr\/people\/emmanuel-et-brigitte-macron-pectoraux-bombes-bronzage-et-filtre-cette-photo-un-peu-trop-retouchee-qui-surprend-3571111\" target=\"_blank\" rel=\"noopener noreferrer nofollow\">la photo \u00e9tait<br \/>\nretouch\u00e9e.<\/a><\/p>\n<blockquote class=\"twitter-tweet\"><p><a class=\"twitter-link\" rel=\"noindex, nofollow noopener\" href=\"https:\/\/twitter.com\/TiboInShape\/status\/1956779338860306753\/photo\/1\" target=\"_blank\"><br \/>\n<\/a><\/p><\/blockquote>\n<p>Brigitte et Emmanuel Macron : leurs<br \/>\nvacances \u00e0 Br\u00e9gan\u00e7on<\/p>\n<p>Pourtant, pendant <a class=\"qbe-widget\" href=\"https:\/\/www.closermag.fr\/politique\/emmanuel-et-brigitte-macron-ces-amenagements-faits-au-fort-de-bregancon-en-plus-de-la-piscine-a-34-000-euros-3569426\" target=\"_blank\" rel=\"noopener noreferrer nofollow\">leurs vacances \u00e0<br \/>\nBr\u00e9gan\u00e7on<\/a>, Brigitte et Emmanuel Macron n\u2019avaient pas du tout<br \/>\npr\u00e9vu de faire le buzz, bien au contraire ! Le Fort est \u00e0 l\u2019abri<br \/>\ndes regards, ce qui leur permet normalement de se d\u00e9tendre en toute<br \/>\ndiscr\u00e9tion.<\/p>\n<p>Cela ne veut pas non plus dire qu\u2019ils restent cach\u00e9s. Cette<br \/>\nann\u00e9e, ils se sont rendus \u00e0 la derni\u00e8re soir\u00e9e du festival de<br \/>\nRamatuelle puis au 81\u1d49 anniversaire de la lib\u00e9ration de<br \/>\nBormes-les-Mimosas.<\/p>\n<p><script async src=\"https:\/\/platform.twitter.com\/widgets.js\" charset=\"utf-8\"><\/script><\/p>\n","protected":false},"excerpt":{"rendered":"Comme tout un chacun, Emmanuel Macron s\u2019est accord\u00e9 quelques vacances. Alors qu\u2019il fait actuellement la une des m\u00e9dias&hellip;\n","protected":false},"author":2,"featured_media":329105,"comment_status":"","ping_status":"","sticky":false,"template":"","format":"standard","meta":{"footnotes":""},"categories":[8],"tags":[548,58,1073,59,1011,27],"class_list":{"0":"post-329104","1":"post","2":"type-post","3":"status-publish","4":"format-standard","5":"has-post-thumbnail","7":"category-divertissement","8":"tag-article-simple","9":"tag-divertissement","10":"tag-emmanuel-macron","11":"tag-entertainment","12":"tag-fr","13":"tag-france"},"share_on_mastodon":{"url":"https:\/\/pubeurope.com\/@fr\/115054974281012573","error":""},"_links":{"self":[{"href":"https:\/\/www.europesays.com\/fr\/wp-json\/wp\/v2\/posts\/329104","targetHints":{"allow":["GET"]}}],"collection":[{"href":"https:\/\/www.europesays.com\/fr\/wp-json\/wp\/v2\/posts"}],"about":[{"href":"https:\/\/www.europesays.com\/fr\/wp-json\/wp\/v2\/types\/post"}],"author":[{"embeddable":true,"href":"https:\/\/www.europesays.com\/fr\/wp-json\/wp\/v2\/users\/2"}],"replies":[{"embeddable":true,"href":"https:\/\/www.europesays.com\/fr\/wp-json\/wp\/v2\/comments?post=329104"}],"version-history":[{"count":0,"href":"https:\/\/www.europesays.com\/fr\/wp-json\/wp\/v2\/posts\/329104\/revisions"}],"wp:featuredmedia":[{"embeddable":true,"href":"https:\/\/www.europesays.com\/fr\/wp-json\/wp\/v2\/media\/329105"}],"wp:attachment":[{"href":"https:\/\/www.europesays.com\/fr\/wp-json\/wp\/v2\/media?parent=329104"}],"wp:term":[{"taxonomy":"category","embeddable":true,"href":"https:\/\/www.europesays.com\/fr\/wp-json\/wp\/v2\/categories?post=329104"},{"taxonomy":"post_tag","embeddable":true,"href":"https:\/\/www.europesays.com\/fr\/wp-json\/wp\/v2\/tags?post=329104"}],"curies":[{"name":"wp","href":"https:\/\/api.w.org\/{rel}","templated":true}]}}