{"id":329108,"date":"2025-08-19T10:33:11","date_gmt":"2025-08-19T10:33:11","guid":{"rendered":"https:\/\/www.europesays.com\/fr\/329108\/"},"modified":"2025-08-19T10:33:11","modified_gmt":"2025-08-19T10:33:11","slug":"a-partir-de-ce-mardi-des-sanctions-pour-les-constructeurs-sans-vehicule-de-remplacement","status":"publish","type":"post","link":"https:\/\/www.europesays.com\/fr\/329108\/","title":{"rendered":"A partir de ce mardi, des sanctions pour les constructeurs sans v\u00e9hicule de remplacement"},"content":{"rendered":"<p>Ce mardi marque le d\u00e9but de l\u2019application des sanctions contre les constructeurs <a href=\"https:\/\/www.20minutes.fr\/economie\/auto\/\" class=\"c-link c-link--is-underlined\" rel=\"nofollow noopener\" target=\"_blank\">automobiles <\/a>qui tardent \u00e0 remplacer les <a href=\"https:\/\/www.20minutes.fr\/auto\/airbags-takata\/\" class=\"c-link c-link--is-underlined\" rel=\"nofollow noopener\" target=\"_blank\">airbags Takata d\u00e9fectueux<\/a>. \u00c0 partir de ce jour, tout retard dans les r\u00e9parations de v\u00e9hicules plac\u00e9s sous \u00ab\u00a0stop drive\u00a0\u00bb pourra entra\u00eener une astreinte d\u2019un million d\u2019euros par semaine, a rappel\u00e9 le minist\u00e8re des Transports.<\/p>\n<p>Les airbags dangereux \u00e9tant remplac\u00e9s trop lentement et risquant de causer de nouvelles victimes, le gouvernement avait annonc\u00e9 fin juillet des mesures pour forcer les constructeurs \u00e0 acc\u00e9l\u00e9rer les r\u00e9parations sans p\u00e9naliser les clients. Les entreprises automobiles doivent proposer des \u00ab\u00a0solutions de mobilit\u00e9\u00a0\u00bb \u00e0 leurs clients immobilis\u00e9s plus de 15 jours par des airbags dangereux de marque Takata, comme le pr\u00eat d\u2019un v\u00e9hicule de remplacement, a indiqu\u00e9 mardi le minist\u00e8re des Transports.<\/p>\n<\/p>\n<p>Des airbags qui peuvent exploser<\/p>\n<p>A cause d\u2019un gaz qui vieillit mal, ces \u00e9quipements de s\u00e9curit\u00e9, cens\u00e9s prot\u00e9ger les passagers en cas de choc, peuvent exploser, notamment dans les climats chauds et humides, en projetant des pi\u00e8ces au visage des conducteurs. Les constructeurs doivent aussi proposer des rendez-vous de r\u00e9paration \u00e0 domicile, ou remorquer le v\u00e9hicule dangereux jusqu\u2019au garage.<\/p>\n<p>Quelque 1,7\u00a0million de v\u00e9hicules font actuellement l\u2019objet en France d\u2019un rappel \u00ab\u00a0stop drive\u00a0\u00bb, qui implique de ne plus rouler avant le remplacement (gratuit) des airbags du v\u00e9hicule. La plupart des constructeurs sont concern\u00e9s, de <a href=\"https:\/\/www.20minutes.fr\/dossier\/citroen\" class=\"c-link c-link--is-underlined\" rel=\"nofollow noopener\" target=\"_blank\">Citro\u00ebn<\/a> \u00e0 <a href=\"https:\/\/www.20minutes.fr\/economie\/volkswagen\/\" class=\"c-link c-link--is-underlined\" rel=\"nofollow noopener\" target=\"_blank\">Volkswagen <\/a>en passant par Mercedes, \u00e0 l\u2019exception du groupe <a href=\"https:\/\/www.20minutes.fr\/dossier\/renault\" class=\"c-link c-link--is-underlined\" rel=\"nofollow noopener\" target=\"_blank\">Renault<\/a> qui avait choisi une autre technologie. S\u2019ils n\u2019ont pas d\u00e9j\u00e0 \u00e9t\u00e9 contact\u00e9s par courrier, les automobilistes doivent v\u00e9rifier sur le site du constructeur de leur v\u00e9hicule si celui-ci est concern\u00e9, avec son num\u00e9ro VIN, indiqu\u00e9 sur la carte grise.<\/p>\n<p>Taux de r\u00e9paration de 40 \u00e0 90\u00a0%<\/p>\n<p>Mais les v\u00e9hicules concern\u00e9s et leurs propri\u00e9taires restent trop difficiles \u00e0 identifier, notamment \u00e0 cause des carences du fichier des immatriculations (SIV) \u00ab\u00a0qui ne permet pas de retrouver les propri\u00e9taires concern\u00e9s\u00a0\u00bb, selon un rapport publi\u00e9 mardi par l\u2019Inspection g\u00e9n\u00e9rale de l\u2019environnement et du d\u00e9veloppement durable (IGEDD). Plus de dix ans apr\u00e8s le d\u00e9but du scandale aux <a href=\"https:\/\/www.20minutes.fr\/monde\/etats-unis\/\" class=\"c-link c-link--is-underlined\" rel=\"nofollow noopener\" target=\"_blank\">Etats-Unis<\/a> et de nombreux accidents mortels, \u00ab\u00a0les rappels ne sont pas termin\u00e9s\u00a0\u00bb et \u00ab\u00a0un certain nombre de ruptures vont continuer \u00e0 se produire\u00a0\u00bb, ont alert\u00e9 les experts de l\u2019IGEDD lors d\u2019une conf\u00e9rence de presse.<\/p>\n<p><a href=\"https:\/\/www.20minutes.fr\/auto\/airbags-takata\/\" class=\"c-link c-btn c-btn--primary\" rel=\"nofollow noopener\" target=\"_blank\">Notre dossier sur les airbags Takate d\u00e9fectueux<\/a><\/p>\n<p>En m\u00e9tropole, les taux de r\u00e9paration n\u2019atteignent 90\u00a0% pour les meilleurs des constructeurs qu\u2019apr\u00e8s quatre ou cinq ans, tandis que d\u2019autres d\u00e9passent \u00e0 peine les 40\u00a0%, selon le rapport. Les constructeurs sont \u00e9galement tenus de lancer &#8211; pour l\u2019\u00e9quivalent de 5 euros par voiture tous les quatre mois &#8211; des campagnes \u00ab\u00a0r\u00e9guli\u00e8res\u00a0\u00bb \u00e0 la radio ou par affichage pour informer leurs clients, mais aussi \u00ab\u00a0des actions de prospection au porte-\u00e0-porte et de d\u00e9marchage de rue dans les d\u00e9partements et r\u00e9gions d\u2019Outre-mer\u00a0\u00bb, o\u00f9 les rappels patinent.<\/p>\n","protected":false},"excerpt":{"rendered":"Ce mardi marque le d\u00e9but de l\u2019application des sanctions contre les constructeurs automobiles qui tardent \u00e0 remplacer les&hellip;\n","protected":false},"author":2,"featured_media":329109,"comment_status":"","ping_status":"","sticky":false,"template":"","format":"standard","meta":{"footnotes":""},"categories":[6],"tags":[47,20849,646,35,7527,33,34,1011,27,4320,104,4752,7816],"class_list":{"0":"post-329108","1":"post","2":"type-post","3":"status-publish","4":"format-standard","5":"has-post-thumbnail","7":"category-economie","8":"tag-actualite","9":"tag-airbags-takata-defectueux","10":"tag-automobile","11":"tag-business","12":"tag-citroen","13":"tag-economie","14":"tag-economy","15":"tag-fr","16":"tag-france","17":"tag-mercedes","18":"tag-societe","19":"tag-voiture","20":"tag-volkswagen"},"share_on_mastodon":{"url":"https:\/\/pubeurope.com\/@fr\/115054982513478070","error":""},"_links":{"self":[{"href":"https:\/\/www.europesays.com\/fr\/wp-json\/wp\/v2\/posts\/329108","targetHints":{"allow":["GET"]}}],"collection":[{"href":"https:\/\/www.europesays.com\/fr\/wp-json\/wp\/v2\/posts"}],"about":[{"href":"https:\/\/www.europesays.com\/fr\/wp-json\/wp\/v2\/types\/post"}],"author":[{"embeddable":true,"href":"https:\/\/www.europesays.com\/fr\/wp-json\/wp\/v2\/users\/2"}],"replies":[{"embeddable":true,"href":"https:\/\/www.europesays.com\/fr\/wp-json\/wp\/v2\/comments?post=329108"}],"version-history":[{"count":0,"href":"https:\/\/www.europesays.com\/fr\/wp-json\/wp\/v2\/posts\/329108\/revisions"}],"wp:featuredmedia":[{"embeddable":true,"href":"https:\/\/www.europesays.com\/fr\/wp-json\/wp\/v2\/media\/329109"}],"wp:attachment":[{"href":"https:\/\/www.europesays.com\/fr\/wp-json\/wp\/v2\/media?parent=329108"}],"wp:term":[{"taxonomy":"category","embeddable":true,"href":"https:\/\/www.europesays.com\/fr\/wp-json\/wp\/v2\/categories?post=329108"},{"taxonomy":"post_tag","embeddable":true,"href":"https:\/\/www.europesays.com\/fr\/wp-json\/wp\/v2\/tags?post=329108"}],"curies":[{"name":"wp","href":"https:\/\/api.w.org\/{rel}","templated":true}]}}