{"id":329110,"date":"2025-08-19T10:34:15","date_gmt":"2025-08-19T10:34:15","guid":{"rendered":"https:\/\/www.europesays.com\/fr\/329110\/"},"modified":"2025-08-19T10:34:15","modified_gmt":"2025-08-19T10:34:15","slug":"quand-donald-trump-declare-sa-flamme-a-emmanuel-macron","status":"publish","type":"post","link":"https:\/\/www.europesays.com\/fr\/329110\/","title":{"rendered":"Quand Donald Trump d\u00e9clare sa flamme \u00e0 Emmanuel Macron"},"content":{"rendered":"<p>Apr\u00e8s les piques et les tensions, le retour de l\u2019affection\u00a0? Alors que <a href=\"https:\/\/www.20minutes.fr\/dossier\/donald_trump\" class=\"c-link c-link--is-underlined\" target=\"_blank\" rel=\"noopener\">Donald Trump<\/a> recevait <a href=\"https:\/\/www.20minutes.fr\/monde\/volodymyr-zelensky\/\" class=\"c-link c-link--is-underlined\" target=\"_blank\" rel=\"noopener\">Volodymyr Zelensky <\/a>et plusieurs dirigeants europ\u00e9ens <a href=\"https:\/\/www.20minutes.fr\/monde\/ukraine\/4168435-20250818-guerre-ukraine-zelensky-obtient-promesses-protection-trump-europeens-martelent-soutien\" class=\"c-link c-link--is-underlined\" target=\"_blank\" rel=\"noopener\">\u00e0 la Maison-Blanche ce lundi<\/a> pour \u00e9voquer la <a href=\"https:\/\/www.20minutes.fr\/monde\/ukraine\/\" class=\"c-link c-link--is-underlined\" target=\"_blank\" rel=\"noopener\">guerre en Ukraine<\/a>, le pr\u00e9sident am\u00e9ricain a chang\u00e9 ses habitudes en couvrant de compliments amicaux ses invit\u00e9s. <a href=\"https:\/\/www.20minutes.fr\/politique\/emmanuel-macron\/\" class=\"c-link c-link--is-underlined\" target=\"_blank\" rel=\"noopener\">Emmanuel Macron<\/a> a m\u00eame eu le droit \u00e0 une d\u00e9dicace personnalis\u00e9e, <a href=\"https:\/\/www.20minutes.fr\/monde\/etats-unis\/4158970-20250617-comprend-jamais-rien-pourquoi-donald-trump-tape-autant-emmanuel-macron\" class=\"c-link c-link--is-underlined\" target=\"_blank\" rel=\"noopener\">jurant avec les \u00e9changes peu aimables de ces derni\u00e8res semaines.<\/a><\/p>\n<\/p>\n<p>\u00ab\u00a0Tout le monde sait que je connais le pr\u00e9sident Macron depuis le d\u00e9but. C\u2019est la premi\u00e8re personne que j\u2019ai rencontr\u00e9e, en tant que dirigeant \u00e9tranger\u00a0\u00bb, a indiqu\u00e9 le milliardaire r\u00e9publicain, au cours d\u2019un tour de table de pr\u00e9sentation, selon les images en direct capt\u00e9es <a href=\"https:\/\/www.20minutes.fr\/monde\/etats-unis\/4166445-20250803-etats-unis-ancienne-presentatrice-fox-news-confirmee-comme-procureure-washington\" class=\"c-link c-link--is-underlined\" target=\"_blank\" rel=\"noopener\">par la cha\u00eene Fox News.<\/a> \u00ab\u00a0Je l\u2019ai aim\u00e9 d\u00e8s le premier jour, et je l\u2019aime encore plus aujourd\u2019hui\u00a0\u00bb, a-t-il ajout\u00e9, saluant une \u00ab\u00a0chose assez inhabituelle\u00a0\u00bb.<\/p>\n<p class=\"mb-xxl@xs color-ultramarine font-weight-semi-bold@xs font-source-serif-pro heading-s@xs\">L\u2019acc\u00e8s \u00e0 ce contenu a \u00e9t\u00e9 bloqu\u00e9 afin de respecter votre choix de consentement<\/p>\n<p class=\"mb-m@xs text-l@xs\">En cliquant sur\u00ab J\u2019accepte \u00bb, vous acceptez le d\u00e9p\u00f4t de cookies par des services externes et aurez ainsi acc\u00e8s aux contenus de nos partenaires.<\/p>\n<p class=\"mb-xl@xs text-s@xs\">Plus d\u2019informations sur la page<a href=\"https:\/\/www.20minutes.fr\/gestion-cookies\" class=\"mx-xxs@xs color-ultramarine\" target=\"_blank\" rel=\"noopener\">Politique de gestion des cookies<\/a><\/p>\n<p>J\u2019acceptePlusieurs moqueries r\u00e9centes<\/p>\n<p>Une d\u00e9claration accueillie d\u2019un sourire et d\u2019un contact sur le bras par le pr\u00e9sident fran\u00e7ais, assis \u00e0 sa droite. Le Premier ministre britannique <a href=\"https:\/\/www.20minutes.fr\/monde\/keir-starmer\/\" class=\"c-link c-link--is-underlined\" target=\"_blank\" rel=\"noopener\">Keir Starmer<\/a> et la Premi\u00e8re ministre italienne <a href=\"https:\/\/www.20minutes.fr\/monde\/giorgia-meloni\/\" class=\"c-link c-link--is-underlined\" target=\"_blank\" rel=\"noopener\">Giorgia Meloni,<\/a> pr\u00e9sents autour de la table, se sont \u00e9galement fendus d\u2019un rire.<\/p>\n<p><a href=\"https:\/\/www.20minutes.fr\/dossier\/donald_trump\" class=\"c-link c-btn c-btn--primary\" target=\"_blank\" rel=\"noopener\">Retrouvez ici tous nos articles sur Donald Trump<\/a><\/p>\n<p>Les derni\u00e8res sorties de Donald Trump auraient pourtant pu faire douter Emmanuel Macron de ce suppos\u00e9 \u00ab\u00a0amour au premier jour\u00a0\u00bb. Notamment un \u00ab\u00a0Emmanuel ne comprend jamais rien\u00a0\u00bb, un peu plus sec, prononc\u00e9 en juin dernier. Ou encore lorsqu\u2019il <a href=\"https:\/\/www.20minutes.fr\/monde\/etats-unis\/4153771-20250515-etats-unis-quand-trump-moque-france-accent-macron-devant-soldats\" class=\"c-link c-link--is-underlined\" target=\"_blank\" rel=\"noopener\">a imit\u00e9 un accent fran\u00e7ais, se moquant du chef de l\u2019Etat <\/a>dans un discours devant ses soldats, remixant au passage l\u2019histoire de la Seconde Guerre mondiale. Le pr\u00e9sident am\u00e9ricain l\u2019avait \u00e9galement accus\u00e9 de \u00ab\u00a0l\u00e9cher le cul\u00a0\u00bb du dirigeant chinois Xi Jinping et avait fustig\u00e9 sa \u00ab\u00a0stupidit\u00e9\u00a0\u00bb en juillet\u00a02019. Qui aime bien ch\u00e2tie bien\u00a0?<\/p>\n","protected":false},"excerpt":{"rendered":"Apr\u00e8s les piques et les tensions, le retour de l\u2019affection\u00a0? Alors que Donald Trump recevait Volodymyr Zelensky et&hellip;\n","protected":false},"author":2,"featured_media":329111,"comment_status":"","ping_status":"","sticky":false,"template":"","format":"standard","meta":{"footnotes":""},"categories":[5],"tags":[47,11,312,75,1073,73,1011,27,131,14,74,12,555,28],"class_list":{"0":"post-329110","1":"post","2":"type-post","3":"status-publish","4":"format-standard","5":"has-post-thumbnail","7":"category-international","8":"tag-actualite","9":"tag-actualites","10":"tag-diplomatie","11":"tag-donald-trump","12":"tag-emmanuel-macron","13":"tag-etats-unis","14":"tag-fr","15":"tag-france","16":"tag-guerre-en-ukraine","17":"tag-international","18":"tag-monde","19":"tag-news","20":"tag-union-europeenne-ue","21":"tag-world"},"share_on_mastodon":{"url":"https:\/\/pubeurope.com\/@fr\/115054986126199747","error":""},"_links":{"self":[{"href":"https:\/\/www.europesays.com\/fr\/wp-json\/wp\/v2\/posts\/329110","targetHints":{"allow":["GET"]}}],"collection":[{"href":"https:\/\/www.europesays.com\/fr\/wp-json\/wp\/v2\/posts"}],"about":[{"href":"https:\/\/www.europesays.com\/fr\/wp-json\/wp\/v2\/types\/post"}],"author":[{"embeddable":true,"href":"https:\/\/www.europesays.com\/fr\/wp-json\/wp\/v2\/users\/2"}],"replies":[{"embeddable":true,"href":"https:\/\/www.europesays.com\/fr\/wp-json\/wp\/v2\/comments?post=329110"}],"version-history":[{"count":0,"href":"https:\/\/www.europesays.com\/fr\/wp-json\/wp\/v2\/posts\/329110\/revisions"}],"wp:featuredmedia":[{"embeddable":true,"href":"https:\/\/www.europesays.com\/fr\/wp-json\/wp\/v2\/media\/329111"}],"wp:attachment":[{"href":"https:\/\/www.europesays.com\/fr\/wp-json\/wp\/v2\/media?parent=329110"}],"wp:term":[{"taxonomy":"category","embeddable":true,"href":"https:\/\/www.europesays.com\/fr\/wp-json\/wp\/v2\/categories?post=329110"},{"taxonomy":"post_tag","embeddable":true,"href":"https:\/\/www.europesays.com\/fr\/wp-json\/wp\/v2\/tags?post=329110"}],"curies":[{"name":"wp","href":"https:\/\/api.w.org\/{rel}","templated":true}]}}