{"id":329114,"date":"2025-08-19T10:36:14","date_gmt":"2025-08-19T10:36:14","guid":{"rendered":"https:\/\/www.europesays.com\/fr\/329114\/"},"modified":"2025-08-19T10:36:14","modified_gmt":"2025-08-19T10:36:14","slug":"un-animateur-de-centre-de-loisirs-mis-en-examen-pour-viol-et-agressions-sexuelles-sur-mineur","status":"publish","type":"post","link":"https:\/\/www.europesays.com\/fr\/329114\/","title":{"rendered":"un animateur de centre de loisirs mis en examen pour viol et agressions sexuelles sur mineur"},"content":{"rendered":"<p>Le jeune homme \u00e2g\u00e9 de 19 ans, animateur \u00abde mani\u00e8re r\u00e9currente\u00bb dans des centres de loisirs, \u00abprofitait des siestes des enfants pour filmer\u00bb des vid\u00e9os \u00ab\u00e0 caract\u00e8re pornographique\u00bb.<\/p>\n<p class=\"fig-paragraph\">Un animateur d&rsquo;un\u00a0<a href=\"http:\/\/www.lefigaro.fr\/flash-actu\/agressions-sexuelles-sur-mineurs-un-animateur-de-centre-de-loisirs-condamne-a-sept-ans-de-prison-20240913\" target=\"_blank\" data-fig-type=\"NewsFlash\" rel=\"noopener\" data-gtm-custom-categorie=\"navigation\" data-gtm-custom-action=\"crossclick\" data-gtm-custom-label=\"Contextuel\" data-gtm-event=\"customEventSPE\" data-fig-domain=\"LEFIGARO\">centre de loisirs<\/a>\u00a0en\u00a0<a href=\"http:\/\/www.lefigaro.fr\/faits-divers\/correze-un-pere-et-son-fils-interpelles-pour-avoir-accroche-a-leur-balcon-un-drapeau-avec-un-symbole-ss-20250818\" target=\"_blank\" data-fig-type=\"NewsFlash\" rel=\"noopener\" data-gtm-custom-categorie=\"navigation\" data-gtm-custom-action=\"crossclick\" data-gtm-custom-label=\"Contextuel\" data-gtm-event=\"customEventSPE\" data-fig-domain=\"LEFIGARO\">Corr\u00e8ze\u00a0<\/a>a \u00e9t\u00e9 mis en examen pour viol et agressions sexuelles sur mineur. Celui-ci avait \u00e9t\u00e9 \u00e9crou\u00e9 jeudi dernier, soup\u00e7onn\u00e9 d\u2019avoir r\u00e9alis\u00e9 des vid\u00e9os \u00ab\u00e0 caract\u00e8re pornographique\u00bb en filmant les enfants qu\u2019il gardait, a annonc\u00e9 le parquet.<\/p>\n<p class=\"fig-paragraph\">Ce jeune homme \u00e2g\u00e9 de 19 ans, animateur \u00abde mani\u00e8re r\u00e9currente\u00bb dans des centres de loisirs, \u00abprofitait des siestes des enfants pour filmer\u00bb, a pr\u00e9cis\u00e9 mardi une source proche de l&rsquo;enqu\u00eate, disant s&rsquo;attendre \u00e0 une \u00abpluralit\u00e9 de victimes\u00bb, dont des \u00abtout-petits\u00bb. Des parents ont d\u00e9pos\u00e9\u00a0<a href=\"http:\/\/www.lefigaro.fr\/faits-divers\/feminicide-en-bretagne-la-femme-tuee-par-son-ex-conjoint-avait-porte-plainte-a-deux-reprises-20250813\" target=\"_blank\" data-fig-type=\"NewsFlash\" rel=\"noopener\" data-gtm-custom-categorie=\"navigation\" data-gtm-custom-action=\"crossclick\" data-gtm-custom-label=\"Contextuel\" data-gtm-event=\"customEventSPE\" data-fig-domain=\"LEFIGARO\">plainte\u00a0<\/a>et cet animateur saisonnier du centre de loisirs, propri\u00e9t\u00e9 de la ville de Tulle et situ\u00e9 \u00e0 Laguenne-sur-Avalouze, a aussit\u00f4t \u00e9t\u00e9 \u00absuspendu \u00e0 titre conservatoire\u00bb, a fait savoir la mairie de Tulle dans un communiqu\u00e9.<\/p>\n<p>                                    <a class=\"fig-a11y-skip a11y-hidden\" href=\"#fig-a11y-skip-main-inarticle\"><br \/>\n        Passer la publicit\u00e9<br \/>\n    <\/a><\/p>\n<p>Plac\u00e9 en d\u00e9tention provisoire<\/p>\n<p class=\"fig-paragraph\">Plac\u00e9 en garde \u00e0 vue mardi dernier, il a \u00e9t\u00e9 mis en examen jeudi dernier pour \u00abviol sur mineur de 15 ans, agressions sexuelles sur mineur de 15 ans et captation de l&rsquo;image d&rsquo;un mineur pr\u00e9sentant un caract\u00e8re pornographique\u00bb et plac\u00e9 en d\u00e9tention provisoire, a d\u00e9clar\u00e9 ce lundi soir dans un communiqu\u00e9 Fran\u00e7ois Tessier, procureur de la R\u00e9publique \u00e0 Tulle, confirmant des informations de la radio Ici Limousin.<\/p>\n<p class=\"fig-paragraph\">L&rsquo;enqu\u00eate a \u00e9t\u00e9 confi\u00e9e \u00e0 la brigade de recherches de la gendarmerie de Tulle, avec le concours des enqu\u00eateurs de la Maison de la protection des familles. \u00abLes investigations vont d\u00e9sormais se poursuivre (&#8230;) sous le contr\u00f4le du magistrat instructeur, \u00e9tant rappel\u00e9 qu&rsquo;\u00e0 ce stade de la proc\u00e9dure, le mis en examen est pr\u00e9sum\u00e9 innocent\u00bb, a pr\u00e9cis\u00e9 le procureur.<\/p>\n<p class=\"fig-paragraph\">De son c\u00f4t\u00e9, la pr\u00e9fecture de la Corr\u00e8ze a annonc\u00e9 une enqu\u00eate administrative concernant le centre de loisirs du Chambon, \u00abafin d&rsquo;en v\u00e9rifier le fonctionnement\u00bb. La capacit\u00e9 d&rsquo;accueil de ce centre, ouvert aux enfants de 3 \u00e0 15 ans, est de 180 enfants.<\/p>\n","protected":false},"excerpt":{"rendered":"Le jeune homme \u00e2g\u00e9 de 19 ans, animateur \u00abde mani\u00e8re r\u00e9currente\u00bb dans des centres de loisirs, \u00abprofitait des&hellip;\n","protected":false},"author":2,"featured_media":329115,"comment_status":"","ping_status":"","sticky":false,"template":"","format":"standard","meta":{"footnotes":""},"categories":[2],"tags":[11,1401,8531,1011,27,12,1265],"class_list":{"0":"post-329114","1":"post","2":"type-post","3":"status-publish","4":"format-standard","5":"has-post-thumbnail","7":"category-actualites","8":"tag-actualites","9":"tag-agressions-sexuelles","10":"tag-correze","11":"tag-fr","12":"tag-france","13":"tag-news","14":"tag-viol"},"share_on_mastodon":{"url":"https:\/\/pubeurope.com\/@fr\/115054993983233039","error":""},"_links":{"self":[{"href":"https:\/\/www.europesays.com\/fr\/wp-json\/wp\/v2\/posts\/329114","targetHints":{"allow":["GET"]}}],"collection":[{"href":"https:\/\/www.europesays.com\/fr\/wp-json\/wp\/v2\/posts"}],"about":[{"href":"https:\/\/www.europesays.com\/fr\/wp-json\/wp\/v2\/types\/post"}],"author":[{"embeddable":true,"href":"https:\/\/www.europesays.com\/fr\/wp-json\/wp\/v2\/users\/2"}],"replies":[{"embeddable":true,"href":"https:\/\/www.europesays.com\/fr\/wp-json\/wp\/v2\/comments?post=329114"}],"version-history":[{"count":0,"href":"https:\/\/www.europesays.com\/fr\/wp-json\/wp\/v2\/posts\/329114\/revisions"}],"wp:featuredmedia":[{"embeddable":true,"href":"https:\/\/www.europesays.com\/fr\/wp-json\/wp\/v2\/media\/329115"}],"wp:attachment":[{"href":"https:\/\/www.europesays.com\/fr\/wp-json\/wp\/v2\/media?parent=329114"}],"wp:term":[{"taxonomy":"category","embeddable":true,"href":"https:\/\/www.europesays.com\/fr\/wp-json\/wp\/v2\/categories?post=329114"},{"taxonomy":"post_tag","embeddable":true,"href":"https:\/\/www.europesays.com\/fr\/wp-json\/wp\/v2\/tags?post=329114"}],"curies":[{"name":"wp","href":"https:\/\/api.w.org\/{rel}","templated":true}]}}