{"id":329116,"date":"2025-08-19T10:37:14","date_gmt":"2025-08-19T10:37:14","guid":{"rendered":"https:\/\/www.europesays.com\/fr\/329116\/"},"modified":"2025-08-19T10:37:14","modified_gmt":"2025-08-19T10:37:14","slug":"loire-56-km-de-course-poursuite-entre-saint-etienne-et-le-rhone","status":"publish","type":"post","link":"https:\/\/www.europesays.com\/fr\/329116\/","title":{"rendered":"Loire. 56\u00a0km de course-poursuite entre Saint-Etienne et le Rh\u00f4ne"},"content":{"rendered":"<p>Lundi matin, \u00e0 4 heures, la Brigade anticriminalit\u00e9 tente de contr\u00f4ler un v\u00e9hicule qui circule cours Fauriel \u00e0 Saint-Etienne en direction du rond-point. L\u2019automobiliste ne s\u2019arr\u00eate pas et prend \u00e0 vive allure la direction de Lyon. Une course-poursuite se met alors en place sur la RN88 puis l\u2019A47. Le fuyard atteindra la vitesse de 160\u00a0km\/h et coupera m\u00eame ses phares pour tenter de semer la BAC.<\/p>\n<p>Permis de conduire suspendu<\/p>\n<p>Au bout de 56\u00a0km, l\u2019homme, un habitant de la vall\u00e9e du Gier \u00e2g\u00e9 de 20 ans, termine sa course dans une impasse dans la commune rhodanienne d\u2019Irigny. Il est interpell\u00e9.<\/p>\n<p>Son permis \u00e9tait suspendu, son v\u00e9hicule pas assur\u00e9 et il conduisait avec 1,34 gramme d\u2019alcool dans le sang. Il a \u00e9t\u00e9 plac\u00e9 en garde \u00e0 vue et sera prochainement convoqu\u00e9 devant un juge.<\/p>\n<p>Dans le v\u00e9hicule, se trouvait \u00e0 ses c\u00f4t\u00e9s, une jeune femme que les policiers ont trouv\u00e9e en \u00e9tat de stress apr\u00e8s l\u2019\u00e9pisode qu\u2019elle venait de vivre.<\/p>\n","protected":false},"excerpt":{"rendered":"Lundi matin, \u00e0 4 heures, la Brigade anticriminalit\u00e9 tente de contr\u00f4ler un v\u00e9hicule qui circule cours Fauriel \u00e0&hellip;\n","protected":false},"author":2,"featured_media":329117,"comment_status":"","ping_status":"","sticky":false,"template":"","format":"standard","meta":{"footnotes":""},"categories":[9653],"tags":[1111,11,2430,271,272,7539,3154,1777,674,274,1011,27,26942,3367,12,25,2429,4001,7538],"class_list":{"0":"post-329116","1":"post","2":"type-post","3":"status-publish","4":"format-standard","5":"has-post-thumbnail","7":"category-saint-etienne","8":"tag-actu","9":"tag-actualites","10":"tag-auvergne-rhone-alpes","11":"tag-crime","12":"tag-delit-et-contravention","13":"tag-edition-loire-sud","14":"tag-edition-sud-lyonnais","15":"tag-eu","16":"tag-europe","17":"tag-faits-divers-justice","18":"tag-fr","19":"tag-france","20":"tag-irigny","21":"tag-loire","22":"tag-news","23":"tag-republique-francaise","24":"tag-rhone","25":"tag-saint-etienne","26":"tag-saint-etienne-ville"},"share_on_mastodon":{"url":"https:\/\/pubeurope.com\/@fr\/115054997878807573","error":""},"_links":{"self":[{"href":"https:\/\/www.europesays.com\/fr\/wp-json\/wp\/v2\/posts\/329116","targetHints":{"allow":["GET"]}}],"collection":[{"href":"https:\/\/www.europesays.com\/fr\/wp-json\/wp\/v2\/posts"}],"about":[{"href":"https:\/\/www.europesays.com\/fr\/wp-json\/wp\/v2\/types\/post"}],"author":[{"embeddable":true,"href":"https:\/\/www.europesays.com\/fr\/wp-json\/wp\/v2\/users\/2"}],"replies":[{"embeddable":true,"href":"https:\/\/www.europesays.com\/fr\/wp-json\/wp\/v2\/comments?post=329116"}],"version-history":[{"count":0,"href":"https:\/\/www.europesays.com\/fr\/wp-json\/wp\/v2\/posts\/329116\/revisions"}],"wp:featuredmedia":[{"embeddable":true,"href":"https:\/\/www.europesays.com\/fr\/wp-json\/wp\/v2\/media\/329117"}],"wp:attachment":[{"href":"https:\/\/www.europesays.com\/fr\/wp-json\/wp\/v2\/media?parent=329116"}],"wp:term":[{"taxonomy":"category","embeddable":true,"href":"https:\/\/www.europesays.com\/fr\/wp-json\/wp\/v2\/categories?post=329116"},{"taxonomy":"post_tag","embeddable":true,"href":"https:\/\/www.europesays.com\/fr\/wp-json\/wp\/v2\/tags?post=329116"}],"curies":[{"name":"wp","href":"https:\/\/api.w.org\/{rel}","templated":true}]}}