{"id":329118,"date":"2025-08-19T10:38:11","date_gmt":"2025-08-19T10:38:11","guid":{"rendered":"https:\/\/www.europesays.com\/fr\/329118\/"},"modified":"2025-08-19T10:38:11","modified_gmt":"2025-08-19T10:38:11","slug":"saint-etienne-a-18-ans-il-est-interpelle-a-chateaucreux-avec-13-grammes-de-ketamine","status":"publish","type":"post","link":"https:\/\/www.europesays.com\/fr\/329118\/","title":{"rendered":"Saint-\u00c9tienne. \u00c0 18 ans, il est interpell\u00e9 \u00e0 Chateaucreux avec 13 grammes de k\u00e9tamine"},"content":{"rendered":"<p>Dimanche \u00e0 19 heures, alors qu\u2019elle est en patrouille \u00e0 la gare de Chateaucreux, une \u00e9quipe de la section d\u2019intervention de la police nationale remarque deux jeunes hommes au comportement suspect.<\/p>\n<p>L\u2019un des deux prend la fuite \u00e0 la vue des agents qui le rattrapent. Sur lui, ils d\u00e9couvriront 13 grammes de k\u00e9tamine qu\u2019il tentait de dissimuler vers sa ceinture.<\/p>\n<p>Usage illicite de stup\u00e9fiants et r\u00e9bellion<\/p>\n<p>Le St\u00e9phanois, \u00e2g\u00e9 de 18 ans, a \u00e9t\u00e9 plac\u00e9 en garde \u00e0 vue et sera prochainement convoqu\u00e9 par un magistrat pour usage illicite de stup\u00e9fiants et r\u00e9bellion, car il a tent\u00e9 de repousser violemment les policiers. Le second, \u00e2g\u00e9 de 20 ans, n\u2019a fait l\u2019objet d\u2019aucune poursuite.<\/p>\n","protected":false},"excerpt":{"rendered":"Dimanche \u00e0 19 heures, alors qu\u2019elle est en patrouille \u00e0 la gare de Chateaucreux, une \u00e9quipe de la&hellip;\n","protected":false},"author":2,"featured_media":329119,"comment_status":"","ping_status":"","sticky":false,"template":"","format":"standard","meta":{"footnotes":""},"categories":[9653],"tags":[1111,11,2430,271,272,7539,1777,674,274,1011,27,3367,12,25,4001,7538],"class_list":{"0":"post-329118","1":"post","2":"type-post","3":"status-publish","4":"format-standard","5":"has-post-thumbnail","7":"category-saint-etienne","8":"tag-actu","9":"tag-actualites","10":"tag-auvergne-rhone-alpes","11":"tag-crime","12":"tag-delit-et-contravention","13":"tag-edition-loire-sud","14":"tag-eu","15":"tag-europe","16":"tag-faits-divers-justice","17":"tag-fr","18":"tag-france","19":"tag-loire","20":"tag-news","21":"tag-republique-francaise","22":"tag-saint-etienne","23":"tag-saint-etienne-ville"},"share_on_mastodon":{"url":"https:\/\/pubeurope.com\/@fr\/115055001970489403","error":""},"_links":{"self":[{"href":"https:\/\/www.europesays.com\/fr\/wp-json\/wp\/v2\/posts\/329118","targetHints":{"allow":["GET"]}}],"collection":[{"href":"https:\/\/www.europesays.com\/fr\/wp-json\/wp\/v2\/posts"}],"about":[{"href":"https:\/\/www.europesays.com\/fr\/wp-json\/wp\/v2\/types\/post"}],"author":[{"embeddable":true,"href":"https:\/\/www.europesays.com\/fr\/wp-json\/wp\/v2\/users\/2"}],"replies":[{"embeddable":true,"href":"https:\/\/www.europesays.com\/fr\/wp-json\/wp\/v2\/comments?post=329118"}],"version-history":[{"count":0,"href":"https:\/\/www.europesays.com\/fr\/wp-json\/wp\/v2\/posts\/329118\/revisions"}],"wp:featuredmedia":[{"embeddable":true,"href":"https:\/\/www.europesays.com\/fr\/wp-json\/wp\/v2\/media\/329119"}],"wp:attachment":[{"href":"https:\/\/www.europesays.com\/fr\/wp-json\/wp\/v2\/media?parent=329118"}],"wp:term":[{"taxonomy":"category","embeddable":true,"href":"https:\/\/www.europesays.com\/fr\/wp-json\/wp\/v2\/categories?post=329118"},{"taxonomy":"post_tag","embeddable":true,"href":"https:\/\/www.europesays.com\/fr\/wp-json\/wp\/v2\/tags?post=329118"}],"curies":[{"name":"wp","href":"https:\/\/api.w.org\/{rel}","templated":true}]}}