{"id":329122,"date":"2025-08-19T10:40:18","date_gmt":"2025-08-19T10:40:18","guid":{"rendered":"https:\/\/www.europesays.com\/fr\/329122\/"},"modified":"2025-08-19T10:40:18","modified_gmt":"2025-08-19T10:40:18","slug":"on-en-sait-plus-sur-les-circonstances-du-drame","status":"publish","type":"post","link":"https:\/\/www.europesays.com\/fr\/329122\/","title":{"rendered":"on en sait plus sur les circonstances du drame"},"content":{"rendered":"<p>            Par<br \/>\n        <strong><br \/>\n            <a href=\"https:\/\/actu.fr\/auteur\/emil-vautrin\" title=\"Consulter tous les articles de Emil Vautrin\" target=\"_blank\" rel=\"noopener\">Emil Vautrin<\/a><br \/>\n        <\/strong><\/p>\n<p>        Publi\u00e9 le<\/p>\n<p>            19 ao\u00fbt 2025 \u00e0 12h11        <\/p>\n<p>D\u2019apr\u00e8s des informations de <a href=\"https:\/\/c.estrepublicain.fr\/faits-divers-justice\/2025\/08\/17\/un-homme-de-37-ans-tue-au-couteau-lors-d-une-rixe-en-famille-apres-de-nancy\" target=\"_blank\" rel=\"noopener\">l\u2019Est R\u00e9publicain<\/a> confirm\u00e9es \u00e0 Lorraine Actu par le parquet, un homme a \u00e9t\u00e9<strong> tu\u00e9 ce samedi 16 ao\u00fbt<\/strong> dans la soir\u00e9e, suite \u00e0 une <strong>rixe au couteau<\/strong>, dans \u00ab\u00a0un <strong>contexte familial<\/strong>\u00ab\u00a0.<\/p>\n<p class=\" wall-content\">Il a \u00e9t\u00e9 retrouv\u00e9 sur le trottoir juste \u00e0 c\u00f4t\u00e9 du domicile du suspect.<\/p>\n<p class=\" wall-content\">Identit\u00e9 de la victime, profil du suspect et lien entre les deux\u2026 Nous en avons appris plus sur les <strong>circonstances du drame familial<\/strong>.<\/p>\n<p>Le beau-p\u00e8re, principal suspect<\/p>\n<p class=\" wall-content\">D\u2019apr\u00e8s les informations communiqu\u00e9es par le parquet,<strong> Tony M., r\u00e9sident \u00e0 Messein<\/strong> (<a href=\"https:\/\/actu.fr\/grand-est\/meurthe-et-moselle_54\" target=\"_blank\" rel=\"noopener\">Meurthe-et-Moselle<\/a>) a re\u00e7u un coup de couteau unique <strong>dans le thorax<\/strong>, port\u00e9 par son <strong>beau-p\u00e8re<\/strong>.<\/p>\n<p class=\" wall-content\">L\u2019homicide a eu lieu au domicile de ce dernier, et la<strong> compagne de la victime \u00e9tait \u00e9galement pr\u00e9sente<\/strong> sur les lieux.<\/p>\n<p>Le suspect plac\u00e9 en examen<\/p>\n<p class=\" wall-content\">Le beau-p\u00e8re, qui a \u00e9t\u00e9 d\u00e9f\u00e9r\u00e9 devant la <a href=\"https:\/\/actu.fr\/tag\/justice\" target=\"_blank\" rel=\"noopener\">justice<\/a> lundi 18 ao\u00fbt, a depuis \u00e9t\u00e9 <strong>mis en examen<\/strong> pour <a href=\"https:\/\/actu.fr\/tag\/meurtre\" target=\"_blank\" rel=\"noopener\">meurtre<\/a> et plac\u00e9 en <strong>d\u00e9tention provisoire<\/strong>.\u00a0<\/p>\n<p>Votre r\u00e9gion, votre actu !<\/p>\n<p>Recevez chaque jour les infos qui comptent pour vous.<\/p>\n<p>\t<a href=\"https:\/\/actu.fr\/newsletter\" class=\"ac-btn ac-btn--corner ac-btn--medium ac-btn--blue800\" target=\"_blank\" rel=\"noopener\">S&rsquo;incrire<\/a><\/p>\n<p class=\" wall-content\">Les raisons exactes de l\u2019affrontement ne sont pour l\u2019instant pas connues.<\/p>\n<p class=\" wall-content\">Personnalisez votre actualit\u00e9 en ajoutant vos villes et m\u00e9dias en favori avec <a href=\"https:\/\/moncompte.actu.fr\" title=\"D\u00e9couvez Mon Actu\" rel=\"nofollow noopener\" data-trk=\"{&quot;cta&quot;:{&quot;action&quot;:&quot;https:\\\/\\\/moncompte.actu.fr&quot;,&quot;category&quot;:&quot;mon compte&quot;,&quot;from&quot;:&quot;article footer&quot;,&quot;name&quot;:&quot;Mon actu&quot;,&quot;type&quot;:&quot;cta&quot;}}\" target=\"_blank\">Mon Actu<\/a>.<\/p>\n","protected":false},"excerpt":{"rendered":"Par Emil Vautrin Publi\u00e9 le 19 ao\u00fbt 2025 \u00e0 12h11 D\u2019apr\u00e8s des informations de l\u2019Est R\u00e9publicain confirm\u00e9es \u00e0&hellip;\n","protected":false},"author":2,"featured_media":327330,"comment_status":"","ping_status":"","sticky":false,"template":"","format":"standard","meta":{"footnotes":""},"categories":[9635],"tags":[1111,11,1777,674,118,1011,27,775,303,777,1702,12,25],"class_list":{"0":"post-329122","1":"post","2":"type-post","3":"status-publish","4":"format-standard","5":"has-post-thumbnail","7":"category-nancy","8":"tag-actu","9":"tag-actualites","10":"tag-eu","11":"tag-europe","12":"tag-faits-divers","13":"tag-fr","14":"tag-france","15":"tag-grand-est","16":"tag-justice","17":"tag-meurtre","18":"tag-nancy","19":"tag-news","20":"tag-republique-francaise"},"share_on_mastodon":{"url":"https:\/\/pubeurope.com\/@fr\/115055009795392996","error":""},"_links":{"self":[{"href":"https:\/\/www.europesays.com\/fr\/wp-json\/wp\/v2\/posts\/329122","targetHints":{"allow":["GET"]}}],"collection":[{"href":"https:\/\/www.europesays.com\/fr\/wp-json\/wp\/v2\/posts"}],"about":[{"href":"https:\/\/www.europesays.com\/fr\/wp-json\/wp\/v2\/types\/post"}],"author":[{"embeddable":true,"href":"https:\/\/www.europesays.com\/fr\/wp-json\/wp\/v2\/users\/2"}],"replies":[{"embeddable":true,"href":"https:\/\/www.europesays.com\/fr\/wp-json\/wp\/v2\/comments?post=329122"}],"version-history":[{"count":0,"href":"https:\/\/www.europesays.com\/fr\/wp-json\/wp\/v2\/posts\/329122\/revisions"}],"wp:featuredmedia":[{"embeddable":true,"href":"https:\/\/www.europesays.com\/fr\/wp-json\/wp\/v2\/media\/327330"}],"wp:attachment":[{"href":"https:\/\/www.europesays.com\/fr\/wp-json\/wp\/v2\/media?parent=329122"}],"wp:term":[{"taxonomy":"category","embeddable":true,"href":"https:\/\/www.europesays.com\/fr\/wp-json\/wp\/v2\/categories?post=329122"},{"taxonomy":"post_tag","embeddable":true,"href":"https:\/\/www.europesays.com\/fr\/wp-json\/wp\/v2\/tags?post=329122"}],"curies":[{"name":"wp","href":"https:\/\/api.w.org\/{rel}","templated":true}]}}