{"id":329123,"date":"2025-08-19T10:41:10","date_gmt":"2025-08-19T10:41:10","guid":{"rendered":"https:\/\/www.europesays.com\/fr\/329123\/"},"modified":"2025-08-19T10:41:10","modified_gmt":"2025-08-19T10:41:10","slug":"disparition-inquietante-dune-adolescente-de-15-ans-a-toulon-apres-avoir-fugue-dun-centre-daccueil","status":"publish","type":"post","link":"https:\/\/www.europesays.com\/fr\/329123\/","title":{"rendered":"Disparition inqui\u00e9tante d\u2019une adolescente de 15 ans \u00e0 Toulon apr\u00e8s avoir fugu\u00e9 d\u2019un centre d\u2019accueil"},"content":{"rendered":"<p>Une adolescente de 15 ans a disparu \u00e0 Toulon apr\u00e8s avoir fui un centre d\u2019accueil, sa famille est en d\u00e9tresse.<\/p>\n<p><img fetchpriority=\"high\" decoding=\"async\" width=\"1080\" height=\"1080\" alt=\"disparition adolescente Toulon fugue Clara Loubeyre\" title=\"disparition\" src=\"https:\/\/www.europesays.com\/fr\/wp-content\/uploads\/2025\/08\/disparition.jpg\" class=\"img-responsive wp-image-74099\"\/><\/p>\n<p>disparition adolescente Toulon\u2013 CREDIT : ARPD<\/p>\n<p data-start=\"106\" data-end=\"269\"><strong data-start=\"106\" data-end=\"269\">Clara Loubeyre, une adolescente de 15 ans, est port\u00e9e disparue depuis le 9 ao\u00fbt 2025 \u00e0 Toulon. Sa famille est extr\u00eamement inqui\u00e8te et lance un appel \u00e0 t\u00e9moins.<\/strong><\/p>\n<p data-start=\"271\" data-end=\"328\"><strong data-start=\"271\" data-end=\"328\">Une disparition survenue apr\u00e8s un trajet Paris-Toulon<\/strong><\/p>\n<p data-start=\"330\" data-end=\"721\">Clara Loubeyre, \u00e2g\u00e9e de \u2026<\/p>\n<p>Lire la suite dans l\u2019article <a href=\"https:\/\/www.varactu.fr\/disparition-inquietante-dune-adolescente-de-15-ans-a-toulon-apres-avoir-fugue-dun-centre-daccueil\/\" rel=\"nofollow noopener\" target=\"_blank\">Disparition inqui\u00e9tante d\u2019une adolescente de 15 ans \u00e0 Toulon apr\u00e8s avoir fugu\u00e9 d\u2019un centre d\u2019accueil<\/a> qui est apparu en premier sur <a href=\"https:\/\/www.varactu.fr\" rel=\"nofollow noopener\" target=\"_blank\">Var Actu<\/a>.<\/p>\n","protected":false},"excerpt":{"rendered":"Une adolescente de 15 ans a disparu \u00e0 Toulon apr\u00e8s avoir fui un centre d\u2019accueil, sa famille est&hellip;\n","protected":false},"author":2,"featured_media":329124,"comment_status":"","ping_status":"","sticky":false,"template":"","format":"standard","meta":{"footnotes":""},"categories":[9619],"tags":[1111,11,1777,674,1011,27,12,882,25,2310],"class_list":{"0":"post-329123","1":"post","2":"type-post","3":"status-publish","4":"format-standard","5":"has-post-thumbnail","7":"category-toulon","8":"tag-actu","9":"tag-actualites","10":"tag-eu","11":"tag-europe","12":"tag-fr","13":"tag-france","14":"tag-news","15":"tag-provence-alpes-cote-dazur","16":"tag-republique-francaise","17":"tag-toulon"},"share_on_mastodon":{"url":"https:\/\/pubeurope.com\/@fr\/115055013636729988","error":""},"_links":{"self":[{"href":"https:\/\/www.europesays.com\/fr\/wp-json\/wp\/v2\/posts\/329123","targetHints":{"allow":["GET"]}}],"collection":[{"href":"https:\/\/www.europesays.com\/fr\/wp-json\/wp\/v2\/posts"}],"about":[{"href":"https:\/\/www.europesays.com\/fr\/wp-json\/wp\/v2\/types\/post"}],"author":[{"embeddable":true,"href":"https:\/\/www.europesays.com\/fr\/wp-json\/wp\/v2\/users\/2"}],"replies":[{"embeddable":true,"href":"https:\/\/www.europesays.com\/fr\/wp-json\/wp\/v2\/comments?post=329123"}],"version-history":[{"count":0,"href":"https:\/\/www.europesays.com\/fr\/wp-json\/wp\/v2\/posts\/329123\/revisions"}],"wp:featuredmedia":[{"embeddable":true,"href":"https:\/\/www.europesays.com\/fr\/wp-json\/wp\/v2\/media\/329124"}],"wp:attachment":[{"href":"https:\/\/www.europesays.com\/fr\/wp-json\/wp\/v2\/media?parent=329123"}],"wp:term":[{"taxonomy":"category","embeddable":true,"href":"https:\/\/www.europesays.com\/fr\/wp-json\/wp\/v2\/categories?post=329123"},{"taxonomy":"post_tag","embeddable":true,"href":"https:\/\/www.europesays.com\/fr\/wp-json\/wp\/v2\/tags?post=329123"}],"curies":[{"name":"wp","href":"https:\/\/api.w.org\/{rel}","templated":true}]}}