{"id":329127,"date":"2025-08-19T10:43:15","date_gmt":"2025-08-19T10:43:15","guid":{"rendered":"https:\/\/www.europesays.com\/fr\/329127\/"},"modified":"2025-08-19T10:43:15","modified_gmt":"2025-08-19T10:43:15","slug":"victime-hors-de-danger-trois-des-mis-en-cause-en-detention-provisoire-ce-que-lon-sait-apres-la-violente-rixe-rue-de-la-loge-a-montpellier","status":"publish","type":"post","link":"https:\/\/www.europesays.com\/fr\/329127\/","title":{"rendered":"Victime hors de danger, trois des mis en cause en d\u00e9tention provisoire\u00a0: ce que l\u2019on sait apr\u00e8s la violente rixe rue de la Loge \u00e0 Montpellier"},"content":{"rendered":"<p>\n                                                                L\u2019enqu\u00eate de police se poursuit apr\u00e8s la sc\u00e8ne particuli\u00e8rement violente survenue jeudi 14\u00a0ao\u00fbt vers 2\u00a0h du matin en plein c\u0153ur de Montpellier.\n                            <\/p>\n<p>Une victime rou\u00e9e de coups au niveau du visage et atteinte par plusieurs coups de couteau sur le bas du corps\u00a0:<a href=\"https:\/\/www.midilibre.fr\/2025\/08\/14\/nuit-de-violence-en-plein-coeur-de-montpellier-un-jeune-grievement-blesse-a-coups-de-couteau-apres-une-rixe-entre-deux-groupes-12876042.php\" target=\"_blank\" rel=\"nofollow noopener\"> une sc\u00e8ne d\u2019une grande violence s\u2019\u00e9tait d\u00e9roul\u00e9e dans la nuit du 13 au 14\u00a0ao\u00fbt dernier <\/a>rue de la Loge, en plein c\u0153ur de Montpellier.<\/p>\n<p>Originaires de l\u2019Is\u00e8re<\/p>\n<p>Les policiers poursuivent leur enqu\u00eate sur la\u00a0rixe survenue vers 2\u00a0h\u00a015 entre deux groupes de jeunes, tous originaires de l\u2019Is\u00e8re, sur cet axe pi\u00e9ton tout proche de la place de la Com\u00e9die. <a href=\"https:\/\/www.midilibre.fr\/2025\/08\/14\/ce-sont-des-animaux-le-temoignage-glacant-dun-riverain-qui-a-filme-la-scene-de-violences-dans-le-centre-ville-de-montpellier-12876921.php\" target=\"_blank\" rel=\"nofollow noopener\">Des faits d\u00e9crits par un riverain comme \u00ab\u00a0d\u2019une violence folle\u00a0\u00bb.<\/a><\/p>\n<p>Le jeune homme violemment frapp\u00e9, et dont le pronostic vital \u00e9tait dans un premier temps engag\u00e9, est d\u00e9sormais hors de danger. Il a pu \u00eatre interrog\u00e9 lundi 18\u00a0ao\u00fbt par les enqu\u00eateurs.<\/p>\n<p>Les investigations en cours s\u2019appuient notamment sur l\u2019exploitation des images de la vid\u00e9o-protection urbaine.<\/p>\n<p>Deux fr\u00e8res, dont un mineur<\/p>\n<p>Les quatre mis en cause, interpell\u00e9s par la police place de la Com\u00e9die\u00a0moins de dix minutes apr\u00e8s les faits, sont deux fr\u00e8res, un majeur et un mineur \u00e2g\u00e9 de 17 ans, ainsi qu\u2019un autre jeune homme, tous trois plac\u00e9s en d\u00e9tention provisoire, ainsi qu\u2019une jeune femme, plac\u00e9e quant \u00e0 elle sous contr\u00f4le judiciaire. Tous sont d\u00e9j\u00e0 connus de la police.<\/p>\n","protected":false},"excerpt":{"rendered":"L\u2019enqu\u00eate de police se poursuit apr\u00e8s la sc\u00e8ne particuli\u00e8rement violente survenue jeudi 14\u00a0ao\u00fbt vers 2\u00a0h du matin en&hellip;\n","protected":false},"author":2,"featured_media":329128,"comment_status":"","ping_status":"","sticky":false,"template":"","format":"standard","meta":{"footnotes":""},"categories":[9599],"tags":[1111,11,1777,674,1011,27,2208,12,2680,25],"class_list":{"0":"post-329127","1":"post","2":"type-post","3":"status-publish","4":"format-standard","5":"has-post-thumbnail","7":"category-montpellier","8":"tag-actu","9":"tag-actualites","10":"tag-eu","11":"tag-europe","12":"tag-fr","13":"tag-france","14":"tag-montpellier","15":"tag-news","16":"tag-occitanie","17":"tag-republique-francaise"},"share_on_mastodon":{"url":"https:\/\/pubeurope.com\/@fr\/115055021523924899","error":""},"_links":{"self":[{"href":"https:\/\/www.europesays.com\/fr\/wp-json\/wp\/v2\/posts\/329127","targetHints":{"allow":["GET"]}}],"collection":[{"href":"https:\/\/www.europesays.com\/fr\/wp-json\/wp\/v2\/posts"}],"about":[{"href":"https:\/\/www.europesays.com\/fr\/wp-json\/wp\/v2\/types\/post"}],"author":[{"embeddable":true,"href":"https:\/\/www.europesays.com\/fr\/wp-json\/wp\/v2\/users\/2"}],"replies":[{"embeddable":true,"href":"https:\/\/www.europesays.com\/fr\/wp-json\/wp\/v2\/comments?post=329127"}],"version-history":[{"count":0,"href":"https:\/\/www.europesays.com\/fr\/wp-json\/wp\/v2\/posts\/329127\/revisions"}],"wp:featuredmedia":[{"embeddable":true,"href":"https:\/\/www.europesays.com\/fr\/wp-json\/wp\/v2\/media\/329128"}],"wp:attachment":[{"href":"https:\/\/www.europesays.com\/fr\/wp-json\/wp\/v2\/media?parent=329127"}],"wp:term":[{"taxonomy":"category","embeddable":true,"href":"https:\/\/www.europesays.com\/fr\/wp-json\/wp\/v2\/categories?post=329127"},{"taxonomy":"post_tag","embeddable":true,"href":"https:\/\/www.europesays.com\/fr\/wp-json\/wp\/v2\/tags?post=329127"}],"curies":[{"name":"wp","href":"https:\/\/api.w.org\/{rel}","templated":true}]}}