{"id":329131,"date":"2025-08-19T10:48:18","date_gmt":"2025-08-19T10:48:18","guid":{"rendered":"https:\/\/www.europesays.com\/fr\/329131\/"},"modified":"2025-08-19T10:48:18","modified_gmt":"2025-08-19T10:48:18","slug":"80-visages-80-histoires-raphael-quenard-make-grenoble-great-again","status":"publish","type":"post","link":"https:\/\/www.europesays.com\/fr\/329131\/","title":{"rendered":"80 visages, 80 histoires. Rapha\u00ebl Quenard : \u00ab\u00a0Make Grenoble great again\u00a0!\u00a0\u00bb"},"content":{"rendered":"<p>Quand il balance une de ses p\u00e9pites linguistiques, on le reconna\u00eet entre mille. Et quand on le lit, c\u2019est comme si on l\u2019entendait prononcer chaque mot. Avec son phras\u00e9 unique. Son accent qui n\u2019en est pas un. Cette gouaille qui a conquis le c\u0153ur des Fran\u00e7ais ces derni\u00e8res ann\u00e9es.<\/p>\n<p>\u00ab\u00a0\u00catre ici, c\u2019est un ravissement in\u00e9galable\u00a0\u00bb. Ici, c\u2019est chez lui, \u00e0 Gi\u00e8res, o\u00f9 on l\u2019a crois\u00e9 au c\u0153ur de la torpeur estivale, en pleine promotion de <a href=\"https:\/\/www.ledauphine.com\/culture-loisirs\/2025\/06\/06\/isere-raphael-quenard-en-dedicaces-a-grenoble-c-est-une-benediction-de-revenir-ici\" target=\"_blank\" rel=\"noopener\">son premier roman<\/a> Clamser \u00e0 Tataouine (\u00e9ditions Flammarion). Une&#8230;<\/p>\n","protected":false},"excerpt":{"rendered":"Quand il balance une de ses p\u00e9pites linguistiques, on le reconna\u00eet entre mille. Et quand on le lit,&hellip;\n","protected":false},"author":2,"featured_media":329132,"comment_status":"","ping_status":"","sticky":false,"template":"","format":"standard","meta":{"footnotes":""},"categories":[9566],"tags":[34254,1111,11,2430,650,1687,112,1777,674,107,1011,27,2731,2732,108,2410,12,25,4604,273],"class_list":{"0":"post-329131","1":"post","2":"type-post","3":"status-publish","4":"format-standard","5":"has-post-thumbnail","7":"category-grenoble","8":"tag-80-ans-du-dauphine-libere","9":"tag-actu","10":"tag-actualites","11":"tag-auvergne-rhone-alpes","12":"tag-cinema","13":"tag-culture-loisirs","14":"tag-edition-grenoble-agglomeration","15":"tag-eu","16":"tag-europe","17":"tag-fil-info","18":"tag-fr","19":"tag-france","20":"tag-grenoble","21":"tag-grenoble-bassin","22":"tag-isere","23":"tag-livres-bd","24":"tag-news","25":"tag-republique-francaise","26":"tag-selection-abonne","27":"tag-selection-de-la-redaction"},"share_on_mastodon":{"url":"https:\/\/pubeurope.com\/@fr\/115055041151375768","error":""},"_links":{"self":[{"href":"https:\/\/www.europesays.com\/fr\/wp-json\/wp\/v2\/posts\/329131","targetHints":{"allow":["GET"]}}],"collection":[{"href":"https:\/\/www.europesays.com\/fr\/wp-json\/wp\/v2\/posts"}],"about":[{"href":"https:\/\/www.europesays.com\/fr\/wp-json\/wp\/v2\/types\/post"}],"author":[{"embeddable":true,"href":"https:\/\/www.europesays.com\/fr\/wp-json\/wp\/v2\/users\/2"}],"replies":[{"embeddable":true,"href":"https:\/\/www.europesays.com\/fr\/wp-json\/wp\/v2\/comments?post=329131"}],"version-history":[{"count":0,"href":"https:\/\/www.europesays.com\/fr\/wp-json\/wp\/v2\/posts\/329131\/revisions"}],"wp:featuredmedia":[{"embeddable":true,"href":"https:\/\/www.europesays.com\/fr\/wp-json\/wp\/v2\/media\/329132"}],"wp:attachment":[{"href":"https:\/\/www.europesays.com\/fr\/wp-json\/wp\/v2\/media?parent=329131"}],"wp:term":[{"taxonomy":"category","embeddable":true,"href":"https:\/\/www.europesays.com\/fr\/wp-json\/wp\/v2\/categories?post=329131"},{"taxonomy":"post_tag","embeddable":true,"href":"https:\/\/www.europesays.com\/fr\/wp-json\/wp\/v2\/tags?post=329131"}],"curies":[{"name":"wp","href":"https:\/\/api.w.org\/{rel}","templated":true}]}}