{"id":329133,"date":"2025-08-19T10:49:11","date_gmt":"2025-08-19T10:49:11","guid":{"rendered":"https:\/\/www.europesays.com\/fr\/329133\/"},"modified":"2025-08-19T10:49:11","modified_gmt":"2025-08-19T10:49:11","slug":"ligue-2-les-arbitres-de-la-troisieme-journee-devoiles","status":"publish","type":"post","link":"https:\/\/www.europesays.com\/fr\/329133\/","title":{"rendered":"Ligue 2. Les arbitres de la troisi\u00e8me journ\u00e9e d\u00e9voil\u00e9s"},"content":{"rendered":"<p>La LFP a d\u00e9voil\u00e9 la liste des arbitres qui officieront \u00e0 l\u2019occasion des rencontres de la troisi\u00e8me journ\u00e9e de Ligue 2. <\/p>\n<p><strong>Amiens SC \u2013 FC Annecy (vendredi, 20h)<\/strong><br \/>Arbitre principal\u00a0: Geoffrey KUBLER<br \/>Arbitres assistants\u00a0: Fr\u00e9d\u00e9ric HEBRARD et Gr\u00e9goire VALLETEAU<\/p>\n<p><strong>Clermont Foot \u2013 Grenoble Foot 38 (vendredi, 20h)<\/strong><br \/>Arbitre principal\u00a0: Karim ABED<br \/>Arbitres assistants\u00a0: Romain GALIBERT et Nicolas RODRIGUES<\/p>\n<p><strong>USL Dunkerque \u2013 AS Nancy Lorraine (vendredi, 20h)<\/strong><br \/>Arbitre principal\u00a0: Pierre GAILLOUSTE<br \/>Arbitres assistants\u00a0: Laurent CONIGLIO et Camille SORIANO<\/p>\n<p><strong>Le Mans FC \u2013 SC Bastia (vendredi, 20h)<\/strong><br \/>Arbitre principal\u00a0: Thierry BOUILLE<br \/>Arbitres assistants\u00a0: Mohamed BENKEMOUCHE et Florent MARMION<\/p>\n<p><strong>Rodez AF \u2013 Stade Lavallois (vendredi, 20h)<\/strong><br \/>Arbitre principal\u00a0: Eddy ROSIER<br \/>Arbitres assistants\u00a0: Mehdi RAHMOUNI et Yann THENARD<\/p>\n<p><strong>EA Guingamp \u2013 Red Star FC (samedi, 14h)<\/strong><br \/>Arbitre principal\u00a0: Antoine VALVET<br \/>Arbitres assistants\u00a0: Quentin GUIDOU et Jean-Paul NEVES GOUVEIA<\/p>\n<p><strong>ESTAC Troyes \u2013 Montpellier HSC (samedi, 14h)<\/strong><br \/>Arbitre principal\u00a0: Aur\u00e9lien PETIT<br \/>Arbitres assistants\u00a0: Vianney ROZAND et Matthieu BONNETIN<\/p>\n<p><strong>US Boulogne CO \u2013 AS Saint-Etienne (samedi, 20h)<\/strong><br \/>Arbitre principal\u00a0: \u00e0 venir<br \/>Arbitres assistants\u00a0: \u00e0 venir<\/p>\n<p><strong>Pau FC \u2013 Stade de Reims (lundi, 20h45)<\/strong><br \/>Arbitre principal\u00a0: Ahmed TALEB<br \/>Arbitres assistants\u00a0: Ga\u00ebtan KORBAS et Loris LEPORATI\u00a0<\/p>\n","protected":false},"excerpt":{"rendered":"La LFP a d\u00e9voil\u00e9 la liste des arbitres qui officieront \u00e0 l\u2019occasion des rencontres de la troisi\u00e8me journ\u00e9e&hellip;\n","protected":false},"author":2,"featured_media":46081,"comment_status":"","ping_status":"","sticky":false,"template":"","format":"standard","meta":{"footnotes":""},"categories":[9566],"tags":[1111,11,2430,1777,674,1011,27,2731,12,25],"class_list":{"0":"post-329133","1":"post","2":"type-post","3":"status-publish","4":"format-standard","5":"has-post-thumbnail","7":"category-grenoble","8":"tag-actu","9":"tag-actualites","10":"tag-auvergne-rhone-alpes","11":"tag-eu","12":"tag-europe","13":"tag-fr","14":"tag-france","15":"tag-grenoble","16":"tag-news","17":"tag-republique-francaise"},"share_on_mastodon":{"url":"https:\/\/pubeurope.com\/@fr\/115055045085478653","error":""},"_links":{"self":[{"href":"https:\/\/www.europesays.com\/fr\/wp-json\/wp\/v2\/posts\/329133","targetHints":{"allow":["GET"]}}],"collection":[{"href":"https:\/\/www.europesays.com\/fr\/wp-json\/wp\/v2\/posts"}],"about":[{"href":"https:\/\/www.europesays.com\/fr\/wp-json\/wp\/v2\/types\/post"}],"author":[{"embeddable":true,"href":"https:\/\/www.europesays.com\/fr\/wp-json\/wp\/v2\/users\/2"}],"replies":[{"embeddable":true,"href":"https:\/\/www.europesays.com\/fr\/wp-json\/wp\/v2\/comments?post=329133"}],"version-history":[{"count":0,"href":"https:\/\/www.europesays.com\/fr\/wp-json\/wp\/v2\/posts\/329133\/revisions"}],"wp:featuredmedia":[{"embeddable":true,"href":"https:\/\/www.europesays.com\/fr\/wp-json\/wp\/v2\/media\/46081"}],"wp:attachment":[{"href":"https:\/\/www.europesays.com\/fr\/wp-json\/wp\/v2\/media?parent=329133"}],"wp:term":[{"taxonomy":"category","embeddable":true,"href":"https:\/\/www.europesays.com\/fr\/wp-json\/wp\/v2\/categories?post=329133"},{"taxonomy":"post_tag","embeddable":true,"href":"https:\/\/www.europesays.com\/fr\/wp-json\/wp\/v2\/tags?post=329133"}],"curies":[{"name":"wp","href":"https:\/\/api.w.org\/{rel}","templated":true}]}}