{"id":329134,"date":"2025-08-19T10:50:10","date_gmt":"2025-08-19T10:50:10","guid":{"rendered":"https:\/\/www.europesays.com\/fr\/329134\/"},"modified":"2025-08-19T10:50:10","modified_gmt":"2025-08-19T10:50:10","slug":"les-vrais-fans-viennent-des-la-premiere-heure-cest-quoi-ce-magasin-ephemere-qui-va-ouvrir-dans-le-centre-rennes","status":"publish","type":"post","link":"https:\/\/www.europesays.com\/fr\/329134\/","title":{"rendered":"\u00ab\u00a0Les vrais fans viennent d\u00e8s la premi\u00e8re heure\u00a0\u00bb\u00a0: c\u2019est quoi ce magasin \u00e9ph\u00e9m\u00e8re qui va ouvrir dans le centre Rennes\u00a0?"},"content":{"rendered":"<p>Il risque d\u2019y avoir la queue. Mercredi 20 ao\u00fbt \u00e0 11 h, un pop-up store qui ne propose que des produits d\u00e9riv\u00e9s fabriqu\u00e9s par le studio Ghibli ouvre \u00e0 Rennes. Les fans du Voyage de Chihiro, Mon voisin Totoro ou encore un Ch\u00e2teau dans le ciel ou autre film d\u2019animation du Japonais Hayao Miyazaki vont \u00eatre combl\u00e9s. Jusqu\u2019au samedi 20 septembre, environ 800 articles seront propos\u00e9s au 28 rue Saint-Louis, \u00e0 deux pas de la place des Lices. <\/p>\n<p>\u00ab Avant, nous montions des boutiques \u00e9ph\u00e9m\u00e8res \u00e0 Nantes. Puis en juin 2024, nous avons ouvert une vraie boutique passage Pommeraye, explique Charmaine Vivier, la responsable. Puis, nous avons cr\u00e9\u00e9 un pop-up store \u00e0 Lille. \u00c0 chaque ouverture, ce que nous constatons c\u2019est que les vrais fans viennent d\u00e8s le premier jour, d\u00e8s la premi\u00e8re heure\u2026 Ils attendent devant la boutique pour acheter ce qu\u2019il leur manque dans leur collection. Nous ne ferons rentrer que 20 personnes en m\u00eame temps, nous souhaitons que les clients soient \u00e0 l\u2019aise. \u00bb<\/p>\n<p>Univers Kawa\u00ef<\/p>\n<p>Pour cette premi\u00e8re ouverture \u00e0 Rennes, Charmaine Vivier a choisi le th\u00e8me d\u2019Arrietty et le monde des petits chapardeurs de Hiromasa Yonebayashi. Des timbres \u00e0 l\u2019effigie de ce film d\u2019animation ont \u00e9t\u00e9 imprim\u00e9s. \u00ab On propose aussi des objets de l\u2019univers kawa\u00ef plus g\u00e9n\u00e9ralement. \u00bb<\/p>\n<p>Les best-sellers de la boutique ? Une peluche Totoro tr\u00e8s douce avec un parapluie en forme de feuille de lotus, des baguettes pour manger de la nourriture asiatique, des cartes pr\u00e9sentant des reproductions d\u2019aquarelles peintes par Miyazaki, ou encore des petits th\u00e9\u00e2tres de papier \u00e0 fabriquer soi-m\u00eame. Un univers \u00e0 d\u00e9couvrir dans une jolie boutique aux murs en pierre.<\/p>\n<p class=\"note\"><strong>Pratique.<\/strong> Ouverture du mercredi 20 ao\u00fbt au samedi 20 septembre 2025, de 11 h \u00e0 19 h, 28, rue Saint-Louis \u00e0 Rennes. Contact : shikigami-shop.com<\/p>\n","protected":false},"excerpt":{"rendered":"Il risque d\u2019y avoir la queue. Mercredi 20 ao\u00fbt \u00e0 11 h, un pop-up store qui ne propose&hellip;\n","protected":false},"author":2,"featured_media":329135,"comment_status":"","ping_status":"","sticky":false,"template":"","format":"standard","meta":{"footnotes":""},"categories":[2821],"tags":[1111,11,829,2033,765,1777,674,1011,27,12,584,25],"class_list":{"0":"post-329134","1":"post","2":"type-post","3":"status-publish","4":"format-standard","5":"has-post-thumbnail","7":"category-rennes","8":"tag-actu","9":"tag-actualites","10":"tag-bretagne","11":"tag-commerces-a-rennes","12":"tag-en-continu","13":"tag-eu","14":"tag-europe","15":"tag-fr","16":"tag-france","17":"tag-news","18":"tag-rennes","19":"tag-republique-francaise"},"share_on_mastodon":{"url":"https:\/\/pubeurope.com\/@fr\/115055049085204151","error":""},"_links":{"self":[{"href":"https:\/\/www.europesays.com\/fr\/wp-json\/wp\/v2\/posts\/329134","targetHints":{"allow":["GET"]}}],"collection":[{"href":"https:\/\/www.europesays.com\/fr\/wp-json\/wp\/v2\/posts"}],"about":[{"href":"https:\/\/www.europesays.com\/fr\/wp-json\/wp\/v2\/types\/post"}],"author":[{"embeddable":true,"href":"https:\/\/www.europesays.com\/fr\/wp-json\/wp\/v2\/users\/2"}],"replies":[{"embeddable":true,"href":"https:\/\/www.europesays.com\/fr\/wp-json\/wp\/v2\/comments?post=329134"}],"version-history":[{"count":0,"href":"https:\/\/www.europesays.com\/fr\/wp-json\/wp\/v2\/posts\/329134\/revisions"}],"wp:featuredmedia":[{"embeddable":true,"href":"https:\/\/www.europesays.com\/fr\/wp-json\/wp\/v2\/media\/329135"}],"wp:attachment":[{"href":"https:\/\/www.europesays.com\/fr\/wp-json\/wp\/v2\/media?parent=329134"}],"wp:term":[{"taxonomy":"category","embeddable":true,"href":"https:\/\/www.europesays.com\/fr\/wp-json\/wp\/v2\/categories?post=329134"},{"taxonomy":"post_tag","embeddable":true,"href":"https:\/\/www.europesays.com\/fr\/wp-json\/wp\/v2\/tags?post=329134"}],"curies":[{"name":"wp","href":"https:\/\/api.w.org\/{rel}","templated":true}]}}