{"id":329138,"date":"2025-08-19T10:52:12","date_gmt":"2025-08-19T10:52:12","guid":{"rendered":"https:\/\/www.europesays.com\/fr\/329138\/"},"modified":"2025-08-19T10:52:12","modified_gmt":"2025-08-19T10:52:12","slug":"venez-piquer-une-tete-dans-le-canal-et-voir-les-ofni-a-la-fete-du-canal","status":"publish","type":"post","link":"https:\/\/www.europesays.com\/fr\/329138\/","title":{"rendered":"venez piquer une t\u00eate dans le canal et voir les Ofni \u00e0 la F\u00eate du canal"},"content":{"rendered":"<p>Les portes du centre Camille-Claus s\u2019ouvriront \u00e0 18\u00a0h le samedi 30\u00a0ao\u00fbt\u00a0: le DJ Patrick Show assurera l\u2019animation musicale avant l\u2019entr\u00e9e en sc\u00e8ne, \u00e0 21\u00a0h, de <a href=\"https:\/\/www.dna.fr\/culture-loisirs\/2022\/06\/28\/tom-mathis-dix-ans-sur-les-devants-de-la-scene-du-schlager-a-la-francaise\" target=\"_blank\" rel=\"noopener\">Tom Mathis, l\u2019inventeur du Schlager \u00e0 la fran\u00e7aise<\/a>. \u00c0 la tomb\u00e9e de la nuit (vers 23\u00a0h\u00a030), place au feu d\u2019artifice.<\/p>\n<p>La restauration sera assur\u00e9e par le FC Eschau avec grillades et tartes flamb\u00e9es ou rosbif de cheval \u00e0 l\u2019alsacienne, ce plat \u00e9tant propos\u00e9 sur r\u00e9servation uniquement (*). <\/p>\n<p>Ce contenu est bloqu\u00e9 car vous n&rsquo;avez pas accept\u00e9 les cookies et autres traceurs.<\/p>\n<p>En cliquant sur \u00ab J\u2019accepte \u00bb, les cookies et autres traceurs seront d\u00e9pos\u00e9s et vous pourrez visualiser les contenus  (<a href=\"\" class=\"consentModule_policy\" target=\"_blank\" title=\"Consulter la politique de protection des donn\u00e9es du fournisseur\">plus d&rsquo;informations<\/a>).<\/p>\n<p>En cliquant sur \u00ab J\u2019accepte tous les cookies \u00bb, vous autorisez des d\u00e9p\u00f4ts de cookies et autres traceurs pour le stockage de vos donn\u00e9es sur nos sites et applications \u00e0 des fins de personnalisation et de ciblage publicitaire.<\/p>\n<p class=\"consentModule_secondaryText\">Vous gardez la possibilit\u00e9 de retirer votre consentement \u00e0 tout moment en consultant notre <a href=\"https:\/\/www.dna.fr\/protection-des-donnees\" target=\"_blank\" title=\"Consulter notre politique de protection des donn\u00e9es\" rel=\"noopener\">politique de protection des donn\u00e9es<\/a>. <br \/>&#13;<br \/>\n            <a href=\"https:\/\/www.dna.fr\/culture-loisirs\/2025\/08\/19\/javascript:Didomi.notice.show()\" class=\"consentModule_cmp\" target=\"_blank\" rel=\"noopener\">G\u00e9rer mes choix<\/a>&#13;\n        <\/p>\n<p>&#13;<br \/>\n                        J&rsquo;accepte&#13;<br \/>\n            J&rsquo;accepte tous les cookies&#13;\n        <\/p>\n<p>  Nager en eau libre<\/p>\n<p>Les animations de la F\u00eate du canal, elles, d\u00e9buteront le dimanche 31\u00a0ao\u00fbt \u00e0 14\u00a0h avec la possibilit\u00e9 pour tout un chacun de <a href=\"https:\/\/www.dna.fr\/societe\/2025\/08\/06\/ressusciter-les-bains-d-antan-dans-l-ill\" target=\"_blank\" rel=\"noopener\">nager en eau libre<\/a> dans le canal du Rh\u00f4ne-au-Rhin, juste \u00ab\u00a0pour le plaisir\u00a0\u00bb, comme pr\u00e9cis\u00e9 sur le bulletin d\u2019inscription obligatoire (**). \u00c0 15\u00a0h, ce sera au tour des sportifs de plonger dans le canal avec la seconde \u00e9dition du Swim Run, une activit\u00e9 combinant course \u00e0 pied et natation sur une distance d\u2019environ 4\u00a0kilom\u00e8tres (inscription indispensable).<\/p>\n<p>C\u00f4t\u00e9 spectacle, <a href=\"https:\/\/www.dna.fr\/culture-loisirs\/2022\/08\/22\/un-retour-en-grace-reussi-pour-la-fete-du-canal\" target=\"_blank\" rel=\"noopener\">la parade d\u2019objets flottants non identifi\u00e9s Esch\u2019Ofni<\/a> est programm\u00e9e \u00e0 16\u00a0h. Elle sera suivie \u00e0 17\u00a0h\u00a030 d\u2019une bataille de pistolets \u00e0 eau.<\/p>\n<p>En soir\u00e9e, \u00e0 partir de 18\u00a0h, le DJ Patrick Show assurera l\u2019animation musicale comme la veille et \u00e0 21\u00a0h le sosie d\u2019Elvis Presley \u00ab\u00a0Mathieu Elvis\u00a0\u00bb, qui a connu un remarquable succ\u00e8s \u00e0 l\u2019occasion de <a href=\"https:\/\/www.dna.fr\/culture-loisirs\/2024\/08\/22\/nager-courir-et-parader-sous-la-pluie-pour-la-fete-du-canal\" target=\"_blank\" rel=\"noopener\">la f\u00eate du canal 2024<\/a> , donnera \u00e0 nouveau un concert. Le retour du King ne manquera pas r\u00e9unir \u00e0 nouveau les fans\u00a0!<\/p>\n<p>  L\u2019inauguration du \u00ab\u00a0c\u0153ur de vie\u00a0\u00bb<\/p>\n<p>La <a href=\"https:\/\/www.dna.fr\/politique\/2023\/07\/20\/le-projet-coeur-de-vie-a-mi-parcours\" target=\"_blank\" rel=\"noopener\">mutation de la place des F\u00eates<\/a> n\u2019est sans doute pass\u00e9e inaper\u00e7ue aux yeux des Escoviens, ces derni\u00e8res ann\u00e9es, avec notamment \u00e0 l\u2019ouest du canal l\u2019extension du centre sportif et culturel Camille-Claus et la cr\u00e9ation d\u2019une aire ludique avec jeux d\u2019eau.<\/p>\n<p>A l\u2019est, c\u2019est le nouveau club-house de p\u00e9tanque, le boulodrome, le nouveau parking et les \u00e9quipements sportifs ext\u00e9rieurs qui suscitent l\u2019int\u00e9r\u00eat. Ce \u00ab\u00a0c\u0153ur de vie\u00a0\u00bb sera inaugur\u00e9 le samedi 30\u00a0ao\u00fbt \u00e0 10\u00a0h avec visite du site, forum des associations (de 10h \u00e0 11h) et moment convivial.<\/p>\n<p class=\"note\">F\u00eate du canal samedi\u00a030 et dimanche 31\u00a0ao\u00fbt place des F\u00eates \u00e0 Eschau. Entr\u00e9e libre. Tout au long du week-end\u00a0: f\u00eate foraine (avec 1\/2 tarif le lundi 1 er \u00a0septembre). Programme complet sur www.eschau.fr<\/p>\n<p class=\"note\">* R\u00e9servation obligatoire avant le 25\u00a0ao\u00fbt pour rosbif de cheval \u00e0 l\u2019alsacienne avec salade de pommes de terre ou sp\u00e4tzele (18\u00a0\u20ac). Renseignements au 06\u00a083\u00a030\u00a020\u00a087 ou fceschaufestivite@gmail.com<\/p>\n<p class=\"note\">** Bulletin d\u2019inscription (obligatoire avant le 25\/08 pour la nage en eau libre dans le canal) https:\/\/www.eschau.fr\/animations-et-festivites\/feteducanal<\/p>\n","protected":false},"excerpt":{"rendered":"Les portes du centre Camille-Claus s\u2019ouvriront \u00e0 18\u00a0h le samedi 30\u00a0ao\u00fbt\u00a0: le DJ Patrick Show assurera l\u2019animation musicale&hellip;\n","protected":false},"author":2,"featured_media":329139,"comment_status":"","ping_status":"","sticky":false,"template":"","format":"standard","meta":{"footnotes":""},"categories":[2820],"tags":[1111,11,2389,2649,1687,2880,4373,27337,1777,674,3326,107,1011,27,775,12,25,640,3089],"class_list":{"0":"post-329138","1":"post","2":"type-post","3":"status-publish","4":"format-standard","5":"has-post-thumbnail","7":"category-strasbourg","8":"tag-actu","9":"tag-actualites","10":"tag-alsace","11":"tag-bas-rhin","12":"tag-culture-loisirs","13":"tag-edition-strasbourg","14":"tag-eschau","15":"tag-estivales","16":"tag-eu","17":"tag-europe","18":"tag-fete-locale","19":"tag-fil-info","20":"tag-fr","21":"tag-france","22":"tag-grand-est","23":"tag-news","24":"tag-republique-francaise","25":"tag-strasbourg","26":"tag-strasbourg-sud"},"share_on_mastodon":{"url":"https:\/\/pubeurope.com\/@fr\/115055056905641235","error":""},"_links":{"self":[{"href":"https:\/\/www.europesays.com\/fr\/wp-json\/wp\/v2\/posts\/329138","targetHints":{"allow":["GET"]}}],"collection":[{"href":"https:\/\/www.europesays.com\/fr\/wp-json\/wp\/v2\/posts"}],"about":[{"href":"https:\/\/www.europesays.com\/fr\/wp-json\/wp\/v2\/types\/post"}],"author":[{"embeddable":true,"href":"https:\/\/www.europesays.com\/fr\/wp-json\/wp\/v2\/users\/2"}],"replies":[{"embeddable":true,"href":"https:\/\/www.europesays.com\/fr\/wp-json\/wp\/v2\/comments?post=329138"}],"version-history":[{"count":0,"href":"https:\/\/www.europesays.com\/fr\/wp-json\/wp\/v2\/posts\/329138\/revisions"}],"wp:featuredmedia":[{"embeddable":true,"href":"https:\/\/www.europesays.com\/fr\/wp-json\/wp\/v2\/media\/329139"}],"wp:attachment":[{"href":"https:\/\/www.europesays.com\/fr\/wp-json\/wp\/v2\/media?parent=329138"}],"wp:term":[{"taxonomy":"category","embeddable":true,"href":"https:\/\/www.europesays.com\/fr\/wp-json\/wp\/v2\/categories?post=329138"},{"taxonomy":"post_tag","embeddable":true,"href":"https:\/\/www.europesays.com\/fr\/wp-json\/wp\/v2\/tags?post=329138"}],"curies":[{"name":"wp","href":"https:\/\/api.w.org\/{rel}","templated":true}]}}