{"id":329140,"date":"2025-08-19T10:53:14","date_gmt":"2025-08-19T10:53:14","guid":{"rendered":"https:\/\/www.europesays.com\/fr\/329140\/"},"modified":"2025-08-19T10:53:14","modified_gmt":"2025-08-19T10:53:14","slug":"un-appel-a-temoins-lance-4","status":"publish","type":"post","link":"https:\/\/www.europesays.com\/fr\/329140\/","title":{"rendered":"un appel \u00e0 t\u00e9moins lanc\u00e9"},"content":{"rendered":"<p>            Par<br \/>\n        <strong><br \/>\n            <a href=\"https:\/\/actu.fr\/auteur\/ivan-capecchi\" title=\"Consulter tous les articles de Ivan CAPECCHI\" rel=\"nofollow noopener\" target=\"_blank\">Ivan CAPECCHI<\/a><br \/>\n        <\/strong><\/p>\n<p>        Publi\u00e9 le<\/p>\n<p>            19 ao\u00fbt 2025 \u00e0 12h12        <\/p>\n<p>Priscilla, une jeune femme de 22 ans domicili\u00e9e \u00e0 <strong>Vendenheim (Bas-Rhin)<\/strong>, n\u2019a plus donn\u00e9 signe de vie depuis lundi 18 ao\u00fbt au matin. Elle devait se rendre \u00e0 <strong>Strasbourg<\/strong> vers 10h, mais n\u2019est jamais arriv\u00e9e \u00e0 destination. La <strong>gendarmerie<\/strong> a lanc\u00e9 un <a href=\"https:\/\/actu.fr\/tag\/appel-a-temoins\" rel=\"nofollow noopener\" target=\"_blank\">appel \u00e0 t\u00e9moins<\/a>.<\/p>\n<p>En cas d\u2019information, contactez la gendarmerie<\/p>\n<p class=\" wall-content\">Priscilla a \u00e9t\u00e9 <strong>localis\u00e9e une derni\u00e8re fois \u00e0 Schweighouse-sur-Moder lundi<\/strong>\u00a0avant que toute trace ne soit perdue.\u00a0<\/p>\n<p class=\" wall-content\">En cas d\u2019information, contactez la <a href=\"https:\/\/actu.fr\/tag\/gendarmerie\" rel=\"nofollow noopener\" target=\"_blank\">gendarmerie<\/a>.<\/p>\n<p class=\" wall-content\">Personnalisez votre actualit\u00e9 en ajoutant vos villes et m\u00e9dias en favori avec <a href=\"https:\/\/moncompte.actu.fr\" title=\"D\u00e9couvez Mon Actu\" rel=\"nofollow noopener\" data-trk=\"{&quot;cta&quot;:{&quot;action&quot;:&quot;https:\\\/\\\/moncompte.actu.fr&quot;,&quot;category&quot;:&quot;mon compte&quot;,&quot;from&quot;:&quot;article footer&quot;,&quot;name&quot;:&quot;Mon actu&quot;,&quot;type&quot;:&quot;cta&quot;}}\" target=\"_blank\">Mon Actu<\/a>.<\/p>\n","protected":false},"excerpt":{"rendered":"Par Ivan CAPECCHI Publi\u00e9 le 19 ao\u00fbt 2025 \u00e0 12h12 Priscilla, une jeune femme de 22 ans domicili\u00e9e&hellip;\n","protected":false},"author":2,"featured_media":329141,"comment_status":"","ping_status":"","sticky":false,"template":"","format":"standard","meta":{"footnotes":""},"categories":[2820],"tags":[1111,11,4260,3676,1777,674,118,1011,27,775,12,25,640],"class_list":{"0":"post-329140","1":"post","2":"type-post","3":"status-publish","4":"format-standard","5":"has-post-thumbnail","7":"category-strasbourg","8":"tag-actu","9":"tag-actualites","10":"tag-appel-a-temoins","11":"tag-disparition-inquietante","12":"tag-eu","13":"tag-europe","14":"tag-faits-divers","15":"tag-fr","16":"tag-france","17":"tag-grand-est","18":"tag-news","19":"tag-republique-francaise","20":"tag-strasbourg"},"share_on_mastodon":{"url":"https:\/\/pubeurope.com\/@fr\/115055060823286392","error":""},"_links":{"self":[{"href":"https:\/\/www.europesays.com\/fr\/wp-json\/wp\/v2\/posts\/329140","targetHints":{"allow":["GET"]}}],"collection":[{"href":"https:\/\/www.europesays.com\/fr\/wp-json\/wp\/v2\/posts"}],"about":[{"href":"https:\/\/www.europesays.com\/fr\/wp-json\/wp\/v2\/types\/post"}],"author":[{"embeddable":true,"href":"https:\/\/www.europesays.com\/fr\/wp-json\/wp\/v2\/users\/2"}],"replies":[{"embeddable":true,"href":"https:\/\/www.europesays.com\/fr\/wp-json\/wp\/v2\/comments?post=329140"}],"version-history":[{"count":0,"href":"https:\/\/www.europesays.com\/fr\/wp-json\/wp\/v2\/posts\/329140\/revisions"}],"wp:featuredmedia":[{"embeddable":true,"href":"https:\/\/www.europesays.com\/fr\/wp-json\/wp\/v2\/media\/329141"}],"wp:attachment":[{"href":"https:\/\/www.europesays.com\/fr\/wp-json\/wp\/v2\/media?parent=329140"}],"wp:term":[{"taxonomy":"category","embeddable":true,"href":"https:\/\/www.europesays.com\/fr\/wp-json\/wp\/v2\/categories?post=329140"},{"taxonomy":"post_tag","embeddable":true,"href":"https:\/\/www.europesays.com\/fr\/wp-json\/wp\/v2\/tags?post=329140"}],"curies":[{"name":"wp","href":"https:\/\/api.w.org\/{rel}","templated":true}]}}