{"id":329144,"date":"2025-08-19T10:55:11","date_gmt":"2025-08-19T10:55:11","guid":{"rendered":"https:\/\/www.europesays.com\/fr\/329144\/"},"modified":"2025-08-19T10:55:11","modified_gmt":"2025-08-19T10:55:11","slug":"gifles-etranglements-humiliations-le-streamer-jean-pormanove-meurt-en-direct-pres-de-nice","status":"publish","type":"post","link":"https:\/\/www.europesays.com\/fr\/329144\/","title":{"rendered":"gifles, \u00e9tranglements, humiliations\u2026 Le streamer Jean Pormanove meurt en direct pr\u00e8s de Nice"},"content":{"rendered":"<p class=\"article__intro\">Une cha\u00eene de streaming bas\u00e9e dans les Alpes-Maritimes a fait de l\u2019humiliation et de la violence un spectacle suivi par des milliers d\u2019internautes. Dans la nuit du 17 au 18 ao\u00fbt, son membre le plus expos\u00e9, Jean Pormanove, est mort en direct alors qu&rsquo;il dormait. Une enqu\u00eate judiciaire est en cours.<\/p>\n<p>\n      La Quotidienne Soci\u00e9t\u00e9\n    <\/p>\n<p>\n      De la vie quotidienne aux grands enjeux, recevez tous les jours les sujets qui font la soci\u00e9t\u00e9 locale, comme la justice, l\u2019\u00e9ducation, la sant\u00e9 et la famille.\n    <\/p>\n<p>    France T\u00e9l\u00e9visions utilise votre adresse e-mail afin de vous envoyer la newsletter \u00ab\u00a0La Quotidienne Soci\u00e9t\u00e9\u00a0\u00bb. Vous pouvez vous d\u00e9sinscrire \u00e0 tout moment via le lien en bas de cette newsletter. <a target=\"_blank\" href=\"https:\/\/www.francetelevisions.fr\/groupe\/confidentialite\/politique-de-confidentialite\/politique-de-confidentialite-de-france-televisions-6503\" rel=\"nofollow noopener\">Notre politique de confidentialit\u00e9<\/a><\/p>\n<p>La cha\u00eene est diffus\u00e9e sur la plateforme Kick, connue pour sa mod\u00e9ration minimale et ses contenus parfois extr\u00eames.<\/p>\n<p>Sur le streaming du Lokal, jusqu\u2019\u00e0 15 000 personnes peuvent y suivre des directs lors desquels les spectateurs encouragent, par des messages ou des dons, des comportements violents.<\/p>\n<p>D\u00e8s d\u00e9cembre 2024, la justice avait ouvert une enqu\u00eate apr\u00e8s des r\u00e9v\u00e9lations de Mediapart, ayant men\u00e9 \u00e0 la garde \u00e0 vue puis la lib\u00e9ration de deux membres de la cha\u00eene. Huit mois plus tard, la cha\u00eene a diffus\u00e9 en direct la mort de l\u2019un de ses membres, Jean Pormanove, qui quelques heures auparavant \u00e9tait encore victime de violences.<\/p>\n<p>Sur cette vid\u00e9o qui tourne encore sur les r\u00e9seaux sociaux, on voit l&rsquo;homme inanim\u00e9 dans son lit alors que l&rsquo;un des membres tente de le r\u00e9veiller, en vain.<\/p>\n<p>La cha\u00eene comptait quatre personnages principaux, dont deux \u00e9taient les boucs \u00e9missaires attitr\u00e9s : Coudoux, une personne handicap\u00e9e sous curatelle, et Jean Pormanove, dit JP.<\/p>\n<p>Les organisateurs Naruto et Safine faisaient subir \u00e0 JP et Coudoux des violences physiques (gifles, jets d\u2019eau, coups, \u00e9tranglements) et des humiliations en direct.<\/p>\n<p><a data-article-figure=\"\" href=\"https:\/\/france3-regions.franceinfo.fr\/image\/e5BH3tAnHzrKthUykzZvPefWDmY\/992x629\/regions\/2025\/08\/19\/jean2-68a44cf780d10157753018.jpg\" data-pswp-width=\"992\" data-pswp-height=\"629\" target=\"_blank\" rel=\"nofollow noopener\"><\/p>\n<p>          <img width=\"600\" height=\"400\" class=\"article-image lazy\" data-src=\"https:\/\/www.europesays.com\/fr\/wp-content\/uploads\/2025\/08\/jean2-68a44cf780d10157753018.jpg\" alt=\"Jean Pormanove \u00e9tait l'objet de violences r\u00e9currentes, encourag\u00e9es par les spectateurs de ces directs.\" fetchpriority=\"high\" as=\"image\"\/><\/p>\n<p>\n            Jean Pormanove \u00e9tait l&rsquo;objet de violences r\u00e9currentes, encourag\u00e9es par les spectateurs de ces directs.<br \/>\n                           \u2022<br \/>\n                                      \u00a9 Cha\u00eene Le Lokal\/Kick\n                      <\/p>\n<p><\/a><\/p>\n<p>Les spectateurs \u00e9taient partie int\u00e9grante de cette m\u00e9canique. Ils participaient en ligne, riaient, insultaient, encourageaient et payaient via des dons pour que cela continue. Des mots insultants li\u00e9s au handicap \u00e9taient \u00e9galement r\u00e9guli\u00e8rement utilis\u00e9s par les organisateurs des lives, du type \u00ab\u00a0golmon\u00a0\u00bb ou \u00ab\u00a0cotorep\u00a0\u00bb.<\/p>\n<p>Le m\u00e9dia d&rsquo;investigation Mediapart <a href=\"https:\/\/www.mediapart.fr\/journal\/france\/180825\/victime-de-maltraitance-en-ligne-depuis-des-mois-le-streamer-jean-pormanove-meurt-en-direct\" target=\"_blank\" rel=\"noopener nofollow\">relate dans un article<\/a> publi\u00e9 lundi 18 ao\u00fbt que ces violences ont eu lieu jusqu&rsquo;aux derni\u00e8res heures de la nuit avant la mort de Jean Pormanove : d\u00e9guis\u00e9 en Batman, Naruto lui donne une claque alors qu&rsquo;une horloge affiche 23h55. Jean Pormanove est de nouveau gifl\u00e9 \u00e0 plusieurs reprises quelques minutes plus tard.<\/p>\n<p>La trajectoire de Jean Pormanove \u00e9tait celle d\u2019un homme fragile, ancien militaire, devenu la star malheureuse du Lokal. Dans un direct, Naruto lui lan\u00e7ait : \u00ab\u00a0Seul, tu vaux rien. Si t\u2019\u00e9tais pas tomb\u00e9 sur un mec comme moi, tu te serais \u00e9teint.\u00a0\u00bb Il l\u2019appelait un \u00ab\u00a0cassoc'\u00a0\u00bb et l\u2019avertissait : \u00ab\u00a0Retourne faire ton cassoc\u2019 \u00e0 Metz, tu mourras juste un peu plus vite.\u201d Naruto allait jusqu\u2019\u00e0 anticiper publiquement l\u2019\u00e9ventualit\u00e9 de sa mort.<\/p>\n<blockquote class=\"ftvi_content_quote\">\n<p class=\"ftvi_citation_quote\">Si demain il meurt en plein live, c\u2019est d\u00fb \u00e0 son \u00e9tat de sant\u00e9 de merde et pas \u00e0 nous. (\u2026) Dis devant la cam\u00e9ra que c\u2019est pas notre responsabilit\u00e9 si tu meurs en plein live.<\/p>\n<p>Naruto, de la cha\u00eene le Lokal<\/p>\n<p class=\"ftvi_citation_source\">\u00e0 JP lors d&rsquo;un live<\/p>\n<\/blockquote>\n<p>Depuis le drame, Naruto a publi\u00e9 plusieurs messages sur Instagram. Dans une premi\u00e8re story, il \u00e9crit : \u00ab\u00a0J\u2019ai toujours redout\u00e9 le jour o\u00f9 je devrais \u00e9crire ces mots. Malheureusement, cette nuit, JP (Rapha\u00ebl Graven) nous a quitt\u00e9s. Mon fr\u00e8re, mon acolyte, mon partenaire. (\u2026) Je vous demande \u00e0 tous de respecter sa m\u00e9moire et de ne pas partager la vid\u00e9o de son dernier souffle dans son sommeil.\u201d<\/p>\n<p>Dans une seconde story, il r\u00e9agit aux sp\u00e9culations sur les r\u00e9seaux sociaux : \u00ab\u00a0Personne ne sait, mais tout le monde parle. On s\u2019aimait et c\u2019est tout ce qui compte.\u00a0\u00bb<\/p>\n<p>La ministre D\u00e9l\u00e9gu\u00e9e charg\u00e9e de l\u2019Intelligence Artificielle et du Num\u00e9rique a communiqu\u00e9 au sujet de cette mort, rappelant que \u00ab\u00a0la responsabilit\u00e9 des plateformes en ligne sur la diffusion de contenus illicites n\u2019est pas une option : c\u2019est la loi\u00a0\u00bb.<\/p>\n<blockquote class=\"twitter-tweet\">\n<p dir=\"ltr\" lang=\"fr\">Le d\u00e9c\u00e8s de Jean Pormanove et les violences qu\u2019il a subies sont une horreur absolue. J\u2019adresse toutes mes condol\u00e9ances \u00e0 sa famille et \u00e0 ses proches.<br \/>Jean Pormanove a \u00e9t\u00e9 humili\u00e9 et maltrait\u00e9 pendant des mois en direct sur la plateforme Kick.<br \/>Une enqu\u00eate judiciaire est en cours.\u2026<\/p>\n<p>\u2014 Clara Chappaz (@ClaraChappaz) <a href=\"https:\/\/twitter.com\/ClaraChappaz\/status\/1957727484184608966?ref_src=twsrc%5Etfw\" rel=\"nofollow noopener\" target=\"_blank\">August 19, 2025<\/a><\/p><\/blockquote>\n<p>Une enqu\u00eate est en cours. Plus d&rsquo;informations \u00e0 suivre.<\/p>\n<p>  <script async src=\"https:\/\/platform.twitter.com\/widgets.js\" charset=\"utf-8\"><\/script><\/p>\n","protected":false},"excerpt":{"rendered":"Une cha\u00eene de streaming bas\u00e9e dans les Alpes-Maritimes a fait de l\u2019humiliation et de la violence un spectacle&hellip;\n","protected":false},"author":2,"featured_media":329145,"comment_status":"","ping_status":"","sticky":false,"template":"","format":"standard","meta":{"footnotes":""},"categories":[2819],"tags":[1111,11,1777,674,1011,27,12,2401,882,25],"class_list":{"0":"post-329144","1":"post","2":"type-post","3":"status-publish","4":"format-standard","5":"has-post-thumbnail","7":"category-nice","8":"tag-actu","9":"tag-actualites","10":"tag-eu","11":"tag-europe","12":"tag-fr","13":"tag-france","14":"tag-news","15":"tag-nice","16":"tag-provence-alpes-cote-dazur","17":"tag-republique-francaise"},"share_on_mastodon":{"url":"https:\/\/pubeurope.com\/@fr\/115055068701660534","error":""},"_links":{"self":[{"href":"https:\/\/www.europesays.com\/fr\/wp-json\/wp\/v2\/posts\/329144","targetHints":{"allow":["GET"]}}],"collection":[{"href":"https:\/\/www.europesays.com\/fr\/wp-json\/wp\/v2\/posts"}],"about":[{"href":"https:\/\/www.europesays.com\/fr\/wp-json\/wp\/v2\/types\/post"}],"author":[{"embeddable":true,"href":"https:\/\/www.europesays.com\/fr\/wp-json\/wp\/v2\/users\/2"}],"replies":[{"embeddable":true,"href":"https:\/\/www.europesays.com\/fr\/wp-json\/wp\/v2\/comments?post=329144"}],"version-history":[{"count":0,"href":"https:\/\/www.europesays.com\/fr\/wp-json\/wp\/v2\/posts\/329144\/revisions"}],"wp:featuredmedia":[{"embeddable":true,"href":"https:\/\/www.europesays.com\/fr\/wp-json\/wp\/v2\/media\/329145"}],"wp:attachment":[{"href":"https:\/\/www.europesays.com\/fr\/wp-json\/wp\/v2\/media?parent=329144"}],"wp:term":[{"taxonomy":"category","embeddable":true,"href":"https:\/\/www.europesays.com\/fr\/wp-json\/wp\/v2\/categories?post=329144"},{"taxonomy":"post_tag","embeddable":true,"href":"https:\/\/www.europesays.com\/fr\/wp-json\/wp\/v2\/tags?post=329144"}],"curies":[{"name":"wp","href":"https:\/\/api.w.org\/{rel}","templated":true}]}}