{"id":329150,"date":"2025-08-19T10:58:09","date_gmt":"2025-08-19T10:58:09","guid":{"rendered":"https:\/\/www.europesays.com\/fr\/329150\/"},"modified":"2025-08-19T10:58:09","modified_gmt":"2025-08-19T10:58:09","slug":"zombie-zombie-ditz-franckie-and-the-witch-fingers-a-laffiche-du-20-au-22-aout","status":"publish","type":"post","link":"https:\/\/www.europesays.com\/fr\/329150\/","title":{"rendered":"Zombie Zombie, Ditz, Franckie and The Witch Fingers \u00e0 l\u2019affiche du 20 au 22 ao\u00fbt"},"content":{"rendered":"<p>Sont convi\u00e9s, le 20, du rock psych\u00e9, garage, et power pop avec \u00ab\u00a0les guitares abrasives et l\u2019\u00e9nergie cosmique\u00a0\u00bb des Am\u00e9ricains Frankie and the Witch Fingers. Leur nouvel album, psych punk, \u00ab\u00a0Trash Classic\u00a0\u00bb est sorti le 6\u00a0juin. Suivront le groupe gallois The Bug Club et Johnny Mafia, de l\u2019Yonne. Une premi\u00e8re soir\u00e9e rock et aff\u00fbt\u00e9e.<\/p>\n<p>Le 21, Allez les filles promet de faire trembler le sol avec \u00ab\u00a0une soir\u00e9e sous haute tension post-punk, noise et power pop\u00a0\u00bb avec les \u00ab\u00a0agressive\u00a0\u00bb Anglais Ditz, Projector. Les Fran\u00e7ais Bilbao Kung-Fu pr\u00e9senteront leur premier album \u00ab\u00a0O\u00f9 est pass\u00e9e l\u2019innocence\u00a0?\u00a0\u00bb. Le titre \u00ab\u00a0J\u2019ai br\u00fbl\u00e9 la voiture de mes parents\u00a0\u00bb donne le ton.<\/p>\n<p>Kraut et psyche<\/p>\n<p>\u00c0 l\u2019affiche du 22\u00a0ao\u00fbt, Zombie Zombie, The Warlocks et Full Flower Moon Band. Les premiers, \u00ab\u00a0ma\u00eetres de la liturgie groove \u00e0 la fran\u00e7aise\u00a0\u00bb viennent \u00e9galement de sortir un nouvel album m\u00e9lange de krautrock et de musique \u00e9lectronique analogiques. A\u00e9r\u00e9, cin\u00e9matographique, speed, \u00e0 tester en live. Ensuite, les Californiens de The Warlocks diffuseront un rock psych\u00e9d\u00e9lique, marqu\u00e9 par les influences du Velvet et des Black Angels. Les Australiens psych-rock de Full Flower Moon Band conclueront le mini-festival avec des titres de leur dernier \u00ab\u00a0Megaflower\u00a0\u00bb.<\/p>\n","protected":false},"excerpt":{"rendered":"Sont convi\u00e9s, le 20, du rock psych\u00e9, garage, et power pop avec \u00ab\u00a0les guitares abrasives et l\u2019\u00e9nergie cosmique\u00a0\u00bb&hellip;\n","protected":false},"author":2,"featured_media":329151,"comment_status":"","ping_status":"","sticky":false,"template":"","format":"standard","meta":{"footnotes":""},"categories":[2817],"tags":[1111,11,1997,1777,674,1011,27,12,2219,25],"class_list":{"0":"post-329150","1":"post","2":"type-post","3":"status-publish","4":"format-standard","5":"has-post-thumbnail","7":"category-bordeaux","8":"tag-actu","9":"tag-actualites","10":"tag-bordeaux","11":"tag-eu","12":"tag-europe","13":"tag-fr","14":"tag-france","15":"tag-news","16":"tag-nouvelle-aquitaine","17":"tag-republique-francaise"},"share_on_mastodon":{"url":"https:\/\/pubeurope.com\/@fr\/115055080597730233","error":""},"_links":{"self":[{"href":"https:\/\/www.europesays.com\/fr\/wp-json\/wp\/v2\/posts\/329150","targetHints":{"allow":["GET"]}}],"collection":[{"href":"https:\/\/www.europesays.com\/fr\/wp-json\/wp\/v2\/posts"}],"about":[{"href":"https:\/\/www.europesays.com\/fr\/wp-json\/wp\/v2\/types\/post"}],"author":[{"embeddable":true,"href":"https:\/\/www.europesays.com\/fr\/wp-json\/wp\/v2\/users\/2"}],"replies":[{"embeddable":true,"href":"https:\/\/www.europesays.com\/fr\/wp-json\/wp\/v2\/comments?post=329150"}],"version-history":[{"count":0,"href":"https:\/\/www.europesays.com\/fr\/wp-json\/wp\/v2\/posts\/329150\/revisions"}],"wp:featuredmedia":[{"embeddable":true,"href":"https:\/\/www.europesays.com\/fr\/wp-json\/wp\/v2\/media\/329151"}],"wp:attachment":[{"href":"https:\/\/www.europesays.com\/fr\/wp-json\/wp\/v2\/media?parent=329150"}],"wp:term":[{"taxonomy":"category","embeddable":true,"href":"https:\/\/www.europesays.com\/fr\/wp-json\/wp\/v2\/categories?post=329150"},{"taxonomy":"post_tag","embeddable":true,"href":"https:\/\/www.europesays.com\/fr\/wp-json\/wp\/v2\/tags?post=329150"}],"curies":[{"name":"wp","href":"https:\/\/api.w.org\/{rel}","templated":true}]}}