{"id":329156,"date":"2025-08-19T11:01:11","date_gmt":"2025-08-19T11:01:11","guid":{"rendered":"https:\/\/www.europesays.com\/fr\/329156\/"},"modified":"2025-08-19T11:01:11","modified_gmt":"2025-08-19T11:01:11","slug":"evotec-veut-ceder-son-site-de-toulouse-a-sandoz","status":"publish","type":"post","link":"https:\/\/www.europesays.com\/fr\/329156\/","title":{"rendered":"Evotec veut c\u00e9der son site de Toulouse \u00e0 Sandoz"},"content":{"rendered":"<p>&#13;<br \/>\n\tLe site de bioproduction Evotec de Toulouse n&rsquo;aura battu pavillon allemand que quelques mois. Cette usine, inaugur\u00e9e en septembre 2024, va \u00eatre c\u00e9d\u00e9e au laboratoire suisse Sandoz, un sp\u00e9cialiste des m\u00e9dicaments g\u00e9n\u00e9riques et biosimilaires. Une demi-surprise puisque le laboratoire \u00e9tait le client privil\u00e9gi\u00e9 du site qui \u00ab\u00a0a \u00e9t\u00e9 personnalis\u00e9 et d\u00e9di\u00e9 enti\u00e8rement \u00e0 Sandoz depuis juillet 2024\u00a0\u00bb, pr\u00e9cise Evotec dans un communiqu\u00e9. Le montant de l\u2019op\u00e9ration a \u00e9t\u00e9 fix\u00e9 \u00e0 environ 300 millions de dollars.<\/p>\n<p>&#13;<br \/>\n\tFruit d\u2019un investissement de 250 \u00e0 280 M\u20ac, le site de Toulouse s&rsquo;\u00e9tend sur 15 000 m\u00b2 et emploie 150 personnes. Son installation a largement \u00e9t\u00e9 soutenu par des financements publics avec 43 M\u20ac de l\u2019\u00c9tat fran\u00e7ais et 6 M\u20ac de la R\u00e9gion Occitanie. Evotec avait \u00e9galement b\u00e9n\u00e9fici\u00e9 d&rsquo;un pr\u00eat de la BEI (Banque europ\u00e9enne d&rsquo;investissement), \u00e0 hauteur de 150 M\u20ac.<\/p>\n<p>&#13;<br \/>\n\tLe site, <a href=\"https:\/\/www.usinenouvelle.com\/article\/evotec-inaugure-un-deuxieme-j-pod-pour-la-production-d-anticorps-monoclonaux-a-toulouse.N2219142\" target=\"_blank\" rel=\"nofollow noopener\">sorti de terre en seulement 18 moi<\/a>s, t\u00e9moignait alors des ambitions industrielles d&rsquo;Evotec, via sa filiale bioproduction Just-Evotec Biologics.\u00a0 L&rsquo;usine a \u00e9t\u00e9 con\u00e7ue selon un premier mod\u00e8le, b\u00e2ti outre-Atlantique, \u00e0 Redmond (Washington), en 2021. Une installation appel\u00e9e J.POD, voulue \u00e0 la fois flexible et dot\u00e9e de proc\u00e9d\u00e9s optimis\u00e9s pour assurer une production dans des d\u00e9lais raccourcis.\u00a0<\/p>\n<p>&#13;<br \/>\n\tUn changement de strat\u00e9gie pour Evotec<\/p>\n<p>&#13;<br \/>\n\tLa cession intervient alors qu&rsquo;Evotec a largement revu sa strat\u00e9gie, impuls\u00e9e avec l&rsquo;arriv\u00e9e de son nouveau p-dg, Christian Wojczewski, en 2024. Lors de ses r\u00e9sultats annuels, au printemps dernier, le groupe allemand a d\u00e9voil\u00e9 une feuille de route avec le choix de se focaliser sur son coeur de m\u00e9tier, \u00e0 savoir le d\u00e9veloppement et les services pour l&rsquo;industrie pharmaceutique. Une restructuration qui passe par un mod\u00e8le all\u00e9g\u00e9 sur certaines activit\u00e9s, dont celles de Just-Evotec Biologics, avec un objectif de r\u00e9aliser des \u00e9conomies.<\/p>\n<p>&#13;<br \/>\n\tEn 2024, Evotec avait d\u00e9j\u00e0 lanc\u00e9 un vaste plan de suppression de postes, avec 400 postes concern\u00e9s dans le monde. Le plan avait aussi touch\u00e9 son implantation fran\u00e7aise et les \u00e9quipes de R&amp;D install\u00e9es \u00e0 Lyon et \u00e0 Toulouse, o\u00f9 <a href=\"https:\/\/www.usinenouvelle.com\/article\/cdmo-evotec-va-supprimer-73-postes-a-toulouse-et-lyon.N2217569\" target=\"_blank\" rel=\"nofollow noopener\">64 postes avaient \u00e9t\u00e9 supprim\u00e9s<\/a>\u00a0en Occitanie.<\/p>\n<p>&#13;<br \/>\n\tUn ancrage europ\u00e9en renforc\u00e9 pour Sandoz<\/p>\n<p>&#13;<br \/>\n\tPour Sandoz, l&rsquo;acquisition \u00e0 venir, est\u00a0\u00ab totalement en phase avec notre strat\u00e9gie de renforcer nos capacit\u00e9s de production en propre de biosimilaires, tout en ajoutant des capacit\u00e9s flexibles strat\u00e9giques\u00a0\u00bb, a comment\u00e9 Richard Saynor, le p-dg de Sandoz. Le laboratoire, s\u00e9par\u00e9 de Novartis depuis 2023, a fait de ce segment des biosimilaires une cible strat\u00e9gique, Sandoz estime ainsi que le march\u00e9 pourrait atteindre 300 Mrds $ sur la prochaine d\u00e9cennie.\u00a0<\/p>\n<p>&#13;<br \/>\n\tLe laboratoire suisse a multipli\u00e9 les investissements en Europe ces derni\u00e8res ann\u00e9es. D\u00e9but juillet, Sandoz a ainsi d\u00e9but\u00e9 les travaux d&rsquo;une future installation en Slov\u00e9nie, qui produira des biosimilaires et qui a n\u00e9cessit\u00e9 un investissement de 420 M\u20ac.\u00a0<\/p>\n<p>&#13;<br \/>\n\tLa finalisation de la transaction du site de Toulouse est esp\u00e9r\u00e9e avant la fin de l&rsquo;ann\u00e9e. Les employ\u00e9s du J.Pod d&rsquo;Evotec rejoindront alors Sandoz.<\/p>\n<p class=\"editoTitleType1 editoTitleType1--lagoon is-uppercase\">S\u00e9lectionn\u00e9 <b>pour vous<\/b><\/p>\n<p>                                                                            <a class=\"editoCardType21__link editoCardType21__containerImage\" href=\"https:\/\/www.usinenouvelle.com\/article\/sanofi-cede-un-site-americain-a-thermo-fisher.N2235364\" data-xiti-name=\"2235364\" rel=\"nofollow noopener\" target=\"_blank\"><\/p>\n<p>                                                                                                                                                    <img decoding=\"async\" src=\"data:image\/gif;base64,R0lGODdhAQABAPAAAMPDwwAAACwAAAAAAQABAAACAkQBADs=\" data-original=\"\/mediatheque\/2\/5\/8\/001079852_256x170_c.jpg\" alt=\"Sanofi c\u00e8de un site am\u00e9ricain \u00e0 Thermo Fisher\"\/><\/p>\n<p>                            <\/a><\/p>\n","protected":false},"excerpt":{"rendered":"&#13; Le site de bioproduction Evotec de Toulouse n&rsquo;aura battu pavillon allemand que quelques mois. Cette usine, inaugur\u00e9e&hellip;\n","protected":false},"author":2,"featured_media":329157,"comment_status":"","ping_status":"","sticky":false,"template":"","format":"standard","meta":{"footnotes":""},"categories":[2816],"tags":[1111,11,46660,1777,674,46661,1011,27,2722,12,2680,20682,25,46662,22760,2312],"class_list":{"0":"post-329156","1":"post","2":"type-post","3":"status-publish","4":"format-standard","5":"has-post-thumbnail","7":"category-toulouse","8":"tag-actu","9":"tag-actualites","10":"tag-cdmo","11":"tag-eu","12":"tag-europe","13":"tag-evotec","14":"tag-fr","15":"tag-france","16":"tag-haute-garonne","17":"tag-news","18":"tag-occitanie","19":"tag-pharma","20":"tag-republique-francaise","21":"tag-sandoz","22":"tag-sante-pharma","23":"tag-toulouse"},"share_on_mastodon":{"url":"https:\/\/pubeurope.com\/@fr\/115055092261827773","error":""},"_links":{"self":[{"href":"https:\/\/www.europesays.com\/fr\/wp-json\/wp\/v2\/posts\/329156","targetHints":{"allow":["GET"]}}],"collection":[{"href":"https:\/\/www.europesays.com\/fr\/wp-json\/wp\/v2\/posts"}],"about":[{"href":"https:\/\/www.europesays.com\/fr\/wp-json\/wp\/v2\/types\/post"}],"author":[{"embeddable":true,"href":"https:\/\/www.europesays.com\/fr\/wp-json\/wp\/v2\/users\/2"}],"replies":[{"embeddable":true,"href":"https:\/\/www.europesays.com\/fr\/wp-json\/wp\/v2\/comments?post=329156"}],"version-history":[{"count":0,"href":"https:\/\/www.europesays.com\/fr\/wp-json\/wp\/v2\/posts\/329156\/revisions"}],"wp:featuredmedia":[{"embeddable":true,"href":"https:\/\/www.europesays.com\/fr\/wp-json\/wp\/v2\/media\/329157"}],"wp:attachment":[{"href":"https:\/\/www.europesays.com\/fr\/wp-json\/wp\/v2\/media?parent=329156"}],"wp:term":[{"taxonomy":"category","embeddable":true,"href":"https:\/\/www.europesays.com\/fr\/wp-json\/wp\/v2\/categories?post=329156"},{"taxonomy":"post_tag","embeddable":true,"href":"https:\/\/www.europesays.com\/fr\/wp-json\/wp\/v2\/tags?post=329156"}],"curies":[{"name":"wp","href":"https:\/\/api.w.org\/{rel}","templated":true}]}}