{"id":329158,"date":"2025-08-19T11:03:12","date_gmt":"2025-08-19T11:03:12","guid":{"rendered":"https:\/\/www.europesays.com\/fr\/329158\/"},"modified":"2025-08-19T11:03:12","modified_gmt":"2025-08-19T11:03:12","slug":"brest-lille-les-explications-de-la-direction-de-larbitrage-apres-le-but-lillois-conteste","status":"publish","type":"post","link":"https:\/\/www.europesays.com\/fr\/329158\/","title":{"rendered":"Brest-Lille\u00a0: les explications de la Direction de l\u2019arbitrage apr\u00e8s le but lillois contest\u00e9"},"content":{"rendered":"<p>Ligue 1 (1re journ\u00e9e). Brest &#8211; Lille : 3-3<\/p>\n<p>La premi\u00e8re journ\u00e9e de Ligue 1 a connu un match plein de rebondissements, dimanche au stade Francis Le Bl\u00e9, lors du match nul entre le Stade Brestois et Lille. Si le r\u00e9sultat est finalement une bonne affaire pour les Brestois au vu du sc\u00e9nario de la rencontre, le troisi\u00e8me but lillois a eu du mal \u00e0 passer c\u00f4t\u00e9 brestois.<\/p>\n<p>Sur un corner d\u2019Haraldsson \u00e0 la 67\u2019, Mukau envoyait le ballon au fond des filets, alors que l\u2019arbitre de touche avait lev\u00e9 son drapeau, consid\u00e9rant que le ballon \u00e9tait sorti des limites du terrain. Apr\u00e8s visionnage de la vid\u00e9o, l\u2019arbitre principal Cl\u00e9ment Turpin avait finalement accord\u00e9 le but, au grand dam des Brestois, qui avait d\u00e9pos\u00e9 une r\u00e9serve, ayant tr\u00e8s peu de chances d\u2019aboutir.<\/p>\n<p>Un but p\u00e9dagogique<\/p>\n<p>Dans son <a href=\"https:\/\/www.fff.fr\/article\/15162-le-debrief-de-la-j1.html\" target=\"_blank\" rel=\"noopener\">d\u00e9brief de la 1re journ\u00e9e de Ligue 1<\/a>, la Direction de l\u2019arbitrage commence par rappeler que \u00ab les images utilis\u00e9es par l\u2019assistance vid\u00e9o montrent clairement que le ballon n\u2019est pas sorti des limites du terrain \u00bb. Le d\u00e9brief pr\u00e9cise ensuite que \u00ab seul l\u2019arbitre peut d\u00e9cider d\u2019interrompre le jeu et que l\u2019intervention d\u2019un arbitre assistant \u00e0 l\u2019aide d\u2019un drapeau, quel qu\u2019en soit le motif, ne signifie aucunement l\u2019arr\u00eat de la rencontre \u00bb.<br \/>Depuis la saison derni\u00e8re, la F\u00e9d\u00e9ration fran\u00e7aise de football publie lors de chaque journ\u00e9e un \u00ab d\u00e9brief \u00bb des d\u00e9cisions arbitrales qui ont utilis\u00e9 la vid\u00e9o, dans un but p\u00e9dagogique.<\/p>\n","protected":false},"excerpt":{"rendered":"Ligue 1 (1re journ\u00e9e). Brest &#8211; Lille : 3-3 La premi\u00e8re journ\u00e9e de Ligue 1 a connu un&hellip;\n","protected":false},"author":2,"featured_media":329159,"comment_status":"","ping_status":"","sticky":false,"template":"","format":"standard","meta":{"footnotes":""},"categories":[2815],"tags":[1111,11,3450,1777,674,63,1011,27,811,66,1307,12,25,60,4449],"class_list":{"0":"post-329158","1":"post","2":"type-post","3":"status-publish","4":"format-standard","5":"has-post-thumbnail","7":"category-lille","8":"tag-actu","9":"tag-actualites","10":"tag-brest","11":"tag-eu","12":"tag-europe","13":"tag-football","14":"tag-fr","15":"tag-france","16":"tag-hauts-de-france","17":"tag-ligue-1","18":"tag-lille","19":"tag-news","20":"tag-republique-francaise","21":"tag-sports","22":"tag-stade-brestois"},"share_on_mastodon":{"url":"https:\/\/pubeurope.com\/@fr\/115055100149951981","error":""},"_links":{"self":[{"href":"https:\/\/www.europesays.com\/fr\/wp-json\/wp\/v2\/posts\/329158","targetHints":{"allow":["GET"]}}],"collection":[{"href":"https:\/\/www.europesays.com\/fr\/wp-json\/wp\/v2\/posts"}],"about":[{"href":"https:\/\/www.europesays.com\/fr\/wp-json\/wp\/v2\/types\/post"}],"author":[{"embeddable":true,"href":"https:\/\/www.europesays.com\/fr\/wp-json\/wp\/v2\/users\/2"}],"replies":[{"embeddable":true,"href":"https:\/\/www.europesays.com\/fr\/wp-json\/wp\/v2\/comments?post=329158"}],"version-history":[{"count":0,"href":"https:\/\/www.europesays.com\/fr\/wp-json\/wp\/v2\/posts\/329158\/revisions"}],"wp:featuredmedia":[{"embeddable":true,"href":"https:\/\/www.europesays.com\/fr\/wp-json\/wp\/v2\/media\/329159"}],"wp:attachment":[{"href":"https:\/\/www.europesays.com\/fr\/wp-json\/wp\/v2\/media?parent=329158"}],"wp:term":[{"taxonomy":"category","embeddable":true,"href":"https:\/\/www.europesays.com\/fr\/wp-json\/wp\/v2\/categories?post=329158"},{"taxonomy":"post_tag","embeddable":true,"href":"https:\/\/www.europesays.com\/fr\/wp-json\/wp\/v2\/tags?post=329158"}],"curies":[{"name":"wp","href":"https:\/\/api.w.org\/{rel}","templated":true}]}}