{"id":32916,"date":"2025-04-18T02:03:12","date_gmt":"2025-04-18T02:03:12","guid":{"rendered":"https:\/\/www.europesays.com\/fr\/32916\/"},"modified":"2025-04-18T02:03:12","modified_gmt":"2025-04-18T02:03:12","slug":"en-direct-fortes-chutes-de-neige-dans-les-alpes-appel-a-la-prudence-face-au-fort-risque-davalanche-ce-vendredi","status":"publish","type":"post","link":"https:\/\/www.europesays.com\/fr\/32916\/","title":{"rendered":"EN DIRECT &#8211; Fortes chutes de neige dans les Alpes : appel \u00e0 la prudence face au \u00ab\u00a0fort\u00a0\u00bb risque d&rsquo;avalanche ce vendredi"},"content":{"rendered":"<p>Les Alpes ont connu de fortes chutes de neige ce jeudi, un ph\u00e9nom\u00e8ne qui a occasionn\u00e9 de nombreuses perturbations, dont des coupures d&rsquo;\u00e9lectricit\u00e9 en France, et fait un mort en Italie.Si M\u00e9t\u00e9o France a lev\u00e9 l&rsquo;alerte orange qui touchait le d\u00e9partement de la Savoie, elle appelle \u00e0 la prudence pour la journ\u00e9e de vendredi face au fort risque d&rsquo;avalanche (4 sur 5).Suivez les derni\u00e8res infos.<\/p>\n<p>Valider les filtresR\u00e9initialiser les filtres<\/p>\n<p>Minute par minuteFiltrer par Temps fortsFiltrer<\/p>\n<p>jeudi 17 avril 2025<\/p>\n<p>22:56LE RISQUE D&rsquo;AVALANCHE PERDURE VENDREDI<\/p>\n<p>D&rsquo;abondantes chutes de neige printani\u00e8re ont caus\u00e9 aujourd&rsquo;hui de fortes perturbations dans les Alpes, o\u00f9 les autorit\u00e9s appellent \u00e0 rester vigilant face au risque d&rsquo;avalanche m\u00eame si la m\u00e9t\u00e9o s&rsquo;am\u00e9liore.<\/p>\n<p>M\u00e9t\u00e9o-France a lev\u00e9 l&rsquo;alerte orange aux avalanches en milieu de journ\u00e9e, d\u00e9cr\u00e9t\u00e9e la veille pour la Savoie, mais continue d&rsquo;appeler \u00e0 \u00ab\u00a0la plus grande prudence\u00a0\u00bb face au \u00ab\u00a0fort\u00a0\u00bb risque d&rsquo;avalanches (niveau 4 sur 5) sur tous les d\u00e9partements alpins vendredi.<\/p>\n<p>L&rsquo;acc\u00e8s au tunnel du Mont Blanc a \u00e9t\u00e9 interdit aux poids-lourds et le trafic ferroviaire est \u00e9galement affect\u00e9. 3.000 foyers fran\u00e7ais restaient priv\u00e9s d&rsquo;\u00e9lectricit\u00e9 \u00e0 18 heures selon le gestionnaire du r\u00e9seau \u00e9lectrique Enedis.<\/p>\n<p>21:35<\/p>\n<p>M\u00e9t\u00e9o et intemp\u00e9ries<img decoding=\"async\" src=\"https:\/\/www.europesays.com\/fr\/wp-content\/uploads\/2025\/04\/capjta-val-thorens-869aec-1@1x.jpeg\" alt=\"Alpes : apr\u00e8s les fortes chutes de neige et avant un redoux, les gendarmes appellent \u00e0 la vigilance\" loading=\"lazy\" importance=\"low\" fetchpriority=\"low\" class=\"\" copyright=\"TF1\" aria-hidden=\"true\"\/><\/p>\n<p>Publi\u00e9 hier \u00e0 21h32<\/p>\n<p>20:29UN KAYAKISTE MORT EN CORSE<\/p>\n<p>Un kayakiste tch\u00e8que a trouv\u00e9 la mort cet apr\u00e8s-midi lors d&rsquo;une descente du fleuve Tavignano sur la commune de Giuncaggio (Haute-Corse) et alors que la Corse \u00e9tait en alerte orange pluie-inondation, ont indiqu\u00e9 les pompiers.<\/p>\n<p>L&rsquo;alerte a \u00e9t\u00e9 donn\u00e9e peu avant 14 heures et malgr\u00e9 l&rsquo;intervention rapide des secours avec les sapeurs-pompiers des casernes d&rsquo;Al\u00e9ria et de Corte, l&rsquo;h\u00e9licopt\u00e8re de la s\u00e9curit\u00e9 civile Dragon 2B et les sp\u00e9cialistes du Peloton de Gendarmerie de Haute Montagne (PGHM), l&rsquo;homme de 62 ans, en arr\u00eat cardio-respiratoire, n&rsquo;a pu \u00eatre ranim\u00e9.<\/p>\n<p>18:30UN MORT EN ITALIE<\/p>\n<p>\u00a0En Italie, les services m\u00e9t\u00e9o de l&rsquo;arm\u00e9e de l&rsquo;air ont fait \u00e9tat de pluies \u00ab\u00a0intenses et abondantes\u00a0\u00bb se transformant en neige au-dessus de 1.800 m\u00e8tres. \u00ab\u00a0Un monsieur \u00e2g\u00e9\u00a0\u00bb a \u00e9t\u00e9 retrouv\u00e9 mort \u00e0 son domicile inond\u00e9 dans le Pi\u00e9mont, ont annonc\u00e9 les pompiers italiens sur X, les m\u00e9dias pr\u00e9cisant qu&rsquo;il avait 92 ans.<\/p>\n<p>18:13PLUS DE 3.300 FOYERS PRIV\u00c9S D&rsquo;\u00c9LECTRICIT\u00c9<\/p>\n<p>Plus de 3.300 foyers fran\u00e7ais restaient priv\u00e9s d&rsquo;\u00e9lectricit\u00e9 en milieu d&rsquo;apr\u00e8s-midi, selon la pr\u00e9fecture de Savoie. De nombreuses routes et tunnels sont coup\u00e9s dans les zones affect\u00e9es de France, d&rsquo;Italie et de Suisse en raison de chutes d&rsquo;arbres ou de risques d&rsquo;avalanches et des \u00e9coles sont rest\u00e9es ferm\u00e9es. Des dizaines de poids lourds, interdits d&#8217;emprunter les tunnels transfrontaliers, \u00e9taient \u00e0 l&rsquo;arr\u00eat sur le bas c\u00f4t\u00e9 de l&rsquo;autoroute A43 reliant la France \u00e0 l&rsquo;Italie.<\/p>\n<p>17:34<\/p>\n<p>M\u00e9t\u00e9o et intemp\u00e9ries<img decoding=\"async\" src=\"https:\/\/www.europesays.com\/fr\/wp-content\/uploads\/2025\/04\/risques-d-avalanche-montagne-611379-4@1x.jpeg\" alt=\"Neige en Savoie : une personne dans un \u00e9tat critique apr\u00e8s avoir \u00e9t\u00e9 ensevelie par une avalanche \u00e0 Val Thorens\" loading=\"lazy\" importance=\"low\" fetchpriority=\"low\" class=\"\" copyright=\"georgeclerk \/ iStock\" aria-hidden=\"true\"\/><\/p>\n<p>Publi\u00e9 hier \u00e0 17h27<\/p>\n<p>17:13UNE CENTAINE DE MILITAIRES D\u00c9PLOY\u00c9S EN SAVOIE ET HAUTE-SAVOIE<\/p>\n<p>Pour faire face aux fortes chutes de neige, en Savoie et en Haute-Savoie, plus d&rsquo;une centaine de militaires de la gendarmerie nationale sont actuellement engag\u00e9s, d&rsquo;apr\u00e8s les informations de TF1\/LCI, appuy\u00e9s par des unit\u00e9s de montagne. Trois avalanches, dont celle qui a gri\u00e8vement bless\u00e9 une personne, ont \u00e9t\u00e9 recens\u00e9es en Savoie entre Val Thorens et Les Menuires.\u00a0<\/p>\n<p>16:06LA VIGILANCE ORANGE LEV\u00c9E <\/p>\n<p>M\u00e9t\u00e9o-France a lev\u00e9 la vigilance orange pluie-inondation sur les deux d\u00e9partements corses, dans son nouveau bulletin actualis\u00e9 \u00e0 16 heures. \u00ab\u00a0Les pr\u00e9cipitations associ\u00e9es \u00e0 la d\u00e9pression Hans perdent de leur intensit\u00e9 sur la Corse, ne justifiant plus le maintien en vigilance orange de ces d\u00e9partements\u00a0\u00bb, explique l&rsquo;organisme m\u00e9t\u00e9orologique.<\/p>\n<p>Il n&rsquo;y a d\u00e9sormais plus aucun d\u00e9partement plac\u00e9 en vigilance orange.<\/p>\n<p>15:42UNE PERSONNE DANS UN \u00c9TAT CRITIQUE EN SAVOIE<\/p>\n<p>Une personne se trouve en \u00e9tat critique apr\u00e8s avoir \u00e9t\u00e9 ensevelie par une coul\u00e9e de neige dans la station de Val Thorens, a indiqu\u00e9 la pr\u00e9fecture de Savoie, o\u00f9 une alerte orange aux avalanches a \u00e9t\u00e9 lev\u00e9e \u00e0 14 heures. Retrouv\u00e9e en \u00ab\u00a0arr\u00eat cardio-respiratoire\u00a0\u00bb, la victime a \u00e9t\u00e9 transf\u00e9r\u00e9e au centre hospitalier de Grenoble, a pr\u00e9cis\u00e9 la pr\u00e9fecture, confirmant une information du <a href=\"https:\/\/www.ledauphine.com\/faits-divers-justice\/2025\/04\/17\/trois-personnes-ensevelies-dont-une-dans-un-etat-critique-val-thorens\" target=\"_blank\" rel=\"nofollow noopener\">Dauphin\u00e9 Lib\u00e9r\u00e9 (nouvelle fen\u00eatre)<\/a>.\u00a0<\/p>\n<p>15:38FORTES CHUTES DE NEIGES<\/p>\n<p>Les Alpes suisses, fran\u00e7aises et italiennes subissent de fortes chutes de neige ce jeudi, un ph\u00e9nom\u00e8ne qui occasionne de nombreuses perturbations, dont des coupures d&rsquo;\u00e9lectricit\u00e9.\u00a0<\/p>\n<p>Les images des impressionnantes chutes de neige dans les AlpesSource : TF1info Shorts<\/p>\n<p><img decoding=\"async\" src=\"https:\/\/www.europesays.com\/fr\/wp-content\/uploads\/2025\/04\/les-images-des-impressionnantes-chutes-de-neige-dans-les-alpes-2c6990-0@1x.jpeg\" alt=\"\" loading=\"lazy\" importance=\"low\" fetchpriority=\"low\" class=\"\"\/><a href=\"https:\/\/www.tf1info.fr\/meteo\/videos\/video-les-images-des-impressionnantes-chutes-de-neige-dans-les-alpes-55968-2365746.html\" rel=\"nofollow noopener\" class=\"jsx-3118104007 Link\" target=\"_blank\"><img decoding=\"async\" src=\"https:\/\/www.europesays.com\/fr\/wp-content\/uploads\/2025\/04\/les-images-des-impressionnantes-chutes-de-neige-dans-les-alpes-2c6990-0@1x.jpeg\" alt=\"\" loading=\"lazy\" importance=\"low\" fetchpriority=\"low\" class=\"\" aria-hidden=\"true\"\/><\/p>\n<p>01:28<\/p>\n<p><\/a>15:04TIGNES CONFIN\u00c9E<\/p>\n<p>\u00ab\u00a0Nous devons rester dans les h\u00f4tels et appartements\u00a0\u00bb, t\u00e9moignent les habitants au JT de TF1.<\/p>\n<p>M\u00e9t\u00e9o et intemp\u00e9ries<img decoding=\"async\" src=\"https:\/\/www.europesays.com\/fr\/wp-content\/uploads\/2025\/04\/hotel-tignes-dbceb1-0@1x.jpeg\" alt=\"Capture TF1\" loading=\"lazy\" importance=\"low\" fetchpriority=\"low\" class=\"\" copyright=\"Capture TF1\" aria-hidden=\"true\"\/><\/p>\n<p>Publi\u00e9 hier \u00e0 14h56<\/p>\n<p>14:41ROUTE COUP\u00c9E<\/p>\n<p>Le compte X des Autoroutes et Tunnel du Mont Blanc indique qu&rsquo;\u00e0 13h20, l&rsquo;A40 en direction de Chamonix a \u00e9t\u00e9 coup\u00e9e \u00e0 hauteur de Passy sur les deux voies de circulation en raison d&rsquo;un accident. Les conditions de circulation sont d\u00e9licates dans le secteur en raison des importantes chutes de neige.<\/p>\n<blockquote data-testid=\"EmbedTwitter\" id=\"tweet-1912830781522600215-:Rsph6ma6ij9n7a6:\" class=\"jsx-aeff1a1c40f54d7a twitter-tweet flex justify-center items-center\"><p>\u231a\ufe0f13h20 : A40 en direction de Chamonix | Autoroute coup\u00e9e \u00e0 hauteur de Passy sur les 2 voies de circulation | en raison d&rsquo;un accident impliquant deux poids lourds  \u25b6\ufe0fsortie 20 obligatoire \ud83d\udcfbEcoutez  @AutorouteINFO Plus d&rsquo;info https:\/\/t.co\/gG9kocpDBg @Prefet74 pic.twitter.com\/Hl64PaRKeJ \u2014 Autoroutes et Tunnel du Mont Blanc (@ATMBinfo)  April 17, 2025<\/p><\/blockquote>\n<p>14:24EN IMAGES<\/p>\n<p>D&rsquo;abondantes quantit\u00e9s de neige, jusqu&rsquo;\u00e0 120 cm en altitude, sont tomb\u00e9es en Savoie cette nuit. Cela a occasionn\u00e9 d&rsquo;importantes perturbations, notamment sur les rails et sur les routes. Le JT de 13h a compil\u00e9 des images dans la vall\u00e9e de la Maurienne et en Tarentaise, dignes d&rsquo;un mois de d\u00e9cembre.<\/p>\n<p>M\u00e9t\u00e9o et intemp\u00e9ries<img decoding=\"async\" src=\"https:\/\/www.europesays.com\/fr\/wp-content\/uploads\/2025\/04\/neige-avril-montagne-4d8fb0-0@1x.jpeg\" alt=\"Capture TF1\" loading=\"lazy\" importance=\"low\" fetchpriority=\"low\" class=\"\" copyright=\"Capture TF1\" aria-hidden=\"true\"\/><\/p>\n<p>Publi\u00e9 hier \u00e0 14h19<\/p>\n<p>14:22FIN DE VIGILANCE ORANGE<\/p>\n<p>M\u00e9t\u00e9o-France a mis fin \u00e0 sa vigilance orange \u00ab\u00a0avalanche\u00a0\u00bb en Haute-Savoie. \u00ab\u00a0Le risque d&rsquo;avalanches sur les Alpes frontali\u00e8res devient un peu moins marqu\u00e9 que ce jeudi matin (retour en vigilance jaune). La prudence reste n\u00e9anmoins de mise\u00a0\u00bb, pr\u00e9cise l&rsquo;organisme. Seule la Corse reste en vigilance orange pluie-inondation.<\/p>\n<blockquote data-testid=\"EmbedTwitter\" id=\"tweet-1912838718009802996-:Rspp6ma6ij9n7a6:\" class=\"jsx-aeff1a1c40f54d7a twitter-tweet flex justify-center items-center\"><p>Pour jeudi 17 avril 2025 : \ud83d\udfe0 2 d\u00e9partements en Vigilance orange Restez prudents et inform\u00e9s : https:\/\/t.co\/JGz4rTUvHP pic.twitter.com\/DuHwg2sFiG \u2014 VigiM\u00e9t\u00e9oFrance (@VigiMeteoFrance)  April 17, 2025<\/p><\/blockquote>\n<p>13:47UNE SITUATION PAS IN\u00c9DITE<\/p>\n<p>Si elle engendre des difficult\u00e9s, la situation n&rsquo;est pas in\u00e9dite pour un mois d&rsquo;avril dans les Alpes. Les chutes de neige sont li\u00e9es \u00e0 une perturbation importante et un fort retour d&rsquo;Est sur les Alpes frontali\u00e8res avec l&rsquo;Italie.\u00a0<\/p>\n<p>13:45TRAFIC TER PERTURB\u00c9<\/p>\n<p>Le r\u00e9seau TER enregistre \u00e9galement des perturbations importantes. Le trafic est interrompu pour la journ\u00e9e entre Modane et St-Jean de Maurienne, entre Moutiers et Bourg St-Maurice et entre Moutiers et Chamb\u00e9ry. Il est aussi tr\u00e8s perturb\u00e9 entre Chamb\u00e9ry et St-Jean de Maurienne, selon la SNCF.<\/p>\n<p>\u00ab\u00a0Une perturbation fortement pr\u00e9cipitante stationne sur les Alpes, en m\u00eame temps qu&rsquo;un retour d&rsquo;Est tr\u00e8s actif concerne les Alpes frontali\u00e8res avec l&rsquo;Italie\u00a0\u00bb, a fait savoir M\u00e9t\u00e9o-France, qui attend des cumuls de l&rsquo;ordre \u00ab\u00a0de 10 \u00e0 20 cm d\u00e8s 800 m, et 20 \u00e0 30 cm au-dessus de 1.100 m\u00a0\u00bb.<\/p>\n<p>13:44\u00c9LECTRICIT\u00c9<\/p>\n<p>Quelque 5.400 foyers sont priv\u00e9s d&rsquo;\u00e9lectricit\u00e9 depuis ce matin en Savoie et un millier d&rsquo;autres dans le secteur de Chamonix en Haute-Savoie, a indiqu\u00e9 le groupe Enedis. La neige a provoqu\u00e9 des chutes d\u2019arbres et de branches sur des lignes et \u00ab\u00a0les acc\u00e8s sont encore difficiles, rendant les interventions de r\u00e9tablissement d\u00e9licates\u00a0\u00bb, pr\u00e9cise-t-il.<\/p>\n<p>13:41TUNNEL DU FR\u00c9JUS<\/p>\n<p>Le tunnel du Fr\u00e9jus qui relie la France \u00e0 l&rsquo;Italie est ferm\u00e9 aux poids lourds et des dizaines d&rsquo;entre eux \u00e9taient \u00e0 l&rsquo;arr\u00eat sur le bas c\u00f4t\u00e9 de l&rsquo;autoroute \u00e0 hauteur de Saint-Julien-Mont-Denis, a constat\u00e9 une journaliste de l&rsquo;AFP.<\/p>\n<p>13:40TIGNES CONFINE<\/p>\n<p>Les quantit\u00e9s de neige tomb\u00e9es depuis hier en Savoie, jusqu&rsquo;\u00e0 120 cm en altitude, ont contraint la commune de Tignes \u00e0 confiner ses habitants aujourd&rsquo;hui. La mairie a pris un arr\u00eat\u00e9 de confinement de la population jusqu&rsquo;\u00e0 15h, suivi d&rsquo;une autorisation temporaire de circuler \u00e0 l&rsquo;int\u00e9rieur d&rsquo;un m\u00eame quartier, avant un nouveau confinement de la population \u00ab\u00a0de 20h jusqu&rsquo;\u00e0 nouvel ordre\u00a0\u00bb. Le domaine skiable, les \u00e9coles et la cr\u00e8che sont ferm\u00e9es pour la journ\u00e9e, pr\u00e9cise la municipalit\u00e9.<\/p>\n<p>\u00ab\u00a0Toutes les voitures sont recouvertes jusqu\u2019au toit, il y a 1,50 m de neige. Rien que de marcher dehors, c\u2019est un souci\u00a0\u00bb, a d\u00e9clar\u00e9 \u00e0 l&rsquo;AFP Mathis, un employ\u00e9 d&rsquo;h\u00f4tellerie travaillant \u00e0 Altitude R\u00e9sidences \u00e0 Tignes, joint au t\u00e9l\u00e9phone par l&rsquo;AFP. \u00ab\u00a0On avait quelques arriv\u00e9es aujourd\u2019hui (jeudi) mais qui devront attendre\u00a0\u00bb que la route ouvre. \u00ab\u00a0On n&rsquo;est ma\u00eetre de pas grand-chose\u00a0\u00bb, a-t-il t\u00e9moign\u00e9. \u00c0 La Plagne, quelque 60 cm de neige sont tomb\u00e9s \u00e0 2.000 m d&rsquo;altitude et 95 cm \u00e0 3.000 et \u00ab\u00a0le domaine skiable est ferm\u00e9 jusqu&rsquo;\u00e0 nouvel ordre\u00a0\u00bb, selon la station.<\/p>\n<p>13:32TUNNEL DU MONT-BLANC<\/p>\n<p>Sur X, la pr\u00e9fecture de la Haute-Savoie pr\u00e9vient que les conditions de circulation sont \u00ab\u00a0perturb\u00e9es\u00a0\u00bb au Tunnel du Mont-Blanc et en Italie. \u00ab\u00a0Depuis le 16 avril, le d\u00e9partement conna\u00eet un \u00e9pisode m\u00e9t\u00e9orologique marqu\u00e9 par de fortes chutes de neige en altitude, rendant la circulation difficile sur la RN205 menant au tunnel\u00a0\u00bb, pr\u00e9cise la pr\u00e9fecture. Il faut ainsi pr\u00e9voir \u00ab\u00a0des temps d&rsquo;attente allong\u00e9s\u00a0\u00bb pour l&rsquo;acc\u00e8s au tunnel.\u00a0<\/p>\n<p>Alors que le week-end prolong\u00e9 de P\u00e2ques inqui\u00e8te pour la densit\u00e9 de circulation sur les routes, les autorit\u00e9s recommandent de \u00ab\u00a0reporter tout d\u00e9placement vers la zone du Tunnel du mont-Blanc jusqu&rsquo;\u00e0 l&rsquo;am\u00e9lioration des conditions climatiques et de circulation\u00a0\u00bb.<\/p>\n<blockquote data-testid=\"EmbedTwitter\" id=\"tweet-1912813951487721928-:Rsqh6ma6ij9n7a6:\" class=\"jsx-aeff1a1c40f54d7a twitter-tweet flex justify-center items-center\"><p>\u2744\ufe0f  #Intemp\u00e9ries | Conditions de circulation d\u00e9grad\u00e9es au  #TunnelduMontBlanc &amp; en Italie  \ud83d\ude9b Stockage &amp; retournement des poids lourds \u23f1\ufe0f Acc\u00e8s r\u00e9gul\u00e9, attentes prolong\u00e9es \u26a0\ufe0f Fort trafic attendu en ce week-end de P\u00e2ques, les d\u00e9placements sont d\u00e9conseill\u00e9s + d&rsquo;infos \u2935\ufe0f&amp;  @ATMBinfo pic.twitter.com\/mvkOI2he5J \u2014 Pr\u00e9f\u00e8te de la Haute-Savoie (@Prefet74)  April 17, 2025<\/p><\/blockquote>\n<p>13:29HAUTES-ALPES<\/p>\n<p>Le d\u00e9partement des Hautes-Alpes est plac\u00e9 en vigilance jaune pluie-inondations et fort risque d&rsquo;avalanche (4 sur 5).<\/p>\n<blockquote data-testid=\"EmbedTwitter\" id=\"tweet-1912797169259511808-:Rsql6ma6ij9n7a6:\" class=\"jsx-aeff1a1c40f54d7a twitter-tweet flex justify-center items-center\"><p>\u26a0\ufe0f Vigilance jaune pluie-inondation et fort risque d\u2019avalanches \u26a0\ufe0f \ud83d\udccd M\u00e9t\u00e9o-France a plac\u00e9 le d\u00e9partement des Hautes-Alpes en vigilance jaune pluie-inondation. \u26f0\ufe0f Un risque d\u2019avalanches de 4 sur 5 est \u00e9galement signal\u00e9.  https:\/\/t.co\/Dua7lkydpg pic.twitter.com\/ojcjL8rdh4 \u2014 Pr\u00e9fet des Hautes-Alpes (@Prefet05)  April 17, 2025<\/p><\/blockquote>\n<p>13:28CUMULS ET DANGERS<\/p>\n<p>M\u00e9t\u00e9o-France attend des cumuls de l&rsquo;ordre \u00ab\u00a0de 10 \u00e0 20 cm d\u00e8s 800 m, et 20 \u00e0 30 cm au-dessus de 1.100 m\u00a0\u00bb dans les Alpes frontali\u00e8res avec l&rsquo;Italie. M\u00e9t\u00e9oSuisse a confirm\u00e9 hier un degr\u00e9 de danger dit \u00ab\u00a0tr\u00e8s fort\u00a0\u00bb, soit 5\/5, pour le Haut-Valais, \u00e0 la fronti\u00e8re avec l&rsquo;Italie jusqu&rsquo;\u00e0 16h. C&rsquo;est le niveau d&rsquo;alerte le plus \u00e9lev\u00e9 depuis 2001 selon le quotidien Waliser Bote, qui signifie une \u00ab\u00a0mont\u00e9e extr\u00eame du niveau des eaux des ruisseaux et lacs, inondations dans de nombreux endroits ainsi qu&rsquo;un risque \u00e9lev\u00e9 de glissements de terrain et de laves torrentielles\u00a0\u00bb, selon le site de M\u00e9t\u00e9oSuisse.<\/p>\n<p>L&rsquo;Office f\u00e9d\u00e9ral de m\u00e9t\u00e9orologie et de climatologie explique cette situation exceptionnelle par l&rsquo;arriv\u00e9e d&rsquo;un syst\u00e8me d\u00e9pressionnaire qui entra\u00eene des pluies torrentielles pouvant atteindre jusqu\u2019\u00e0 250 litres par m\u00e8tre carr\u00e9. Le danger d&rsquo;avalanche est \u00ab\u00a0fort\u00a0\u00bb en Valais ainsi que sur la cr\u00eate nord des Alpes dans l&rsquo;Oberland bernois et dans le nord-ouest du Tessin, selon le bulletin d&rsquo;avalanches de jeudi. Le risque d&rsquo;avalanche est \u00e9valu\u00e9 \u00e0 4 sur une \u00e9chelle de 5.<\/p>\n<p>13:27ALERTE DANS LE VALAIS SUISSE<\/p>\n<p>Le gouvernement local suisse recommande \u00e0 la population de limiter les d\u00e9placements au strict n\u00e9cessaire, de ne pas se promener en for\u00eat ou \u00e0 proximit\u00e9 d&rsquo;arbres. Les habitants sont aussi appel\u00e9s \u00e0 se mettre en s\u00e9curit\u00e9 plut\u00f4t que filmer les \u00e9v\u00e9nements et \u00e0 se conformer strictement aux ordres des autorit\u00e9s, souligne le gouvernement r\u00e9gional.<\/p>\n<p>Les personnes qui avaient pr\u00e9vu de se rendre en Valais pour les vacances de P\u00e2ques \u00ab\u00a0sont invit\u00e9es \u00e0 d\u00e9caler d&rsquo;un jour\u00a0\u00bb leur arriv\u00e9e. Vendredi Saint est un jour f\u00e9ri\u00e9 dans une grande partie de la Suisse et les d\u00e9parts pour les vacances scolaires commencent donc d\u00e8s ce jeudi. La route du col du Simplon, qui culmine \u00e0 2009 m\u00e8tres et relie la Suisse \u00e0 l&rsquo;Italie, est notamment interdite \u00e0 la circulation en raison de la neige. Le col du Grand-Saint-Bernard (2.473 m) a \u00e9t\u00e9 ferm\u00e9 par pr\u00e9caution d\u00e8s mercredi soir. Une bonne partie de la ville est ferm\u00e9e au trafic routier et m\u00eame pi\u00e9ton, selon un communiqu\u00e9 de la commune.<\/p>\n<p>13:26AUTOROUTE FERM\u00c9E<\/p>\n<p>En Italie, les services m\u00e9t\u00e9o de l&rsquo;arm\u00e9e de l&rsquo;air ont fait \u00e9tat de pluies \u00ab\u00a0intenses et abondantes\u00a0\u00bb se transformant en neige au-dessus de 1.800 m\u00e8tres, avec des quantit\u00e9s qui pourraient \u00eatre \u00ab\u00a0exceptionnelles\u00a0\u00bb. L&rsquo;autoroute reliant Turin \u00e0 Aoste (nord) a \u00e9t\u00e9 ferm\u00e9e \u00e0 la circulation car partiellement inond\u00e9e, tandis que les parcs de Milan (nord) ont \u00e9t\u00e9 ferm\u00e9s en raison des risques de chute d&rsquo;arbres et de branches, un vent fort atteignant par endroit jusqu&rsquo;\u00e0 100 km\/h fouettant \u00e9galement la P\u00e9ninsule. Dans le Val d&rsquo;Aoste, frontalier de la France et de la Suisse, des habitations et des \u00e9tables ont d\u00fb \u00eatre \u00e9vacu\u00e9es en raison de la mont\u00e9e de certains cours d&rsquo;eau.<\/p>\n<p>13:24SITUATION \u00ab\u00a0PARTICULI\u00c8RE\u00a0\u00bb EN SUISSE<\/p>\n<p>Les Alpes suisses, fran\u00e7aises et italiennes connaissent de tr\u00e8s fortes chutes de neige aujourd&rsquo;hui, occasionnant d&rsquo;importantes perturbations qui ont conduit les autorit\u00e9s locales \u00e0 prendre des mesures exceptionnelles face aux difficult\u00e9s de circulation et risques d&rsquo;avalanches et de chutes d&rsquo;arbre. Les chutes de neige \u00ab\u00a0exceptionnelles\u00a0\u00bb qui s&rsquo;abattent sur le canton du Valais (sud-ouest) devraient se prolonger jusque dans l&rsquo;apr\u00e8s-midi, selon les autorit\u00e9s suisses. \u00ab\u00a0Le Conseil d&rsquo;\u00c9tat a d\u00e9cid\u00e9 de d\u00e9clarer la situation particuli\u00e8re\u00a0\u00bb, \u00e9crit le gouvernement local suisse dans un communiqu\u00e9, ce qui lui permet de mobiliser plus facilement les moyens d&rsquo;intervention.<\/p>\n<p>De nombreuses routes sont \u00e9galement ferm\u00e9es en raison de la forte accumulation de neige ou de la chute de branches d&rsquo;arbres qui ont c\u00e9d\u00e9 sous le poids des pr\u00e9cipitations. La circulation ferroviaire et des t\u00e9l\u00e9cabines est aussi perturb\u00e9e ou interrompue et plusieurs communes sont priv\u00e9es d&rsquo;\u00e9lectricit\u00e9. Les \u00e9coles, y compris professionnelles, resteront ferm\u00e9es ce jeudi, pr\u00e9cise le gouvernement valaisan.<\/p>\n<p>13:14SAVOIE : LA GAL\u00c8RE SUR LES ROUTES<\/p>\n<p>En Savoie, les pr\u00e9cipitations ont entra\u00een\u00e9 de fortes perturbations sur les routes comme sur les rails. Le point sur la situation avec l&rsquo;\u00e9quipe de TF1.\u00a0<\/p>\n<p>Savoie : 40 centim\u00e8tres de neige, gal\u00e8re sur les routesSource : TF1 Info<\/p>\n<p><img decoding=\"async\" src=\"https:\/\/www.europesays.com\/fr\/wp-content\/uploads\/2025\/04\/savoie-40-centimetres-de-neige-galere-sur-les-routes-7d8e04-0@1x.jpeg\" alt=\"Savoie : 40 centim\u00e8tres de neige, gal\u00e8re sur les routes\" loading=\"lazy\" importance=\"low\" fetchpriority=\"low\" class=\"\"\/><img decoding=\"async\" src=\"https:\/\/www.europesays.com\/fr\/wp-content\/uploads\/2025\/04\/player-logo-play.svg.svg+xml\" alt=\"Logo lecture\" class=\"jsx-d0de44c05fe3042c PlayerLazyload__Play\"\/>13:03FORTES INTEMP\u00c9RIES DANS LES ALPES<\/p>\n<p>Les Alpes suisses, fran\u00e7aises et italiennes connaissent de tr\u00e8s fortes chutes de neige ce jeudi, provoquant d&rsquo;importantes perturbations qui ont conduit les autorit\u00e9s locales \u00e0 prendre des mesures exceptionnelles face aux difficult\u00e9s de circulation et risques d&rsquo;avalanches et de chutes d&rsquo;arbre. En France, plus de 6000 foyers \u00e9taient priv\u00e9s d&rsquo;\u00e9lectricit\u00e9 en milieu de journ\u00e9e. L&rsquo;autoroute A43 a \u00e9t\u00e9 ferm\u00e9e aux poids lourds.\u00a0<\/p>\n<p>Suivez les derni\u00e8res infos dans ce direct.<\/p>\n<p data-module=\"article-paragraph\" class=\"jsx-362436225 Paragraph\">L&rsquo;hiver a d\u00e9cid\u00e9 de refaire une petite incursion dans les Alpes fran\u00e7aises. Apr\u00e8s les Pyr\u00e9n\u00e9es, les d\u00e9partements alpins ont \u00e9t\u00e9 touch\u00e9s, ce jeudi 17 avril, <a href=\"https:\/\/www.tf1info.fr\/meteo\/c-est-sur-que-ca-fait-un-peu-raler-le-retour-de-la-neige-en-montagne-ne-fait-pas-que-des-heureux-2365552.html\" rel=\"nofollow noopener\" target=\"_blank\">par d&rsquo;importantes chutes de neige<\/a>. Le d\u00e9partement de la Savoie a m\u00eame \u00e9t\u00e9 plac\u00e9 en vigilance orange mercredi soir par M\u00e9t\u00e9o-France, alerte lev\u00e9e dans l&rsquo;apr\u00e8s-midi de jeudi.<\/p>\n<p data-module=\"article-paragraph\" class=\"jsx-362436225 Paragraph\">Les Alpes suisses, fran\u00e7aises et italiennes ont connu dans la matin\u00e9e de tr\u00e8s fortes chutes de neige, occasionnant d&rsquo;importantes perturbations qui ont conduit les autorit\u00e9s locales \u00e0 prendre des mesures exceptionnelles, notamment de confinement dans des stations de ski, face aux difficult\u00e9s de circulation et risques d&rsquo;avalanches et de chutes d&rsquo;arbre.\u00a0<\/p>\n<p data-module=\"article-paragraph\" class=\"jsx-362436225 Paragraph\">Quelques 3.000 foyers fran\u00e7ais \u00e9taient toujours priv\u00e9s d&rsquo;\u00e9lectricit\u00e9 jeudi en fin de journ\u00e9e, et plusieurs routes ont \u00e9t\u00e9 coup\u00e9es \u00e0 la suite de chutes d&rsquo;arbres, notamment l&rsquo;autoroute A43.<\/p>\n<p data-module=\"article-paragraph\" class=\"jsx-362436225 Paragraph Paragraph__End\">En France, une personne a \u00e9t\u00e9 ensevelie par une coul\u00e9e de neige en bas de la station savoyarde de Val-Thorens, o\u00f9 elle a \u00e9t\u00e9 retrouv\u00e9e en arr\u00eat cardio-respiratoire, avant d&rsquo;\u00eatre \u00e9vacu\u00e9e vers le centre hospitalier de Grenoble, selon la pr\u00e9fecture. Et en Italie, o\u00f9 les services m\u00e9t\u00e9o de l&rsquo;arm\u00e9e de l&rsquo;air ont fait \u00e9tat de pluies \u00ab\u00a0intenses et abondantes\u00a0\u00bb se transformant en neige au-dessus de 1.800 m\u00e8tres, un homme \u00e2g\u00e9 a \u00e9t\u00e9 retrouv\u00e9 mort \u00e0 son domicile inond\u00e9 dans le Pi\u00e9mont, ont annonc\u00e9 les pompiers italiens sur X, les m\u00e9dias pr\u00e9cisant qu&rsquo;il avait 92 ans.<\/p>\n<ul class=\"jsx-658110588 ReadMoreArticle__List flex flex-column\">\n<li class=\"jsx-658110588\"><a href=\"https:\/\/www.tf1info.fr\/meteo\/alpes-apres-les-fortes-chutes-de-neige-et-avant-un-redoux-les-gendarmes-appellent-a-la-vigilance-2365785.html\" rel=\"nofollow noopener\" class=\"jsx-4233824444 Link flex\" target=\"_blank\"><img decoding=\"async\" src=\"https:\/\/www.europesays.com\/fr\/wp-content\/uploads\/2025\/04\/capjta-val-thorens-055ee9-1@1x.jpeg\" alt=\"Lire aussi\" loading=\"lazy\" importance=\"low\" fetchpriority=\"low\" class=\"\" copyright=\"TF1\"\/>\n<p class=\"jsx-658110588 ReadMoreArticle__Title\">Lire aussi<\/p>\n<p class=\"jsx-658110588\">Alpes : apr\u00e8s les fortes chutes de neige et avant un redoux, les gendarmes appellent \u00e0 la vigilance<\/p>\n<p><\/a><\/li>\n<\/ul>\n<p><img decoding=\"async\" src=\"https:\/\/www.europesays.com\/fr\/wp-content\/uploads\/2025\/04\/neige-en-savoie-avril-2025-7b3f3a-0@1x.jpeg\" alt=\"Chutes de neige \u00e0 Bonneval-sur-Arc (Savoie)\" loading=\"lazy\" importance=\"low\" fetchpriority=\"low\" class=\"\"\/>Chutes de neige \u00e0 Bonneval-sur-Arc (Savoie) &#8211; TF1<\/p>\n<p data-module=\"article-paragraph\" class=\"jsx-362436225 Paragraph Paragraph__End\">La vigilance devra toujours \u00eatre de mise ce vendredi. M\u00e9t\u00e9o France continue d&rsquo;appeler \u00e0 \u00ab\u00a0la plus grande prudence\u00a0\u00bb face au \u00ab\u00a0fort\u00a0\u00bb risque d&rsquo;avalanches (niveau 4 sur 5) sur tous les d\u00e9partements alpins.<\/p>\n<p>A.B.<\/p>\n<p><script async src=\"https:\/\/platform.twitter.com\/widgets.js\" charset=\"utf-8\"><\/script><\/p>\n","protected":false},"excerpt":{"rendered":"Les Alpes ont connu de fortes chutes de neige ce jeudi, un ph\u00e9nom\u00e8ne qui a occasionn\u00e9 de nombreuses&hellip;\n","protected":false},"author":2,"featured_media":32917,"comment_status":"","ping_status":"","sticky":false,"template":"","format":"standard","meta":{"footnotes":""},"categories":[1356],"tags":[1111,11,1921,58,59,1011,27,1922,11007,10584,11008,252,1364,133,11009],"class_list":{"0":"post-32916","1":"post","2":"type-post","3":"status-publish","4":"format-standard","5":"has-post-thumbnail","7":"category-television","8":"tag-actu","9":"tag-actualites","10":"tag-article-video","11":"tag-divertissement","12":"tag-entertainment","13":"tag-fr","14":"tag-france","15":"tag-info","16":"tag-meteo-quotidienne","17":"tag-neige","18":"tag-phenomenes-meteo","19":"tag-television","20":"tag-tv","21":"tag-video","22":"tag-video-meteo-et-intemperies"},"share_on_mastodon":{"url":"https:\/\/pubeurope.com\/@fr\/114356512686752231","error":""},"_links":{"self":[{"href":"https:\/\/www.europesays.com\/fr\/wp-json\/wp\/v2\/posts\/32916","targetHints":{"allow":["GET"]}}],"collection":[{"href":"https:\/\/www.europesays.com\/fr\/wp-json\/wp\/v2\/posts"}],"about":[{"href":"https:\/\/www.europesays.com\/fr\/wp-json\/wp\/v2\/types\/post"}],"author":[{"embeddable":true,"href":"https:\/\/www.europesays.com\/fr\/wp-json\/wp\/v2\/users\/2"}],"replies":[{"embeddable":true,"href":"https:\/\/www.europesays.com\/fr\/wp-json\/wp\/v2\/comments?post=32916"}],"version-history":[{"count":0,"href":"https:\/\/www.europesays.com\/fr\/wp-json\/wp\/v2\/posts\/32916\/revisions"}],"wp:featuredmedia":[{"embeddable":true,"href":"https:\/\/www.europesays.com\/fr\/wp-json\/wp\/v2\/media\/32917"}],"wp:attachment":[{"href":"https:\/\/www.europesays.com\/fr\/wp-json\/wp\/v2\/media?parent=32916"}],"wp:term":[{"taxonomy":"category","embeddable":true,"href":"https:\/\/www.europesays.com\/fr\/wp-json\/wp\/v2\/categories?post=32916"},{"taxonomy":"post_tag","embeddable":true,"href":"https:\/\/www.europesays.com\/fr\/wp-json\/wp\/v2\/tags?post=32916"}],"curies":[{"name":"wp","href":"https:\/\/api.w.org\/{rel}","templated":true}]}}