{"id":329160,"date":"2025-08-19T11:04:10","date_gmt":"2025-08-19T11:04:10","guid":{"rendered":"https:\/\/www.europesays.com\/fr\/329160\/"},"modified":"2025-08-19T11:04:10","modified_gmt":"2025-08-19T11:04:10","slug":"sur-le-site-de-corbieres-a-marseille-les-chats-sont-ils-devenus-indesirables","status":"publish","type":"post","link":"https:\/\/www.europesays.com\/fr\/329160\/","title":{"rendered":"Sur le site de Corbi\u00e8res \u00e0 Marseille les chats sont-ils devenus ind\u00e9sirables ?"},"content":{"rendered":"<p>Trois fois par semaine, \u00e9t\u00e9 comme hiver, St\u00e9phanie Bulon-Baills se l\u00e8ve \u00e0 l\u2019aube pour, depuis son domicile de Rognac, rejoindre le parking de la Lave (16e) qui surplombe <a href=\"https:\/\/laprovence.com\/article\/region\/1035255246272115\/a-corbieres-le-barbecue-un-art-de-vivre-illegal-mais-tolere\" target=\"_blank\" rel=\"noopener\">la plage de Corbi\u00e8res<\/a> et s\u2019occuper <a href=\"https:\/\/www.laprovence.com\/article\/region\/2746474828114514\/chacun-cherche-son-chat-a-lestaque-les-habitants-se-mobilisent-apres-lincendie-du-8-juillet\" target=\"_blank\" rel=\"noopener\">des chats de la colline<\/a>. Trois fois par semaine, la porte-parole de l\u2019association <a href=\"https:\/\/laprovence.com\/article\/edition-vitrolles-marignane\/6329620\/rognac-cause-animale-larche-de-freyja-se-bat-pour-rester-a-flot.html\" target=\"_blank\" rel=\"noopener\">l\u2019Arche de Freyja<\/a> nourrit, trappe et conduit les f\u00e9lins chez le v\u00e9t\u00e9rinaire o\u00f9 elle les fait pucer et st\u00e9riliser avant de les remettre dans la nature, avec un statut de chat libre. \u00ab\u00a0En huit ans, on a retir\u00e9 200 chats d\u2019ici\u00a0\u00bb, explique-t-elle depuis la butte qui domine la Grande bleue, \u00e0 quelques m\u00e8tres de la barri\u00e8re du parking. L\u2019association qu\u2019elle pr\u00e9side investit 5\u00a0000\u00a0\u20ac de frais de v\u00e9t\u00e9rinaire par mois, financ\u00e9s essentiellement gr\u00e2ce \u00e0 des donations mais aussi aux adh\u00e9sions d\u2019une centaine de b\u00e9n\u00e9voles. Alors quand il y a quelques semaines, St\u00e9phanie Bulon-Baills a d\u00e9couvert que les abris de fortune, install\u00e9s pour prot\u00e9ger les chats de la chaleur et du froid, avaient \u00e9t\u00e9 propuls\u00e9s et d\u00e9truits en contrebas de la butte, elle a vu rouge. \u00ab\u00a0L\u2019an dernier, on a commenc\u00e9 \u00e0 rencontrer des probl\u00e8mes avec un agent de la soci\u00e9t\u00e9 Onet qui surveille le parking, dit-elle. Agressions verbales, menaces, cet \u00e9t\u00e9, c\u2019est mont\u00e9 d\u2019un cran. M\u00eame les \u00ab\u00a0mamies nageuses\u00a0\u00bb qui donnent de temps en temps de l\u2019eau ou des croquettes aux animaux ont \u00e9t\u00e9 intimid\u00e9es.\u00a0\u00bb<\/p>\n<p>D\u00e9non\u00e7ant ce qui est \u00ab\u00a0malheureusement <a href=\"https:\/\/laprovence.com\/article\/region\/6506072781904\/steriliser-les-chats-errants-le-combat-quotidien-de-ces-associations-marseillaises\" target=\"_blank\" rel=\"noopener\">le quotidien des m\u00e8res nourrici\u00e8res<\/a>, constamment agress\u00e9es par des particuliers ou des syndics de copropri\u00e9t\u00e9s alors qu\u2019on ne fait que nourrir et r\u00e9guler la population des chats errants\u00a0\u00bb, la responsable a remu\u00e9 ciel et terre avec d\u2019autres b\u00e9n\u00e9voles \u00e0 l\u2019instar de Ghania Oudali qui a d\u00fb \u00ab\u00a0harceler tout le monde en plein mois d\u2019ao\u00fbt pour faire bouger les choses.\u00a0\u00bb \u00ab\u00a0Les chats sont d\u00e9boussol\u00e9s, c\u2019est inexplicable qu\u2019on leur fasse du mal\u00a0\u00bb, ajoute dans une vid\u00e9o post\u00e9e par l\u2019association sur les r\u00e9seaux sociaux, Sylviane, 93\u00a0ans, qui vient les nourrir depuis vingt ans, sacrifiant une partie de sa retraite.<\/p>\n","protected":false},"excerpt":{"rendered":"Trois fois par semaine, \u00e9t\u00e9 comme hiver, St\u00e9phanie Bulon-Baills se l\u00e8ve \u00e0 l\u2019aube pour, depuis son domicile de&hellip;\n","protected":false},"author":2,"featured_media":329161,"comment_status":"","ping_status":"","sticky":false,"template":"","format":"standard","meta":{"footnotes":""},"categories":[2814],"tags":[17,1111,11,17049,35849,1777,674,1011,27,151,884,12,882,16,25,13269,33929,3356],"class_list":{"0":"post-329160","1":"post","2":"type-post","3":"status-publish","4":"format-standard","5":"has-post-thumbnail","7":"category-marseille","8":"tag-17","9":"tag-actu","10":"tag-actualites","11":"tag-chats","12":"tag-corbieres","13":"tag-eu","14":"tag-europe","15":"tag-fr","16":"tag-france","17":"tag-les","18":"tag-marseille","19":"tag-news","20":"tag-provence-alpes-cote-dazur","21":"tag-region","22":"tag-republique-francaise","23":"tag-site","24":"tag-sont-ils","25":"tag-sur"},"share_on_mastodon":{"url":"https:\/\/pubeurope.com\/@fr\/115055104025267937","error":""},"_links":{"self":[{"href":"https:\/\/www.europesays.com\/fr\/wp-json\/wp\/v2\/posts\/329160","targetHints":{"allow":["GET"]}}],"collection":[{"href":"https:\/\/www.europesays.com\/fr\/wp-json\/wp\/v2\/posts"}],"about":[{"href":"https:\/\/www.europesays.com\/fr\/wp-json\/wp\/v2\/types\/post"}],"author":[{"embeddable":true,"href":"https:\/\/www.europesays.com\/fr\/wp-json\/wp\/v2\/users\/2"}],"replies":[{"embeddable":true,"href":"https:\/\/www.europesays.com\/fr\/wp-json\/wp\/v2\/comments?post=329160"}],"version-history":[{"count":0,"href":"https:\/\/www.europesays.com\/fr\/wp-json\/wp\/v2\/posts\/329160\/revisions"}],"wp:featuredmedia":[{"embeddable":true,"href":"https:\/\/www.europesays.com\/fr\/wp-json\/wp\/v2\/media\/329161"}],"wp:attachment":[{"href":"https:\/\/www.europesays.com\/fr\/wp-json\/wp\/v2\/media?parent=329160"}],"wp:term":[{"taxonomy":"category","embeddable":true,"href":"https:\/\/www.europesays.com\/fr\/wp-json\/wp\/v2\/categories?post=329160"},{"taxonomy":"post_tag","embeddable":true,"href":"https:\/\/www.europesays.com\/fr\/wp-json\/wp\/v2\/tags?post=329160"}],"curies":[{"name":"wp","href":"https:\/\/api.w.org\/{rel}","templated":true}]}}