{"id":329162,"date":"2025-08-19T11:05:14","date_gmt":"2025-08-19T11:05:14","guid":{"rendered":"https:\/\/www.europesays.com\/fr\/329162\/"},"modified":"2025-08-19T11:05:14","modified_gmt":"2025-08-19T11:05:14","slug":"un-policier-de-46-ans-affecte-a-paris-decede-lors-dune-randonnee-a-marseille","status":"publish","type":"post","link":"https:\/\/www.europesays.com\/fr\/329162\/","title":{"rendered":"Un policier de 46 ans affect\u00e9 \u00e0 Paris d\u00e9c\u00e8de lors d\u2019une randonn\u00e9e \u00e0 Marseille"},"content":{"rendered":"<p>Un policier \u00e2g\u00e9 de 46 ans est d\u00e9c\u00e9d\u00e9 \u00e0 Marseille ce lundi soir<br \/>\nalors qu&rsquo;il \u00e9tait hors service, a appris Actu17. Selon les<br \/>\npremiers \u00e9l\u00e9ments, Laurent G. aurait \u00e9t\u00e9 victime d&rsquo;un malaise<br \/>\ncardiaque au cours d&rsquo;une randonn\u00e9e dans les calanques. Les secours<br \/>\nne sont pas parvenus \u00e0 le r\u00e9animer. P\u00e8re de deux enfants, Laurent<br \/>\nG., brigadier-chef, \u00e9tait affect\u00e9 au service de communication de la<br \/>\npr\u00e9fecture de police de Paris. Il \u00e9tait mut\u00e9 \u00e0 la brigade des<br \/>\nr\u00e9seaux franciliens (BRF) \u00e0 compter du 1er septembre prochain.<\/p>\n<p>Il \u00e9tait environ 20h40 lorsque les marins-pompiers sont<br \/>\nintervenus pour un homme inconscient dans les calanques, dans le 9e<br \/>\narrondissement de Marseille. \u00ab\u00a0Il \u00e9tait parti faire une<br \/>\nrandonn\u00e9e seul, c&rsquo;\u00e9tait sa passion\u00a0\u00bb, confie une source<br \/>\npolici\u00e8re. \u00ab\u00a0La zone o\u00f9 il se trouvait ne permet pas de<br \/>\nt\u00e9l\u00e9phoner et elle est difficile d&rsquo;acc\u00e8s\u00a0\u00bb.<\/p>\n<p>Laurent G. aurait fait un malaise alors qu&rsquo;il n&rsquo;avait plus<br \/>\nd&rsquo;eau. Les secours sont parvenus \u00e0 le localiser et \u00e0 le prendre en<br \/>\ncharge mais les tentatives de r\u00e9animation n&rsquo;ont pas permis de le<br \/>\nsauver. Son d\u00e9c\u00e8s a \u00e9t\u00e9 prononc\u00e9 \u00e0 21h45.<\/p>\n<p>\u00ab\u00a0Aucune trace de violences n&rsquo;a \u00e9t\u00e9 relev\u00e9e sur le corps du<br \/>\nd\u00e9funt\u00a0\u00bb, pr\u00e9cise une seconde source. Une enqu\u00eate a \u00e9t\u00e9 ouverte<br \/>\nafin de d\u00e9terminer les circonstances pr\u00e9cises du drame.<\/p>\n<p>\u00abUn coll\u00e8gue investi, bienveillant\u00bb<\/p>\n<p>Le syndicat Alliance Police Nationale, dont Laurent G. est un<br \/>\nancien d\u00e9l\u00e9gu\u00e9 permanent dans le Val-de-Marne et \u00e0 Paris, a fait<br \/>\npart de sa \u00ab\u00a0profonde tristesse\u00a0\u00bb dans un communiqu\u00e9 ce<br \/>\nmardi matin, sur Facebook. \u00ab\u00a0Laurent laissera \u00e0 tous ceux qui<br \/>\nl&rsquo;ont c\u00f4toy\u00e9 le souvenir d&rsquo;un coll\u00e8gue investi, bienveillant et<br \/>\nprofond\u00e9ment attach\u00e9 \u00e0 ses valeurs humaines et<br \/>\nprofessionnelles\u00a0\u00bb. L&rsquo;organisation syndicale \u00ab\u00a0s&rsquo;associe \u00e0<br \/>\nla douleur de la famille, de ses enfants et de ses proches, \u00e0 qui<br \/>\nnous adressons nos pens\u00e9es les plus sinc\u00e8res\u00a0\u00bb.<\/p>\n","protected":false},"excerpt":{"rendered":"Un policier \u00e2g\u00e9 de 46 ans est d\u00e9c\u00e9d\u00e9 \u00e0 Marseille ce lundi soir alors qu&rsquo;il \u00e9tait hors service,&hellip;\n","protected":false},"author":2,"featured_media":329163,"comment_status":"","ping_status":"","sticky":false,"template":"","format":"standard","meta":{"footnotes":""},"categories":[2814],"tags":[1111,11,1777,674,1011,27,884,12,882,25],"class_list":{"0":"post-329162","1":"post","2":"type-post","3":"status-publish","4":"format-standard","5":"has-post-thumbnail","7":"category-marseille","8":"tag-actu","9":"tag-actualites","10":"tag-eu","11":"tag-europe","12":"tag-fr","13":"tag-france","14":"tag-marseille","15":"tag-news","16":"tag-provence-alpes-cote-dazur","17":"tag-republique-francaise"},"share_on_mastodon":{"url":"https:\/\/pubeurope.com\/@fr\/115055108101788594","error":""},"_links":{"self":[{"href":"https:\/\/www.europesays.com\/fr\/wp-json\/wp\/v2\/posts\/329162","targetHints":{"allow":["GET"]}}],"collection":[{"href":"https:\/\/www.europesays.com\/fr\/wp-json\/wp\/v2\/posts"}],"about":[{"href":"https:\/\/www.europesays.com\/fr\/wp-json\/wp\/v2\/types\/post"}],"author":[{"embeddable":true,"href":"https:\/\/www.europesays.com\/fr\/wp-json\/wp\/v2\/users\/2"}],"replies":[{"embeddable":true,"href":"https:\/\/www.europesays.com\/fr\/wp-json\/wp\/v2\/comments?post=329162"}],"version-history":[{"count":0,"href":"https:\/\/www.europesays.com\/fr\/wp-json\/wp\/v2\/posts\/329162\/revisions"}],"wp:featuredmedia":[{"embeddable":true,"href":"https:\/\/www.europesays.com\/fr\/wp-json\/wp\/v2\/media\/329163"}],"wp:attachment":[{"href":"https:\/\/www.europesays.com\/fr\/wp-json\/wp\/v2\/media?parent=329162"}],"wp:term":[{"taxonomy":"category","embeddable":true,"href":"https:\/\/www.europesays.com\/fr\/wp-json\/wp\/v2\/categories?post=329162"},{"taxonomy":"post_tag","embeddable":true,"href":"https:\/\/www.europesays.com\/fr\/wp-json\/wp\/v2\/tags?post=329162"}],"curies":[{"name":"wp","href":"https:\/\/api.w.org\/{rel}","templated":true}]}}