{"id":329164,"date":"2025-08-19T11:06:16","date_gmt":"2025-08-19T11:06:16","guid":{"rendered":"https:\/\/www.europesays.com\/fr\/329164\/"},"modified":"2025-08-19T11:06:16","modified_gmt":"2025-08-19T11:06:16","slug":"le-travail-de-robin-le-paysagiste-agace-les-ecologistes-a-lyon","status":"publish","type":"post","link":"https:\/\/www.europesays.com\/fr\/329164\/","title":{"rendered":"le travail de Robin le paysagiste agace les \u00e9cologistes \u00e0 Lyon"},"content":{"rendered":"<p><a href=\"https:\/\/www.lyonmag.com\/article\/146029\/a-lyon-ce-paysagiste-entretient-benevolement-la-vegetation-a-l-abandon-rendre-la-vie-un-peu-meilleure-autour-de-soi\" target=\"_blank\" rel=\"noopener nofollow\">Le paysagiste s&rsquo;\u00e9tait film\u00e9 en train d&rsquo;intervenir sur la v\u00e9g\u00e9tation \u00e0 l&rsquo;abandon de la gare de covoiturage de Lyon<\/a>, mais aussi place des Tapis \u00e0 la Croix-Rousse ou rue de Bourgogne dans le 9e arrondissement.<\/p>\n<p>Robin expliquait \u00e0 LyonMag \u00ab\u00a0pr\u00e9f\u00e9rer agir plut\u00f4t que d\u2019attendre que les autres s\u2019en occupe et prendre sa responsabilit\u00e9 en tant que citoyen\u00a0\u00bb.<\/p>\n<p>Port\u00e9 aux nues par la droite locale, le paysagiste a ainsi r\u00e9colt\u00e9 les f\u00e9licitations de plusieurs \u00e9lus, comme le nouveau maire de Caluire Bastien Joint qui voyait l\u00e0 \u00ab\u00a0une belle d\u00e9marche citoyenne\u00a0\u00bb.<\/p>\n<p>M\u00eame <a href=\"https:\/\/www.lyonmag.com\/profil-personnalite-lyonnaise\/8\/jean-michel-aulas\" target=\"_blank\" rel=\"noopener nofollow\">Jean-Michel Aulas<\/a>, candidat aux municipales \u00e0 Lyon, estimait que \u00ab\u00a0le geste de Robin est une le\u00e7on pour nous tous\u00a0\u00bb. \u00ab\u00a0Comment comprendre qu\u2019une ville comme Lyon en soit r\u00e9duite \u00e0 laisser un citoyen seul accomplir cette mission civique ? Pire : qu\u2019on l\u2019accuse de vandalisme au lieu de le remercier ?\u00a0\u00bb, poursuivait l&rsquo;ancien pr\u00e9sident de l&rsquo;OL, en r\u00e9f\u00e9rence aux critiques formul\u00e9es par les \u00e9cologistes. Et notamment celles de Quentin Carpentier, adjoint \u00e0 la maire du 9e arrondissement de Lyon charg\u00e9 des Espaces publics.<\/p>\n<p><strong>\u00ab\u00a0A la limite du criminel\u00a0\u00bb<\/strong><\/p>\n<p>Selon ce dernier, Robin Gervais \u00ab\u00a0a arrach\u00e9 des arbustes en bonne sant\u00e9, effectu\u00e9 une taille rase en pleine canicule qui a d\u00e9truit les vivaces et laisse la terre se dess\u00e9cher et la place aux mauvaises herbes. Son intervention va g\u00e9n\u00e9rer une d\u00e9pense publique suppl\u00e9mentaire pour remettre en \u00e9tat les plantations\u00a0\u00bb.<\/p>\n<blockquote class=\"twitter-tweet\"><p>&#13;<\/p>\n<p dir=\"ltr\" lang=\"fr\"><a href=\"https:\/\/twitter.com\/lyonmag?ref_src=twsrc%5Etfw\" rel=\"nofollow noopener\" target=\"_blank\">@lyonmag<\/a> <\/p>\n<p>Ce n&rsquo;est pas de l&rsquo;entretien, c&rsquo;est du vandalisme dont vous faites la promo<br \/>Tondre \u00e0 ras en pleine canicule est d&rsquo;une profonde stupidit\u00e9, l\u00e0 tout est mort et les sols vont se dess\u00e9cher, alors qu&rsquo;avant la v\u00e9g\u00e9tation serait repartie d\u00e8s l&rsquo;automne<a href=\"https:\/\/t.co\/YjLgqAc9qa\" rel=\"nofollow\">https:\/\/t.co\/YjLgqAc9qa<\/a><\/p>\n<p>&#13;<br \/>\n\u2014 Quentin Carpentier (@QuentinC_ILM) <a href=\"https:\/\/twitter.com\/QuentinC_ILM\/status\/1956995264180285675?ref_src=twsrc%5Etfw\" rel=\"nofollow noopener\" target=\"_blank\">August 17, 2025<\/a><\/p><\/blockquote>\n<p>Une position partag\u00e9e par le vice-pr\u00e9sident de la M\u00e9tropole de Lyon charg\u00e9 de l&rsquo;Environnement <a href=\"https:\/\/www.lyonmag.com\/profil-personnalite-lyonnaise\/568\/pierre-athanaze\" target=\"_blank\" rel=\"noopener nofollow\">Pierre Athanaze<\/a>. Dans le Progr\u00e8s ce mardi, il trouve que l&rsquo;intervention du paysagiste est \u00ab\u00a0contre-productive\u00a0\u00bb et \u00ab\u00a0m\u00eame dangereuse\u00a0\u00bb. \u00ab\u00a0Dans un contexte de d\u00e9r\u00e8glement climatique, de disparition de certaines esp\u00e8ces, notamment les pollinisateurs, c\u2019est \u00e0 la limite du criminel\u00a0\u00bb, conclut Pierre Athanaze, qui sollicite une rencontre avec Robin Gervais.<\/p>\n<blockquote class=\"instagram-media\" style=\"background: #FFF; border: 0; border-radius: 3px; box-shadow: 0 0 1px 0 rgba(0,0,0,0.5),0 1px 10px 0 rgba(0,0,0,0.15); margin: 1px; max-width: 540px; min-width: 326px; padding: 0; width: calc(100% - 2px);\" data-instgrm-captioned=\"\" data-instgrm-permalink=\"https:\/\/www.instagram.com\/reel\/DMqDNf2NnXn\/?utm_source=ig_embed&amp;utm_campaign=loading\" data-instgrm-version=\"14\"><p>&#13;<br \/>\n&#13;\n<\/p><\/blockquote>\n<p>  \t\t\t\t\t<script async src=\"https:\/\/platform.twitter.com\/widgets.js\" charset=\"utf-8\"><\/script><script async src=\"\/\/www.instagram.com\/embed.js\"><\/script><\/p>\n","protected":false},"excerpt":{"rendered":"Le paysagiste s&rsquo;\u00e9tait film\u00e9 en train d&rsquo;intervenir sur la v\u00e9g\u00e9tation \u00e0 l&rsquo;abandon de la gare de covoiturage de&hellip;\n","protected":false},"author":2,"featured_media":329165,"comment_status":"","ping_status":"","sticky":false,"template":"","format":"standard","meta":{"footnotes":""},"categories":[1889],"tags":[1111,11,2813,2190,2430,1109,251,1112,2811,1777,674,118,1011,27,1922,1110,1114,2428,2810,12,241,316,25,2812,517,800],"class_list":{"0":"post-329164","1":"post","2":"type-post","3":"status-publish","4":"format-standard","5":"has-post-thumbnail","7":"category-lyon","8":"tag-actu","9":"tag-actualites","10":"tag-article","11":"tag-asvel","12":"tag-auvergne-rhone-alpes","13":"tag-breves","14":"tag-culture","15":"tag-depeches","16":"tag-economique","17":"tag-eu","18":"tag-europe","19":"tag-faits-divers","20":"tag-fr","21":"tag-france","22":"tag-info","23":"tag-informations","24":"tag-infos","25":"tag-lyon","26":"tag-lyonmag","27":"tag-news","28":"tag-ol","29":"tag-politique","30":"tag-republique-francaise","31":"tag-sociale","32":"tag-sport","33":"tag-transports"},"share_on_mastodon":{"url":"https:\/\/pubeurope.com\/@fr\/115055111961858357","error":""},"_links":{"self":[{"href":"https:\/\/www.europesays.com\/fr\/wp-json\/wp\/v2\/posts\/329164","targetHints":{"allow":["GET"]}}],"collection":[{"href":"https:\/\/www.europesays.com\/fr\/wp-json\/wp\/v2\/posts"}],"about":[{"href":"https:\/\/www.europesays.com\/fr\/wp-json\/wp\/v2\/types\/post"}],"author":[{"embeddable":true,"href":"https:\/\/www.europesays.com\/fr\/wp-json\/wp\/v2\/users\/2"}],"replies":[{"embeddable":true,"href":"https:\/\/www.europesays.com\/fr\/wp-json\/wp\/v2\/comments?post=329164"}],"version-history":[{"count":0,"href":"https:\/\/www.europesays.com\/fr\/wp-json\/wp\/v2\/posts\/329164\/revisions"}],"wp:featuredmedia":[{"embeddable":true,"href":"https:\/\/www.europesays.com\/fr\/wp-json\/wp\/v2\/media\/329165"}],"wp:attachment":[{"href":"https:\/\/www.europesays.com\/fr\/wp-json\/wp\/v2\/media?parent=329164"}],"wp:term":[{"taxonomy":"category","embeddable":true,"href":"https:\/\/www.europesays.com\/fr\/wp-json\/wp\/v2\/categories?post=329164"},{"taxonomy":"post_tag","embeddable":true,"href":"https:\/\/www.europesays.com\/fr\/wp-json\/wp\/v2\/tags?post=329164"}],"curies":[{"name":"wp","href":"https:\/\/api.w.org\/{rel}","templated":true}]}}