{"id":329168,"date":"2025-08-19T11:09:12","date_gmt":"2025-08-19T11:09:12","guid":{"rendered":"https:\/\/www.europesays.com\/fr\/329168\/"},"modified":"2025-08-19T11:09:12","modified_gmt":"2025-08-19T11:09:12","slug":"seine-et-marne-7-communes-ou-vivre-mieux-sans-trop-seloigner-de-paris","status":"publish","type":"post","link":"https:\/\/www.europesays.com\/fr\/329168\/","title":{"rendered":"Seine-et-Marne : 7 communes o\u00f9 vivre mieux\u2026 sans trop s\u2019\u00e9loigner de Paris"},"content":{"rendered":"<p>Sous-pr\u00e9fecture du d\u00e9partement, <strong>Meaux<\/strong> conjugue <strong>patrimoine historique, dynamisme \u00e9conomique et cadre de vie agr\u00e9able<\/strong>. Avec ses nombreux \u00e9quipements culturels (mus\u00e9e de la Grande Guerre, th\u00e9\u00e2tre, m\u00e9diath\u00e8ques), ses \u00e9coles et ses commerces, la ville attire les familles et les jeunes actifs. Tr\u00e8s bien desservie par<strong> le Transilien P et l\u2019autoroute A4<\/strong>, elle permet de rejoindre <strong>Paris en moins d&rsquo;une heure.<\/strong><\/p>\n<p>C\u00f4t\u00e9 immobilier, Meaux affiche des <strong>prix encore abordables<\/strong>, de l\u2019ordre de <strong>3\u00a0245\u00a0\u20ac\/m\u00b2<\/strong>, bien en dessous de la moyenne francilienne (5\u00a0614\u00a0\u20ac\/m\u00b2). Le centre-ville, avec ses ruelles pav\u00e9es et ses bords de Marne, propose des <strong>logements anciens pleins de charme<\/strong>. En p\u00e9riph\u00e9rie, les <a data-entity-substitution=\"canonical\" data-entity-type=\"node\" data-entity-uuid=\"f55ba33e-16b6-4f18-b3ba-053a995c8b2f\" href=\"https:\/\/edito.seloger.com\/locaux-pros\/points-marche\/4-erreurs-eviter-lors-d-un-achat-neuf-article-18903.html\" rel=\"noopener nofollow\" target=\"_blank\">programmes neufs<\/a> s\u00e9duisent les acqu\u00e9reurs \u00e0 la recherche de confort et de modernit\u00e9.<\/p>\n","protected":false},"excerpt":{"rendered":"Sous-pr\u00e9fecture du d\u00e9partement, Meaux conjugue patrimoine historique, dynamisme \u00e9conomique et cadre de vie agr\u00e9able. Avec ses nombreux \u00e9quipements&hellip;\n","protected":false},"author":2,"featured_media":282656,"comment_status":"","ping_status":"","sticky":false,"template":"","format":"standard","meta":{"footnotes":""},"categories":[1592],"tags":[1111,11,1777,674,1011,27,662,12,626,25],"class_list":{"0":"post-329168","1":"post","2":"type-post","3":"status-publish","4":"format-standard","5":"has-post-thumbnail","7":"category-ile-de-france","8":"tag-actu","9":"tag-actualites","10":"tag-eu","11":"tag-europe","12":"tag-fr","13":"tag-france","14":"tag-ile-de-france","15":"tag-news","16":"tag-paris","17":"tag-republique-francaise"},"share_on_mastodon":{"url":"https:\/\/pubeurope.com\/@fr\/115055123697108509","error":""},"_links":{"self":[{"href":"https:\/\/www.europesays.com\/fr\/wp-json\/wp\/v2\/posts\/329168","targetHints":{"allow":["GET"]}}],"collection":[{"href":"https:\/\/www.europesays.com\/fr\/wp-json\/wp\/v2\/posts"}],"about":[{"href":"https:\/\/www.europesays.com\/fr\/wp-json\/wp\/v2\/types\/post"}],"author":[{"embeddable":true,"href":"https:\/\/www.europesays.com\/fr\/wp-json\/wp\/v2\/users\/2"}],"replies":[{"embeddable":true,"href":"https:\/\/www.europesays.com\/fr\/wp-json\/wp\/v2\/comments?post=329168"}],"version-history":[{"count":0,"href":"https:\/\/www.europesays.com\/fr\/wp-json\/wp\/v2\/posts\/329168\/revisions"}],"wp:featuredmedia":[{"embeddable":true,"href":"https:\/\/www.europesays.com\/fr\/wp-json\/wp\/v2\/media\/282656"}],"wp:attachment":[{"href":"https:\/\/www.europesays.com\/fr\/wp-json\/wp\/v2\/media?parent=329168"}],"wp:term":[{"taxonomy":"category","embeddable":true,"href":"https:\/\/www.europesays.com\/fr\/wp-json\/wp\/v2\/categories?post=329168"},{"taxonomy":"post_tag","embeddable":true,"href":"https:\/\/www.europesays.com\/fr\/wp-json\/wp\/v2\/tags?post=329168"}],"curies":[{"name":"wp","href":"https:\/\/api.w.org\/{rel}","templated":true}]}}