{"id":329171,"date":"2025-08-19T11:11:14","date_gmt":"2025-08-19T11:11:14","guid":{"rendered":"https:\/\/www.europesays.com\/fr\/329171\/"},"modified":"2025-08-19T11:11:14","modified_gmt":"2025-08-19T11:11:14","slug":"aux-portes-de-paris-cette-guinguette-secrete-ephemere-offre-une-vue-unique-sur-un-domaine-royal-et-pourtant-elle-reste-meconnue","status":"publish","type":"post","link":"https:\/\/www.europesays.com\/fr\/329171\/","title":{"rendered":"Aux portes de Paris, cette guinguette secr\u00e8te \u00e9ph\u00e9m\u00e8re offre une vue unique sur un domaine royal \u2013 et pourtant elle reste m\u00e9connue"},"content":{"rendered":"<p>\t\t\t\t\t\t\t\t\t\t\t\t\t\t\t\t\t\t\t\t\t\t<img decoding=\"async\" fetchpriority=\"high\" src=\"https:\/\/www.europesays.com\/fr\/wp-content\/uploads\/2025\/08\/Montage-photo-article-PARIS-SECRET-OFFICIEL-1620-x-1080-px-2025-08-18T184635.724-1024x683.jpg\" class=\"img-fluid\" alt=\"Aux portes de Paris, cette guinguette secr\u00e8te \u00e9ph\u00e9m\u00e8re offre une vue unique sur un domaine royal \u2013 et pourtant elle reste m\u00e9connue\" width=\"1024\" height=\"683\"\/><br \/>\n\t\t\t\t\t\t\t\t\t\t\t\t\t\t\t\t\t\t\t\t\t\tguinguette secr\u00e8te Paris<\/p>\n<p>\t\t\t\t\tVous le savez, les alentours de Paris cachent une myriade de tr\u00e9sors. Parmi eux, le <a href=\"https:\/\/parissecret.com\/chateaux-autour-paris\/\" rel=\"noopener noreferrer nofollow\" target=\"_self\" class=\"shortcode-outbound-link\" data-has-ga=\"true\" data-ga-type=\"click\" data-label=\"https:\/\/parissecret.com\/chateaux-autour-paris\/\" data-action=\"text_cta_0\" data-category=\"click_internal\">ch\u00e2teau<\/a> de Saint-Germain-en-Laye.<strong> Situ\u00e9 \u00e0 environ 40 minutes de Paris<\/strong>, ce domaine royal est absolument fabuleux. Vous pouvez vous balader toute l\u2019ann\u00e9e sur ses<strong> immenses terrasses ext\u00e9rieures, longues de 2 km<\/strong>, qui offrent une vue \u00e0 couper le souffle sur toute la for\u00eat environnante. Apr\u00e8s une balade bucolique revigorante, on vous conseille de vous reposer \u00e0 sa<a href=\"https:\/\/parissecret.com\/guinguette-bucolique-paris\/\" rel=\"noopener noreferrer nofollow\" target=\"_self\" class=\"shortcode-outbound-link\" data-has-ga=\"true\" data-ga-type=\"click\" data-label=\"https:\/\/parissecret.com\/guinguette-bucolique-paris\/\" data-action=\"text_cta_1\" data-category=\"click_internal\"> <strong>guinguette<\/strong><\/a><strong> \u00e9ph\u00e9m\u00e8re secr\u00e8te<\/strong>. Eh oui, durant tout l\u2019\u00e9t\u00e9 et jusqu\u2019en octobre, profitez d\u2019une halte gourmande \u00e0 la Guinguette 1124 ! Un lieu tr\u00e8s agr\u00e9able o\u00f9 vous pourrez vous relaxer\u2026 au c\u0153ur d\u2019un cadre historique exceptionnel ! Une guinguette secr\u00e8te cach\u00e9e dans un domaine royal aux portes de Paris <\/p>\n<p>Nich\u00e9e au c\u0153ur du domaine royal de Saint-Germain-en-Laye, la Guinguette 1124 est assur\u00e9ment le lieu parfait pour prolonger l\u2019\u00e9t\u00e9 de la meilleure des mani\u00e8res. \u00c0 l\u2019ombre des arbres centenaires du domaine, vous <strong>adorerez vous pr\u00e9lasser sur ses transats, tout en sirotant une citronnade maison<\/strong>. Et cette ann\u00e9e, la grande nouveaut\u00e9, c\u2019est le boulodrome ! Vous pourrez<strong> jouer \u00e0 la p\u00e9tanque gratuitement avec vos amis<\/strong>, \u00e0 l\u2019ombre des parasols. Si \u00e7a, \u00e7a ne sent pas l\u2019\u00e9t\u00e9 et le soleil\u2026.<\/p>\n<p> <img fetchpriority=\"high\" decoding=\"async\" class=\"size-large wp-image-195332\" src=\"data:image\/svg+xml,%3Csvg%20xmlns=\" http:=\"\" alt=\"guinguette secr\u00e8te Paris\" width=\"1024\" height=\"683\" data-lazy- data-lazy- data-lazy-src=\"https:\/\/www.europesays.com\/fr\/wp-content\/uploads\/2025\/08\/Montage-photo-article-PARIS-SECRET-OFFICIEL-1620-x-1080-px-2025-08-18T184736.384-1024x683.jpg\"\/>guinguette secr\u00e8te Paris <\/p>\n<p>Bien s\u00fbr comme toutes les guinguettes, <strong>des d\u00e9lices sucr\u00e9s et sal\u00e9s sont propos\u00e9s \u00e0 la carte<\/strong> : cr\u00eapes Nutella, glaces artisanales, mais aussi des salades compos\u00e9es \u00e0 midi ou encore des planches de charcuteries \u00e0 partager\u2026 Le menu change tr\u00e8s r\u00e9guli\u00e8rement, au gr\u00e9 des saveurs estivales\u2026 En semaine, vous pourrez <strong>profiter de prix doux durant<\/strong> <strong>Happy Hours<\/strong> de 17 h 30 \u00e0 19 h 30, avec une pinte de bi\u00e8re \u00e0 3,50 euros ! \u00c0 consommer, bien s\u00fbr, avec mod\u00e9ration (mais \u00e7a, vous le savez !).<\/p>\n<p> <img loading=\"lazy\" decoding=\"async\" class=\"wp-image-195331 size-large\" src=\"data:image\/svg+xml,%3Csvg%20xmlns=\" http:=\"\" alt=\"guinguette secr\u00e8te Paris\" width=\"1024\" height=\"683\" data-lazy- data-lazy- data-lazy-src=\"https:\/\/www.europesays.com\/fr\/wp-content\/uploads\/2025\/08\/Montage-photo-article-PARIS-SECRET-OFFICIEL-1620-x-1080-px-2025-08-18T185304.502-1024x683.jpg\"\/>guinguette secr\u00e8te Paris <\/p>\n<p>Enfin, pour ceux qui ont la bougeotte, il sera <strong>possible de louer des v\u00e9los sur place pour d\u00e9couvrir le domaine sous tous les angles<\/strong>. Comptez 10 euros par adulte et 7 euros par enfant pour 1 h de location.<\/p>\n<p>La <strong>Guinguette 1124<\/strong> est un endroit absolument charmant, \u00e0 d\u00e9couvrir <strong>tous les jours de 10 h \u00e0 20 h jusqu\u2019en octobre !<\/strong><\/p>\n<p>\ud83d\udcccLieu : Place Charles de Gaulle 78100 Saint Germain en Laye<br \/>\ud83d\uddd3\ufe0fDate : jusqu\u2019au 31 octobre 2025<\/p>\n","protected":false},"excerpt":{"rendered":"guinguette secr\u00e8te Paris Vous le savez, les alentours de Paris cachent une myriade de tr\u00e9sors. Parmi eux, le&hellip;\n","protected":false},"author":2,"featured_media":329172,"comment_status":"","ping_status":"","sticky":false,"template":"","format":"standard","meta":{"footnotes":""},"categories":[1888],"tags":[1111,1928,11,1927,1777,674,1011,27,12,1926,626,1925,25],"class_list":{"0":"post-329171","1":"post","2":"type-post","3":"status-publish","4":"format-standard","5":"has-post-thumbnail","7":"category-paris","8":"tag-actu","9":"tag-actu-paris","10":"tag-actualites","11":"tag-actualites-paris","12":"tag-eu","13":"tag-europe","14":"tag-fr","15":"tag-france","16":"tag-news","17":"tag-news-paris","18":"tag-paris","19":"tag-paris-news","20":"tag-republique-francaise"},"share_on_mastodon":{"url":"https:\/\/pubeurope.com\/@fr\/115055131639860911","error":""},"_links":{"self":[{"href":"https:\/\/www.europesays.com\/fr\/wp-json\/wp\/v2\/posts\/329171","targetHints":{"allow":["GET"]}}],"collection":[{"href":"https:\/\/www.europesays.com\/fr\/wp-json\/wp\/v2\/posts"}],"about":[{"href":"https:\/\/www.europesays.com\/fr\/wp-json\/wp\/v2\/types\/post"}],"author":[{"embeddable":true,"href":"https:\/\/www.europesays.com\/fr\/wp-json\/wp\/v2\/users\/2"}],"replies":[{"embeddable":true,"href":"https:\/\/www.europesays.com\/fr\/wp-json\/wp\/v2\/comments?post=329171"}],"version-history":[{"count":0,"href":"https:\/\/www.europesays.com\/fr\/wp-json\/wp\/v2\/posts\/329171\/revisions"}],"wp:featuredmedia":[{"embeddable":true,"href":"https:\/\/www.europesays.com\/fr\/wp-json\/wp\/v2\/media\/329172"}],"wp:attachment":[{"href":"https:\/\/www.europesays.com\/fr\/wp-json\/wp\/v2\/media?parent=329171"}],"wp:term":[{"taxonomy":"category","embeddable":true,"href":"https:\/\/www.europesays.com\/fr\/wp-json\/wp\/v2\/categories?post=329171"},{"taxonomy":"post_tag","embeddable":true,"href":"https:\/\/www.europesays.com\/fr\/wp-json\/wp\/v2\/tags?post=329171"}],"curies":[{"name":"wp","href":"https:\/\/api.w.org\/{rel}","templated":true}]}}