{"id":329175,"date":"2025-08-19T11:13:13","date_gmt":"2025-08-19T11:13:13","guid":{"rendered":"https:\/\/www.europesays.com\/fr\/329175\/"},"modified":"2025-08-19T11:13:13","modified_gmt":"2025-08-19T11:13:13","slug":"brest-paris-fc-le-dimanche-apres-midi-la-programmation-tv-de-la-4e-journee-de-ligue-1","status":"publish","type":"post","link":"https:\/\/www.europesays.com\/fr\/329175\/","title":{"rendered":"Brest &#8211; Paris FC le dimanche apr\u00e8s-midi\u2026 La programmation TV de la 4e journ\u00e9e de Ligue\u00a01"},"content":{"rendered":"<p>La Ligue de football professionnel a d\u00e9voil\u00e9 ce mardi la programmation de la 4e journ\u00e9e de Ligue 1. Le Stade Brestois recevra le Paris FC le dimanche 14 septembre \u00e0 17 h 15, la rencontre sera diffus\u00e9e sur Ligue 1 +.<\/p>\n<p>Le FC Metz recevra Angers \u00e0 la m\u00eame heure, et sur la m\u00eame cha\u00eene.<\/p>\n<p>Les autres matchs de la 4e journ\u00e9e seront programm\u00e9s le lundi 1er septembre \u00e0 l\u2019issue de la programmation de la phase de ligue de la Ligue des champions.<\/p>\n","protected":false},"excerpt":{"rendered":"La Ligue de football professionnel a d\u00e9voil\u00e9 ce mardi la programmation de la 4e journ\u00e9e de Ligue 1.&hellip;\n","protected":false},"author":2,"featured_media":329176,"comment_status":"","ping_status":"","sticky":false,"template":"","format":"standard","meta":{"footnotes":""},"categories":[1888],"tags":[11,3450,3166,1777,674,63,1011,27,12,626,25,60,4449],"class_list":{"0":"post-329175","1":"post","2":"type-post","3":"status-publish","4":"format-standard","5":"has-post-thumbnail","7":"category-paris","8":"tag-actualites","9":"tag-brest","10":"tag-en-continu-sports","11":"tag-eu","12":"tag-europe","13":"tag-football","14":"tag-fr","15":"tag-france","16":"tag-news","17":"tag-paris","18":"tag-republique-francaise","19":"tag-sports","20":"tag-stade-brestois"},"share_on_mastodon":{"url":"https:\/\/pubeurope.com\/@fr\/115055139437923902","error":""},"_links":{"self":[{"href":"https:\/\/www.europesays.com\/fr\/wp-json\/wp\/v2\/posts\/329175","targetHints":{"allow":["GET"]}}],"collection":[{"href":"https:\/\/www.europesays.com\/fr\/wp-json\/wp\/v2\/posts"}],"about":[{"href":"https:\/\/www.europesays.com\/fr\/wp-json\/wp\/v2\/types\/post"}],"author":[{"embeddable":true,"href":"https:\/\/www.europesays.com\/fr\/wp-json\/wp\/v2\/users\/2"}],"replies":[{"embeddable":true,"href":"https:\/\/www.europesays.com\/fr\/wp-json\/wp\/v2\/comments?post=329175"}],"version-history":[{"count":0,"href":"https:\/\/www.europesays.com\/fr\/wp-json\/wp\/v2\/posts\/329175\/revisions"}],"wp:featuredmedia":[{"embeddable":true,"href":"https:\/\/www.europesays.com\/fr\/wp-json\/wp\/v2\/media\/329176"}],"wp:attachment":[{"href":"https:\/\/www.europesays.com\/fr\/wp-json\/wp\/v2\/media?parent=329175"}],"wp:term":[{"taxonomy":"category","embeddable":true,"href":"https:\/\/www.europesays.com\/fr\/wp-json\/wp\/v2\/categories?post=329175"},{"taxonomy":"post_tag","embeddable":true,"href":"https:\/\/www.europesays.com\/fr\/wp-json\/wp\/v2\/tags?post=329175"}],"curies":[{"name":"wp","href":"https:\/\/api.w.org\/{rel}","templated":true}]}}