{"id":329177,"date":"2025-08-19T11:14:12","date_gmt":"2025-08-19T11:14:12","guid":{"rendered":"https:\/\/www.europesays.com\/fr\/329177\/"},"modified":"2025-08-19T11:14:12","modified_gmt":"2025-08-19T11:14:12","slug":"en-direct-la-suisse-offre-limmunite-a-poutine-sil-vient-pour-une-conference-de-paix-avec-zelensky","status":"publish","type":"post","link":"https:\/\/www.europesays.com\/fr\/329177\/","title":{"rendered":"En direct. La Suisse offre \u00ab l&rsquo;immunit\u00e9 \u00bb \u00e0 Poutine s&rsquo;il \u00ab vient pour une conf\u00e9rence de paix \u00bb avec Zelensky"},"content":{"rendered":"<p>Alors que Gen\u00e8ve est souvent cit\u00e9 pour accueillir une \u00e9ventuelle rencontre entre Volodymyr Zelensky et Vladimir Poutine, la Suisse annonce qu&rsquo;elle offrira \u00ab l&rsquo;immunit\u00e9 \u00bb \u00e0 Poutine s&rsquo;il \u00ab vient pour une conf\u00e9rence de paix \u00bb.<\/p>\n<p>Selon le ministre suisse des affaires \u00e9trang\u00e8res Ignazio Cassis, la Suisse offrira \u00ab l&rsquo;immunit\u00e9 \u00bb au pr\u00e9sident russe, malgr\u00e9 son inculpation devant la Cour p\u00e9nale internationale, s&rsquo;il vient dans la Conf\u00e9d\u00e9ration helv\u00e9tique \u00ab pour une conf\u00e9rence de paix \u00bb.<\/p>\n<p>Le gouvernement f\u00e9d\u00e9ral a d\u00e9fini l&rsquo;ann\u00e9e derni\u00e8re \u00ab les r\u00e8gles pour donner l&rsquo;immunit\u00e9 \u00e0 une personne qui est sous mandat d&rsquo;arr\u00eat international. Si cette personne vient pour une conf\u00e9rence de paix, pas si elle vient pour des raisons priv\u00e9es \u00bb, d\u00e9clare Ignazio Cassis lors d&rsquo;un point de presse avec son homologue italien Antonio Tajani \u00e0 Berne.<\/p>\n","protected":false},"excerpt":{"rendered":"Alors que Gen\u00e8ve est souvent cit\u00e9 pour accueillir une \u00e9ventuelle rencontre entre Volodymyr Zelensky et Vladimir Poutine, la&hellip;\n","protected":false},"author":2,"featured_media":329178,"comment_status":"","ping_status":"","sticky":false,"template":"","format":"standard","meta":{"footnotes":""},"categories":[1591],"tags":[11,3206,1887,107,329,12,316,1885,1886,132,220],"class_list":{"0":"post-329177","1":"post","2":"type-post","3":"status-publish","4":"format-standard","5":"has-post-thumbnail","7":"category-russie","8":"tag-actualites","9":"tag-defense-guerre-conflit","10":"tag-federation-de-russie","11":"tag-fil-info","12":"tag-france-monde","13":"tag-news","14":"tag-politique","15":"tag-russia","16":"tag-russian-federation","17":"tag-russie","18":"tag-ukraine"},"share_on_mastodon":{"url":"https:\/\/pubeurope.com\/@fr\/115055143437913323","error":""},"_links":{"self":[{"href":"https:\/\/www.europesays.com\/fr\/wp-json\/wp\/v2\/posts\/329177","targetHints":{"allow":["GET"]}}],"collection":[{"href":"https:\/\/www.europesays.com\/fr\/wp-json\/wp\/v2\/posts"}],"about":[{"href":"https:\/\/www.europesays.com\/fr\/wp-json\/wp\/v2\/types\/post"}],"author":[{"embeddable":true,"href":"https:\/\/www.europesays.com\/fr\/wp-json\/wp\/v2\/users\/2"}],"replies":[{"embeddable":true,"href":"https:\/\/www.europesays.com\/fr\/wp-json\/wp\/v2\/comments?post=329177"}],"version-history":[{"count":0,"href":"https:\/\/www.europesays.com\/fr\/wp-json\/wp\/v2\/posts\/329177\/revisions"}],"wp:featuredmedia":[{"embeddable":true,"href":"https:\/\/www.europesays.com\/fr\/wp-json\/wp\/v2\/media\/329178"}],"wp:attachment":[{"href":"https:\/\/www.europesays.com\/fr\/wp-json\/wp\/v2\/media?parent=329177"}],"wp:term":[{"taxonomy":"category","embeddable":true,"href":"https:\/\/www.europesays.com\/fr\/wp-json\/wp\/v2\/categories?post=329177"},{"taxonomy":"post_tag","embeddable":true,"href":"https:\/\/www.europesays.com\/fr\/wp-json\/wp\/v2\/tags?post=329177"}],"curies":[{"name":"wp","href":"https:\/\/api.w.org\/{rel}","templated":true}]}}