{"id":329181,"date":"2025-08-19T11:16:09","date_gmt":"2025-08-19T11:16:09","guid":{"rendered":"https:\/\/www.europesays.com\/fr\/329181\/"},"modified":"2025-08-19T11:16:09","modified_gmt":"2025-08-19T11:16:09","slug":"les-touristes-internationaux-boudent-lamerique-de-trump-mais-pas-les-francais","status":"publish","type":"post","link":"https:\/\/www.europesays.com\/fr\/329181\/","title":{"rendered":"Les touristes internationaux boudent l&rsquo;Am\u00e9rique de Trump (mais pas les Fran\u00e7ais)"},"content":{"rendered":"<p>Face \u00e0 la politique offensive de Donald Trump, les visiteurs \u00e9trangers, notamment les Allemands ou les Chinois, pl\u00e9biscitent moins les \u00c9tats-Unis par rapport \u00e0 l&rsquo;an dernier \u00e0 la m\u00eame p\u00e9riode.<\/p>\n<p>C&rsquo;est la d\u00e9gringolade pour le tourisme am\u00e9ricain : de nombreux vacanciers ont d\u00e9cid\u00e9 de bouder les \u00c9tats-Unis cette ann\u00e9e, rebut\u00e9s par la politique de Donald Trump. D&rsquo;apr\u00e8s les derniers chiffres publi\u00e9s par le National travel and tourism office (Office am\u00e9ricain du tourisme et des voyages), le nombre de <a href=\"https:\/\/www.bfmtv.com\/economie\/economie-social\/je-ne-me-sens-plus-vraiment-le-bienvenu-trump-a-fait-fuir-les-touristes-europeens-en-mars-mais-les-billets-a-600-euros-les-ont-fait-revenir-en-avril_AD-202506020406.html\" title=\"&quot;Je ne me sens plus vraiment le bienvenu&quot;: Trump a fait fuir les touristes europ\u00e9ens en mars mais les billets \u00e0 600 euros les ont fait revenir en avril\" class=\"internal_link\" rel=\"nofollow noopener\" target=\"_blank\">touristes<\/a> \u00e9trangers venus visiter les \u00c9tats-Unis a encore chut\u00e9 de 3,1% en juillet (par rapport \u00e0 juillet 2024).<\/p>\n<p>D&rsquo;autant que cette statistique n&rsquo;inclut ni le Canada, ni le Mexique. Or, les Canadiens boycottent en masse les \u00c9tats-Unis depuis que Donald Trump a menac\u00e9 de faire de leur pays le 51\u00e8me \u00c9tat am\u00e9ricain. En mai (derni\u00e8re statistique disponible), le nombre de touristes canadiens avait chut\u00e9 d&rsquo;un quart (-25,6% par rapport \u00e0 mai 2024).<\/p>\n<p>Contrairement aux Allemands, les Fran\u00e7ais continuent de visiter les \u00c9tats-Unis<\/p>\n<p>En mai dernier, une<a href=\"https:\/\/www.bfmtv.com\/economie\/entreprises\/transports\/les-touristes-francais-et-europeens-vont-ils-bouder-l-amerique-de-trump-cet-ete-pour-les-patrons-des-compagnies-aeriennes-ce-n-est-pas-flagrant_AD-202506030474.html\" title=\"Les touristes fran\u00e7ais et europ\u00e9ens vont-ils bouder l&#039;Am\u00e9rique de Trump cet \u00e9t\u00e9? Pour les patrons des compagnies a\u00e9riennes ce n&#039;est pas flagrant\" class=\"internal_link\" rel=\"nofollow noopener\" target=\"_blank\"> \u00e9tude<\/a> du World Travel and Tourism Council (WTTC) qui regroupe les grands op\u00e9rateurs du tourisme mondial, alertait sur des pertes potentielles de 12,5 milliards de dollars en d\u00e9penses de visiteurs internationaux cette ann\u00e9e pour le secteur touristique am\u00e9ricain. Mais les compagnies a\u00e9riennes <a href=\"https:\/\/www.bfmtv.com\/economie\/entreprises\/transports\/les-touristes-francais-et-europeens-vont-ils-bouder-l-amerique-de-trump-cet-ete-pour-les-patrons-des-compagnies-aeriennes-ce-n-est-pas-flagrant_AD-202506030474.html\" title=\"Les touristes fran\u00e7ais et europ\u00e9ens vont-ils bouder l&#039;Am\u00e9rique de Trump cet \u00e9t\u00e9? Pour les patrons des compagnies a\u00e9riennes ce n&#039;est pas flagrant\" class=\"internal_link\" rel=\"nofollow noopener\" target=\"_blank\">se montraient rassurantes<\/a> et n&rsquo;observaient pas encore les effets de la politique de Trump sur les r\u00e9servations.<\/p>\n<blockquote class=\"embed embed_quote\"><p>\u00ab\u00a0Ce que nous redoutions le plus, c&rsquo;\u00e9tait un changement important de la nature de la demande\u00a0\u00bb sur l&rsquo;axe nord-atlantique, expliquait par exemple le directeur g\u00e9n\u00e9ral d&rsquo;Air France-KLM, Benjamin Smith, \u00ab\u00a0mais nous ne le voyons pas\u00a0\u00bb se produire.<\/p><\/blockquote>\n<p>Deux mois plus tard, force est de constater que la tendance est plut\u00f4t \u00e0 la baisse, m\u00eame si elle reste mod\u00e9r\u00e9e. Les arriv\u00e9es de <a href=\"https:\/\/www.bfmtv.com\/economie\/economie-social\/je-ne-me-sens-plus-vraiment-le-bienvenu-trump-a-fait-fuir-les-touristes-europeens-en-mars-mais-les-billets-a-600-euros-les-ont-fait-revenir-en-avril_AD-202506020406.html\" title=\"&quot;Je ne me sens plus vraiment le bienvenu&quot;: Trump a fait fuir les touristes europ\u00e9ens en mars mais les billets \u00e0 600 euros les ont fait revenir en avril\" class=\"internal_link\" rel=\"nofollow noopener\" target=\"_blank\">touristes venus d&rsquo;Europe de l&rsquo;Ouest<\/a> sont en recul de 4% en juillet sur un an. Les visiteurs allemands ont particuli\u00e8rement boud\u00e9 les \u00c9tats-Unis (-15%), en revanche l&rsquo;effet n&rsquo;est pas du tout flagrant sur les Fran\u00e7ais (-0,2%).<\/p>\n<p>Une politique trumpienne offensive \u00e0 l&rsquo;\u00e9gard des autres pays<\/p>\n<p>Contr\u00f4les renforc\u00e9s aux fronti\u00e8res, cas m\u00e9diatis\u00e9s de touristes retenus aux a\u00e9roports, annonce d&rsquo;une <a href=\"https:\/\/www.bfmtv.com\/economie\/consommation\/le-prix-de-l-esta-va-doubler-et-des-frais-de-visa-de-250-dollars-de-plus-se-rendre-aux-etats-unis-coutera-bientot-plus-cher-a-cause-de-la-nouvelle-loi-de-trump_AV-202507180356.html\" title=\"Le prix de l\u2019Esta va doubler et le visa aura 250 dollars de frais en plus: se rendre aux \u00c9tats-Unis co\u00fbtera bient\u00f4t plus cher (\u00e0 cause de la nouvelle loi de Trump)\" class=\"internal_link\" rel=\"nofollow noopener\" target=\"_blank\">hausse du prix des visas<\/a> l&rsquo;an prochain, mesures anti-immigration et contre les \u00e9tudiants \u00e9trangers, discours agressifs et mise en place de droits de douane&#8230; Donald Trump a multipli\u00e9 les offensives \u00e0 l&rsquo;\u00e9gard de la quasi-totalit\u00e9 des pays du monde ou de leurs ressortissants. Et ce n&rsquo;est pas sans cons\u00e9quence.<\/p>\n<p>Les relations diplomatiques avec la Chine se sont d&rsquo;ailleurs tellement tendues qu&rsquo;en avril, P\u00e9kin a appel\u00e9 ses ressortissants \u00e0 la \u00ab\u00a0prudence\u00a0\u00bb face aux \u00ab\u00a0risques\u00a0\u00bb d&rsquo;un voyage aux \u00c9tats-Unis. R\u00e9sultat, les arriv\u00e9es de touristes chinois ont fondu de pr\u00e8s de 14% en juillet. En revanche, les \u00c9tats-Unis continuent d&rsquo;avoir la cote aupr\u00e8s des touristes venus d&rsquo;Am\u00e9rique centrale (+11,8% hors Mexique).<\/p>\n","protected":false},"excerpt":{"rendered":"Face \u00e0 la politique offensive de Donald Trump, les visiteurs \u00e9trangers, notamment les Allemands ou les Chinois, pl\u00e9biscitent&hellip;\n","protected":false},"author":2,"featured_media":329182,"comment_status":"","ping_status":"","sticky":false,"template":"","format":"standard","meta":{"footnotes":""},"categories":[1589],"tags":[11,73,1866,12,1864,1865,1863,308],"class_list":{"0":"post-329181","1":"post","2":"type-post","3":"status-publish","4":"format-standard","5":"has-post-thumbnail","7":"category-etats-unis","8":"tag-actualites","9":"tag-etats-unis","10":"tag-etats-unis-damerique","11":"tag-news","12":"tag-united-states","13":"tag-united-states-of-america","14":"tag-us","15":"tag-usa"},"share_on_mastodon":{"url":"https:\/\/pubeurope.com\/@fr\/115055151303888576","error":""},"_links":{"self":[{"href":"https:\/\/www.europesays.com\/fr\/wp-json\/wp\/v2\/posts\/329181","targetHints":{"allow":["GET"]}}],"collection":[{"href":"https:\/\/www.europesays.com\/fr\/wp-json\/wp\/v2\/posts"}],"about":[{"href":"https:\/\/www.europesays.com\/fr\/wp-json\/wp\/v2\/types\/post"}],"author":[{"embeddable":true,"href":"https:\/\/www.europesays.com\/fr\/wp-json\/wp\/v2\/users\/2"}],"replies":[{"embeddable":true,"href":"https:\/\/www.europesays.com\/fr\/wp-json\/wp\/v2\/comments?post=329181"}],"version-history":[{"count":0,"href":"https:\/\/www.europesays.com\/fr\/wp-json\/wp\/v2\/posts\/329181\/revisions"}],"wp:featuredmedia":[{"embeddable":true,"href":"https:\/\/www.europesays.com\/fr\/wp-json\/wp\/v2\/media\/329182"}],"wp:attachment":[{"href":"https:\/\/www.europesays.com\/fr\/wp-json\/wp\/v2\/media?parent=329181"}],"wp:term":[{"taxonomy":"category","embeddable":true,"href":"https:\/\/www.europesays.com\/fr\/wp-json\/wp\/v2\/categories?post=329181"},{"taxonomy":"post_tag","embeddable":true,"href":"https:\/\/www.europesays.com\/fr\/wp-json\/wp\/v2\/tags?post=329181"}],"curies":[{"name":"wp","href":"https:\/\/api.w.org\/{rel}","templated":true}]}}