{"id":329184,"date":"2025-08-19T11:18:13","date_gmt":"2025-08-19T11:18:13","guid":{"rendered":"https:\/\/www.europesays.com\/fr\/329184\/"},"modified":"2025-08-19T11:18:13","modified_gmt":"2025-08-19T11:18:13","slug":"les-bloqueurs-de-pub-bientot-interdits-voici-ce-quil-se-passe-en-allemagne","status":"publish","type":"post","link":"https:\/\/www.europesays.com\/fr\/329184\/","title":{"rendered":"Les bloqueurs de pub bient\u00f4t interdits ? Voici ce qu&rsquo;il se passe en Allemagne"},"content":{"rendered":"<p>Une nouvelle bataille juridique s\u2019ouvre en Allemagne. La Cour f\u00e9d\u00e9rale allemande relance le d\u00e9bat autour de la l\u00e9gitimit\u00e9 des bloqueurs de pub sous l\u2019impulsion du groupe de presse Axel Springer. <\/p>\n<p><a target=\"_blank\" href=\"https:\/\/images.frandroid.com\/wp-content\/uploads\/2013\/02\/adblock-plus.png\" class=\"article-content__figure\" rel=\"nofollow noopener\"><img fetchpriority=\"high\" decoding=\"async\" loading=\"eager\" width=\"632\" height=\"343\" src=\"https:\/\/www.europesays.com\/fr\/wp-content\/uploads\/2025\/08\/adblock-plus.png\" alt=\"\" class=\"wp-image-128779 wp-image wp-image\"  \/><\/a><\/p>\n<p>Les bloqueurs de publicit\u00e9 font partie du quotidien de nombreux utilisateurs. Ces extensions disponibles sur la plupart des <a href=\"https:\/\/www.frandroid.com\/android\/applications\/top-applications\/406568_notre-selection-des-meilleurs-navigateurs-internet-sur-android\" rel=\"nofollow noopener\" target=\"_blank\">navigateurs<\/a>, que ce soit sur <a href=\"https:\/\/www.frandroid.com\/guide-dachat\/638058_quels-sont-les-meilleurs-pc-portables-haut-de-gamme-de-2019\" rel=\"nofollow noopener\" target=\"_blank\">PC<\/a> ou <a href=\"https:\/\/www.frandroid.com\/guide-dachat\/smartphones\/332196_10-smartphones-attendus-debut-2016\" rel=\"nofollow noopener\" target=\"_blank\">smartphones<\/a>, sont pourtant le cauchemar de nombreux organismes de presse, \u00e0 l\u2019image du groupe Axel Springer, pour qui ces revenus publicitaires restent essentiels. <\/p>\n<p>Depuis 2015, le groupe de presse est \u00e0 l\u2019origine de multiples actions en justice contre Eyeo, l\u2019\u00e9diteur du c\u00e9l\u00e8bre Adblock Plus. S\u2019il a jusqu\u2019alors \u00e9t\u00e9 d\u00e9bout\u00e9, de r\u00e9cents d\u00e9veloppements port\u00e9s par la justice allemande pourrait cette fois donner raison au groupe, rapporte <a target=\"_blank\" href=\"https:\/\/www.01net.com\/actualites\/lallemagne-pourrait-interdire-les-bloqueurs-de-publicites.html\" rel=\"nofollow noopener\">01net<\/a>. <\/p>\n<p>Une histoire de droit d\u2019auteur<\/p>\n<p>Au d\u00e9part, le groupe a pr\u00e9text\u00e9 aupr\u00e8s de la justice qu\u2019Adblock Plus lui portait pr\u00e9judice en l\u2019emp\u00eachant de gagner les revenus qu\u2019auraient pu lui apporter les visiteurs sur son site. Un argument qui n\u2019avait pas fait mouche aupr\u00e8s de la justice. En 2022, c\u2019est sur le motif du droit d\u2019auteur qu\u2019attaquait Springer. Le groupe \u00e9voquait alors qu\u2019un bloqueur publicitaire modifiait profond\u00e9ment le code d\u2019un site. Un argument qui ne tenait pas pour la cour d\u2019appel de Hamburg. <\/p>\n<p>Pourtant, la Cour f\u00e9d\u00e9rale allemande voit l\u2019affaire d\u2019un autre \u0153il.  Pour l\u2019organisme juridique, il n\u2019est pas exclu que le code g\u00e9n\u00e9r\u00e9 par un navigateur puisse \u00eatre prot\u00e9g\u00e9 par le droit d\u2019auteur. Un motif suffisant pour relancer la machine juridique <\/p>\n<p>Une atteinte \u00e0 Internet<\/p>\n<p>Si la victoire est loin d\u2019\u00eatre acquise pour Axel Springer, certains d\u00e9fenseurs de l\u2019Internet libre se font d\u00e9j\u00e0 entendre, \u00e0 l\u2019image de Mozilla, responsable du navigateur <a href=\"https:\/\/www.frandroid.com\/telecharger\/apps\/firefox#:~:text=synchronisez%20votre%20navigateur-,Qu&#039;est%2Dce%20que%20Mozilla%20Firefox%20%3F,et%20fonctionne%20parfaitement%20sur%20mobile.\" rel=\"nofollow noopener\" target=\"_blank\">Firefox<\/a>. La fondation \u00e9voque une \u00ab\u00a0logique erron\u00e9e\u00a0\u00bb mettant en p\u00e9ril la libert\u00e9, la vie priv\u00e9e et la s\u00e9curit\u00e9 des utilisateurs. Pour \u00e9tayer son propos et discr\u00e9diter le motif \u00e9voqu\u00e9 par Springer, Mozilla <a target=\"_blank\" href=\"https:\/\/blog.mozilla.org\/netpolicy\/2025\/08\/14\/is-germany-on-the-brink-of-banning-ad-blockers-user-freedom-privacy-and-security-is-at-risk\/\" rel=\"nofollow noopener\">compare<\/a> les bloqueurs de publicit\u00e9s au bouton d\u2019avance rapide permettant aux utilisateurs de sauter les publicit\u00e9s lors de l\u2019\u00e9coute d\u2019un podcast. <\/p>\n<p>La fondation ajoute que ces bloqueurs comme d\u2019autres extensions contribuent \u00e0 prot\u00e9ger les internautes pouvant \u00eatre expos\u00e9s \u00e0 des menaces lors de leurs navigations. Ces derni\u00e8res pouvant aller du phishing \u00e0 l\u2019ex\u00e9cution de code malveillant ou d\u2019un suivi intrusif.<\/p>\n<p>Si l\u2019Allemagne obtient gain de cause, elle pourrait marcher dans les pas de la Chine avec cette interdiction. Pour le moment, l\u2019affaire est toujours en cours. <\/p>\n","protected":false},"excerpt":{"rendered":"Une nouvelle bataille juridique s\u2019ouvre en Allemagne. La Cour f\u00e9d\u00e9rale allemande relance le d\u00e9bat autour de la l\u00e9gitimit\u00e9&hellip;\n","protected":false},"author":2,"featured_media":329185,"comment_status":"","ping_status":"","sticky":false,"template":"","format":"standard","meta":{"footnotes":""},"categories":[1587],"tags":[11,46663,672,1804,1805,1803,1777,674,1801,46664,12,1802],"class_list":{"0":"post-329184","1":"post","2":"type-post","3":"status-publish","4":"format-standard","5":"has-post-thumbnail","7":"category-allemagne","8":"tag-actualites","9":"tag-adblock","10":"tag-allemagne","11":"tag-bundesrepublik-deutschland","12":"tag-de","13":"tag-deutschland","14":"tag-eu","15":"tag-europe","16":"tag-germany","17":"tag-mozilla","18":"tag-news","19":"tag-republique-federale-dallemagne"},"share_on_mastodon":{"url":"https:\/\/pubeurope.com\/@fr\/115055159589620618","error":""},"_links":{"self":[{"href":"https:\/\/www.europesays.com\/fr\/wp-json\/wp\/v2\/posts\/329184","targetHints":{"allow":["GET"]}}],"collection":[{"href":"https:\/\/www.europesays.com\/fr\/wp-json\/wp\/v2\/posts"}],"about":[{"href":"https:\/\/www.europesays.com\/fr\/wp-json\/wp\/v2\/types\/post"}],"author":[{"embeddable":true,"href":"https:\/\/www.europesays.com\/fr\/wp-json\/wp\/v2\/users\/2"}],"replies":[{"embeddable":true,"href":"https:\/\/www.europesays.com\/fr\/wp-json\/wp\/v2\/comments?post=329184"}],"version-history":[{"count":0,"href":"https:\/\/www.europesays.com\/fr\/wp-json\/wp\/v2\/posts\/329184\/revisions"}],"wp:featuredmedia":[{"embeddable":true,"href":"https:\/\/www.europesays.com\/fr\/wp-json\/wp\/v2\/media\/329185"}],"wp:attachment":[{"href":"https:\/\/www.europesays.com\/fr\/wp-json\/wp\/v2\/media?parent=329184"}],"wp:term":[{"taxonomy":"category","embeddable":true,"href":"https:\/\/www.europesays.com\/fr\/wp-json\/wp\/v2\/categories?post=329184"},{"taxonomy":"post_tag","embeddable":true,"href":"https:\/\/www.europesays.com\/fr\/wp-json\/wp\/v2\/tags?post=329184"}],"curies":[{"name":"wp","href":"https:\/\/api.w.org\/{rel}","templated":true}]}}