{"id":329188,"date":"2025-08-19T11:20:37","date_gmt":"2025-08-19T11:20:37","guid":{"rendered":"https:\/\/www.europesays.com\/fr\/329188\/"},"modified":"2025-08-19T11:20:37","modified_gmt":"2025-08-19T11:20:37","slug":"on-a-compris-quil-y-avait-eu-boulette-la-vraie-fausse-victoire-du-club-de-rugby-de-pontacq-en-afrique-du-sud","status":"publish","type":"post","link":"https:\/\/www.europesays.com\/fr\/329188\/","title":{"rendered":"\u00ab\u00a0On a compris qu&rsquo;il y avait eu boulette\u00a0\u00bb, la vraie-fausse victoire du club de rugby de Pontacq en Afrique du Sud"},"content":{"rendered":"<p>Il y a un mois, le Tour de France passait par Pontacq, et \u00e0 cette occasion Franck Ferrand, le monsieur patrimoine du Tour sur France T\u00e9l\u00e9visions, a racont\u00e9 que le club de rugby du village avait \u00e9t\u00e9 le premier \u00e0 s&rsquo;imposer en Afrique du Sud, en 1958 ! \u00c0 Pontacq, l&rsquo;info en a fait sourire plus d&rsquo;un&#8230;<\/p>\n<p>Mercredi 17 juillet dernier, 12e \u00e9tape du Tour de France entre Auch et Hautacam. 15h30 vient de passer, le peloton entre dans Pontacq. Franck Ferrand, le monsieur patrimoine du Tour sur France T\u00e9l\u00e9visions se lance sur la vieille tour du XIVe si\u00e8cle et l&rsquo;\u00e9glise Saint-Laurent avant de marquer une pause et d&rsquo;enchainer\u00a0: \u00ab\u00a0<strong>Pontacq, patrie du ballon ovale \u00e9videmment\u00a0!<\/strong> C&rsquo;est l&rsquo;\u00e9quipe qui en 1958 avait vaincu les Springboks pour la premi\u00e8re fois, en Afrique du Sud\u00a0\u00bb. De quoi faire tiquer \u00e0 l&rsquo;\u00e9coute, et mener l&rsquo;enqu\u00eate&#8230;<\/p>\n<p>Un \u00ab\u00a0Papillon\u00a0\u00bb au pays des Springboks<\/p>\n<p>Dans les archives f\u00e9d\u00e9rales, aucune trace d&rsquo;une tourn\u00e9e de Pontacq en Afrique du Sud. En revanche, en 1958, le XV de France a bien jou\u00e9 \u2013 et gagn\u00e9 \u2013 pour la premi\u00e8re fois de son histoire chez les Springboks. Au moment d&rsquo;\u00e9plucher\u00a0<a target=\"_blank\" rel=\"nofollow noopener noreferrer\" class=\"IciLink ici-link IciArticleLink g-ici-body-regular-1 underline brand svelte-lu7k6w\" href=\"https:\/\/www.ffr.fr\/equipe-de-france\/rugby-a-xv\/xv-de-france-masculin\/rencontres\/test-match-1958\/france-afrique-du-sud-samedi-16-aout-1958-160946\">le nom des tricolores pr\u00e9sents lors de cette tourn\u00e9e<\/a>, les Bigourdans Jean Barthe, Roger Martine et Jean Dupuy, et deux B\u00e9arnais\u00a0: Fran\u00e7ois Moncla, de Louvie-Juzon, et <strong>Pierre Lacaze de&#8230; Pontacq<\/strong>. Arri\u00e8re des Bleus, auteur d&rsquo;un drop et d&rsquo;une p\u00e9nalit\u00e9 lors de la victoire \u00e0 Johannesburg (5-9), Pierre Lacaze est surnomm\u00e9 \u00ab\u00a0Papillon\u00a0\u00bb par ses co\u00e9quipiers, lui le joueur form\u00e9 aux Papillons de Pontacq, le nom du club \u00e0 l&rsquo;\u00e9poque.<\/p>\n<p>Didier Larrazabal, maire de Pontacq et ancien pr\u00e9sident du CAP, le Cercle Athl\u00e9tique Pontacquais, a lui aussi entendu parler de \u00ab\u00a0l&rsquo;exploit\u00a0\u00bb du club en Afrique du Sud\u00a0: \u00ab\u00a0Ah oui le t\u00e9l\u00e9phone a beaucoup sonn\u00e9\u00a0! \u00c7a a \u00e9t\u00e9 le sujet de conversations sympas au bistrot, dans la rue et jusqu&rsquo;\u00e0 la mairie. Bon,\u00a0<strong>on a quand m\u00eame compris qu&rsquo;il y avait eu boulette\u00a0!<\/strong>\u00a0\u00bb D&rsquo;un Pontacquais en \u00e9quipe de France, Franck Ferrand semble donc avoir \u00ab\u00a0offert\u00a0\u00bb ce succ\u00e8s \u00e0 Pontacq. Didier Larrazabal ne s&rsquo;en plaint pas\u00a0: \u00ab\u00a0Ah \u00e7a a \u00e9t\u00e9 <strong>une grande et belle pub pour le rugby \u00e0 Pontacq<\/strong>, la France enti\u00e8re a entendu que le club avait gagn\u00e9 chez les Sud Af&rsquo;, j&rsquo;attends encore un coup de fil de monsieur Galthi\u00e9\u00a0\u00bb, plaisante encore le maire. Avant, qui sait, un voyage chez les Springboks pour le CAP, sur les traces des exploits de \u00ab\u00a0Papillon\u00a0\u00bb Lacaze.<\/p>\n<p><img loading=\"lazy\" decoding=\"async\" class=\"VisualPreview svelte-1rldrkz\" src=\"data:image\/jpeg;base64,\/9j\/2wBDACgcHiMeGSgjISMtKygwPGRBPDc3PHtYXUlkkYCZlo+AjIqgtObDoKrarYqMyP\/L2u71\/\/\/\/m8H\/\/\/\/6\/+b9\/\/j\/2wBDASstLTw1PHZBQXb4pYyl+Pj4+Pj4+Pj4+Pj4+Pj4+Pj4+Pj4+Pj4+Pj4+Pj4+Pj4+Pj4+Pj4+Pj4+Pj4+Pj4+Pj\/wAARCAApACoDASIAAhEBAxEB\/8QAFwAAAwEAAAAAAAAAAAAAAAAAAQIDAP\/EABgQAQEBAQEAAAAAAAAAAAAAAAABEQIS\/8QAFAEBAAAAAAAAAAAAAAAAAAAAAP\/EABQRAQAAAAAAAAAAAAAAAAAAAAD\/2gAMAwEAAhEDEQA\/AKa2kvRb0CnoNS9N6BTW0mtoBaW0WwC6GmsLYAym1MdBTmKTknKsAl5T6i9S7BKgNKD\/2Q==\" alt=\"Fran\u00e7ois Moncla, et Pierre dit &quot;Papillon&quot; Lacaze,  co\u00e9quipiers en \u00e9quipe de France, ici en 1959.\" width=\"600\" height=\"597\"\/>  Fran\u00e7ois Moncla, et Pierre dit \u00ab\u00a0Papillon\u00a0\u00bb Lacaze,  co\u00e9quipiers en \u00e9quipe de France, ici en 1959. \u00a9 Getty  <\/p>\n","protected":false},"excerpt":{"rendered":"Il y a un mois, le Tour de France passait par Pontacq, et \u00e0 cette occasion Franck Ferrand,&hellip;\n","protected":false},"author":2,"featured_media":329189,"comment_status":"","ping_status":"","sticky":false,"template":"","format":"standard","meta":{"footnotes":""},"categories":[1586],"tags":[11,1777,674,1779,1011,27,12,25,1778,364],"class_list":{"0":"post-329188","1":"post","2":"type-post","3":"status-publish","4":"format-standard","5":"has-post-thumbnail","7":"category-europe","8":"tag-actualites","9":"tag-eu","10":"tag-europe","11":"tag-european-union","12":"tag-fr","13":"tag-france","14":"tag-news","15":"tag-republique-francaise","16":"tag-ue","17":"tag-union-europeenne"},"share_on_mastodon":{"url":"https:\/\/pubeurope.com\/@fr\/115055166955181011","error":""},"_links":{"self":[{"href":"https:\/\/www.europesays.com\/fr\/wp-json\/wp\/v2\/posts\/329188","targetHints":{"allow":["GET"]}}],"collection":[{"href":"https:\/\/www.europesays.com\/fr\/wp-json\/wp\/v2\/posts"}],"about":[{"href":"https:\/\/www.europesays.com\/fr\/wp-json\/wp\/v2\/types\/post"}],"author":[{"embeddable":true,"href":"https:\/\/www.europesays.com\/fr\/wp-json\/wp\/v2\/users\/2"}],"replies":[{"embeddable":true,"href":"https:\/\/www.europesays.com\/fr\/wp-json\/wp\/v2\/comments?post=329188"}],"version-history":[{"count":0,"href":"https:\/\/www.europesays.com\/fr\/wp-json\/wp\/v2\/posts\/329188\/revisions"}],"wp:featuredmedia":[{"embeddable":true,"href":"https:\/\/www.europesays.com\/fr\/wp-json\/wp\/v2\/media\/329189"}],"wp:attachment":[{"href":"https:\/\/www.europesays.com\/fr\/wp-json\/wp\/v2\/media?parent=329188"}],"wp:term":[{"taxonomy":"category","embeddable":true,"href":"https:\/\/www.europesays.com\/fr\/wp-json\/wp\/v2\/categories?post=329188"},{"taxonomy":"post_tag","embeddable":true,"href":"https:\/\/www.europesays.com\/fr\/wp-json\/wp\/v2\/tags?post=329188"}],"curies":[{"name":"wp","href":"https:\/\/api.w.org\/{rel}","templated":true}]}}