{"id":329198,"date":"2025-08-19T11:27:13","date_gmt":"2025-08-19T11:27:13","guid":{"rendered":"https:\/\/www.europesays.com\/fr\/329198\/"},"modified":"2025-08-19T11:27:13","modified_gmt":"2025-08-19T11:27:13","slug":"terence-atmane-renonce-aux-qualifications-apres-sa-folle-epopee-a-cincinnati","status":"publish","type":"post","link":"https:\/\/www.europesays.com\/fr\/329198\/","title":{"rendered":"Terence Atmane renonce aux qualifications apr\u00e8s sa folle \u00e9pop\u00e9e \u00e0 Cincinnati"},"content":{"rendered":"<p>Il faudra attendre pour revoir Terence Atmane disputer un tournoi du Grand Chelem. <a href=\"https:\/\/www.20minutes.fr\/sport\/tennis\/4168192-20250817-tennis-terence-atmane-bien-defendu-contre-sinner-francais-arrete-demies-cincinnati\" class=\"c-link c-link--is-underlined\" target=\"_blank\" rel=\"noopener\">Demi-finaliste du Masters 1000 de Cincinnati<\/a>, o\u00f9 il \u00e9tait issu des qualifications, la sensation fran\u00e7aise, pass\u00e9 de la 136e \u00e0 la 69e place mondiale, renonce <a href=\"https:\/\/www.20minutes.fr\/sport\/us_open\/\" class=\"c-link c-link--is-underlined\" target=\"_blank\" rel=\"noopener\">\u00e0 disputer les qualifs de l\u2019US Open<\/a>, qui commen\u00e7aient ce lundi. L\u2019Argentin Andrea Collarini l\u2019a remplac\u00e9 dans le tableau masculin.<\/p>\n<p><a href=\"https:\/\/www.lequipe.fr\/Tennis\/Actualites\/Terence-atmane-declare-forfait-pour-l-us-open\/1586063\" rel=\"nofollow noopener\" target=\"_blank\" class=\"c-link c-link--is-underlined\">Selon L\u2019Equipe, Terence Atmane souffre de plusieurs p\u00e9pins physiques<\/a> qu\u2019il tra\u00eene depuis le Masters 1000 de Toronto. A savoir\u00a0: une entorse d\u2019un gros orteil avec l\u00e9sion de grade 2 du fl\u00e9chisseur au pied gauche, ainsi qu\u2019une douleur \u00e0 la hanche. Le joueur fran\u00e7ais de 23 ans ne compte pas prendre le risque d\u2019hypoth\u00e9quer sa fin de saison. Celle-ci sera pour lui l\u2019opportunit\u00e9 de repartir sur de nouvelles bases avec un acc\u00e8s facilit\u00e9 aux tableaux principaux et la possibilit\u00e9 d\u2019am\u00e9liorer son classement d\u2019ici l\u2019Open d\u2019Australie.<\/p>\n<p>Le d\u00e9but d\u2019une nouvelle carri\u00e8re<\/p>\n<p>Atmane devrait par ailleurs profiter des gains du Masters 1000 de Cincinnati pour construire un staff digne de son nouveau statut de joueur du top 100 ATP. \u00ab\u00a0C\u2019est insens\u00e9, avait-il d\u00e9clar\u00e9 apr\u00e8s sa qualification en demi-finale. C\u2019est aussi beaucoup d\u2019argent (332.160 dollars), \u00e7a va beaucoup m\u2019aider pour ma carri\u00e8re. C\u2019est tr\u00e8s important, je suis \u00e9mu.\u00a0\u00bb<\/p>\n","protected":false},"excerpt":{"rendered":"Il faudra attendre pour revoir Terence Atmane disputer un tournoi du Grand Chelem. Demi-finaliste du Masters 1000 de&hellip;\n","protected":false},"author":2,"featured_media":329199,"comment_status":"","ping_status":"","sticky":false,"template":"","format":"standard","meta":{"footnotes":""},"categories":[1415],"tags":[45113,73,1011,27,517,60,1467,4172],"class_list":{"0":"post-329198","1":"post","2":"type-post","3":"status-publish","4":"format-standard","5":"has-post-thumbnail","7":"category-tennis","8":"tag-cincinnati","9":"tag-etats-unis","10":"tag-fr","11":"tag-france","12":"tag-sport","13":"tag-sports","14":"tag-tennis","15":"tag-us-open"},"share_on_mastodon":{"url":"https:\/\/pubeurope.com\/@fr\/115055194642751952","error":""},"_links":{"self":[{"href":"https:\/\/www.europesays.com\/fr\/wp-json\/wp\/v2\/posts\/329198","targetHints":{"allow":["GET"]}}],"collection":[{"href":"https:\/\/www.europesays.com\/fr\/wp-json\/wp\/v2\/posts"}],"about":[{"href":"https:\/\/www.europesays.com\/fr\/wp-json\/wp\/v2\/types\/post"}],"author":[{"embeddable":true,"href":"https:\/\/www.europesays.com\/fr\/wp-json\/wp\/v2\/users\/2"}],"replies":[{"embeddable":true,"href":"https:\/\/www.europesays.com\/fr\/wp-json\/wp\/v2\/comments?post=329198"}],"version-history":[{"count":0,"href":"https:\/\/www.europesays.com\/fr\/wp-json\/wp\/v2\/posts\/329198\/revisions"}],"wp:featuredmedia":[{"embeddable":true,"href":"https:\/\/www.europesays.com\/fr\/wp-json\/wp\/v2\/media\/329199"}],"wp:attachment":[{"href":"https:\/\/www.europesays.com\/fr\/wp-json\/wp\/v2\/media?parent=329198"}],"wp:term":[{"taxonomy":"category","embeddable":true,"href":"https:\/\/www.europesays.com\/fr\/wp-json\/wp\/v2\/categories?post=329198"},{"taxonomy":"post_tag","embeddable":true,"href":"https:\/\/www.europesays.com\/fr\/wp-json\/wp\/v2\/tags?post=329198"}],"curies":[{"name":"wp","href":"https:\/\/api.w.org\/{rel}","templated":true}]}}