{"id":329200,"date":"2025-08-19T11:28:12","date_gmt":"2025-08-19T11:28:12","guid":{"rendered":"https:\/\/www.europesays.com\/fr\/329200\/"},"modified":"2025-08-19T11:28:12","modified_gmt":"2025-08-19T11:28:12","slug":"nicolas-batum-et-nando-de-colo-honores-pour-leur-carriere-avec-la-france-ca-clot-vraiment-lhistoire","status":"publish","type":"post","link":"https:\/\/www.europesays.com\/fr\/329200\/","title":{"rendered":"Nicolas Batum et Nando De Colo honor\u00e9s pour leur carri\u00e8re avec la France : \u00ab\u00a0\u00c7a cl\u00f4t vraiment l&rsquo;histoire\u00a0\u00bb"},"content":{"rendered":"<p>Un an apr\u00e8s la finale olympique contre Team USA, <a target=\"_blank\" rel=\"noopener\" href=\"https:\/\/www.bebasket.fr\/joueur\/nicolas-batum\"><strong>Nicolas Batum<\/strong> (2,03 m, 36 ans)<\/a> et <a target=\"_blank\" rel=\"noopener\" href=\"https:\/\/www.bebasket.fr\/joueur\/nando-de-colo\"><strong>Nando De Colo<\/strong> (1,95 m, 38 ans)<\/a> ont refoul\u00e9 le terrain de Bercy samedi 16 ao\u00fbt en avant-match de la rencontre de pr\u00e9paration de l\u2019\u00e9quipe de France contre l\u2019Espagne. Mais pas avec la tunique tricolore, plut\u00f4t avec le statut de n\u00e9o-retrait\u00e9 international, recevant un dernier hommage pour la long\u00e9vit\u00e9 de leur carri\u00e8re en Bleu et leurs diff\u00e9rents succ\u00e8s avec la France.<\/p>\n<p>Si les deux comp\u00e8res tricolores vont poursuivre leur carri\u00e8re professionnelle pour une saison de plus (la derni\u00e8re ?) en 2025-2026, l\u2019ailier des Los Angeles Clippers et le meneur de l\u2019ASVEL ont en revanche mis un terme \u00e0 leur parcours international \u00e0 l\u2019issue des Jeux olympiques de Paris 2024.<\/p>\n<p>Ainsi, ils ont comptabilis\u00e9 plus de 150 s\u00e9lections sous le maillot tricolore, avec respectivement 177 pour Batman et 209 pour Nando, membre du club des 200 s\u00e9lections \u00e9galement honor\u00e9 ce m\u00eame soir \u00e0 Bercy. Ensemble, ils ont notamment remport\u00e9 l\u2019EuroBasket 2013, pris le bronze au Mondial en 2019 et enfin, ont \u00e9t\u00e9 vice-champions olympique \u00e0 Tokyo en 2021 et Paris en 2024.<\/p>\n<p>LIRE AUSSI<\/p>\n<p><a href=\"https:\/\/www.bebasket.fr\/le-club-des-200-selections-honore-a-bercy-lhistoire-du-basket-francais-va-etre-fetee-avant-tout-pour-frederic-fauthoux\" target=\"_blank\" rel=\"noopener\"> <img decoding=\"async\" src=\"https:\/\/www.europesays.com\/fr\/wp-content\/uploads\/2025\/08\/de-colo-guillaume-poumarede-1f07aa0d-41cf-6eb2-9346-e38b633aad22.jpg\" alt=\"\"\/> <\/a><\/p>\n<p>Retrouvez les d\u00e9clarations des int\u00e9ress\u00e9s quelques minutes apr\u00e8s la c\u00e9r\u00e9monie hommage en leur honneur.<\/p>\n<p><strong>Nando De Colo : \u00ab\u00a0Pouvoir se rendre compte de ce qu\u2019on a apport\u00e9, c\u2019est incroyable\u00a0\u00bb<\/strong><\/p>\n<p><strong>Nando De Colo<\/strong> : \u00ab\u00a0C\u2019est cool, c\u2019est g\u00e9nial. Pouvoir le partager avec mes filles, pouvoir se rendre compte de ce qu\u2019on a apport\u00e9 \u00e0 l\u2019\u00e9quipe de France, c\u2019est incroyable. Il y a eu de l\u2019\u00e9motion. Elle est diff\u00e9rente de celle comme joueur. Je suis tr\u00e8s content d\u2019avoir \u00e9t\u00e9 honor\u00e9.\u00a0\u00bb<\/p>\n<p>\u00ab\u00a0Des bons moments, il y en a eu beaucoup. Et m\u00eame les moments difficiles nous ont permis d\u2019avancer. Tout \u00e0 l\u2019heure, on me demandait si les Espagnols allaient applaudir. Il y a ce respect malgr\u00e9 le fait qu\u2019il y a eu des confrontations tr\u00e8s intenses contre eux. Mais les Espagnols nous ont permis aussi d\u2019arriver o\u00f9 on est aujourd\u2019hui. Si je devais retenir certaines dates, il y a le titre en 2013, la demi-finale olympique en 2021, la Coupe du Monde 2019 qui \u00e9tait vraiment sympa car on a cr\u00e9\u00e9 quelque chose.\u00a0\u00bb<\/p>\n<p>\u00ab\u00a0En 2008, quand j\u2019ai commenc\u00e9, on \u00e9tait loin des JO, loin des m\u00e9dailles. Aujourd\u2019hui, c\u2019est peut-\u00eatre un peu plus facile pour la nouvelle g\u00e9n\u00e9ration d\u2019arriver en haut de la sc\u00e8ne, mais avec peut-\u00eatre plus de pression aussi. Pour nous, il a fallu tout reconstruire, on a su le faire et pour \u00e7a, je suis tr\u00e8s fier.\u00a0\u00bb<\/p>\n<p><strong>Nicolas Batum : \u00ab\u00a0C\u2019\u00e9tait dur de ne pas craquer\u00a0\u00bb<\/strong><\/p>\n<p><strong>Nicolas Batum<\/strong> : \u00ab\u00a0\u00c7a y est c\u2019est fini [sa carri\u00e8re en Bleu]. C\u2019est \u00e7a qui est dur \u00e0 accepter. L\u2019annonce a \u00e9t\u00e9 faite il y a un an mais ce soir, ca cl\u00f4t vraiment l\u2019histoire. \u00c7a fait 20 ans, en comptant les jeunes, \u00e0 porter le maillot bleu. C\u2019est g\u00e9nial ce qu\u2019on a pu vivre ce soir avec Nando.<\/p>\n<p>\u00ab\u00a0C\u2019est l\u00e0 que je me suis le plus retenu, pour ne pas craquer [ndlr : lors du visionnage des images de son contre sur Klemen Prepelic en demi-finale de JO 2021 \u00e0 Tokyo]. Flo\u00a0(Florent Pietrus), Boris\u00a0(Diaw) m\u2019avaient dit\u00a0: \u00ab\u00a0Ne chiale pas, ne chiale pas\u00a0\u00bb. Donc je n\u2019ai pas voulu. C\u2019\u00e9tait \u00e0 huis clos les JO de Tokyo, l\u00e0 c\u2019est comme si je le revivais en direct et quand j\u2019ai vu la r\u00e9action du public, j\u2019ai senti le truc derri\u00e8re moi.\u00a0\u00bb<\/p>\n<p style=\"text-align:right\"><strong>Propos recueillis \u00e0 Bercy par Arthur Puybertier.<\/strong><\/p>\n<blockquote class=\"twitter-tweet\" data-width=\"550\" data-dnt=\"true\">\n<p lang=\"fr\" dir=\"ltr\">\ud83d\udc4f L&rsquo;hommage de la F\u00e9d\u00e9ration Fran\u00e7aise de basket-ball \u00e0 Nicolas Batum, qui a pris sa retraite internationale apr\u00e8s 177 s\u00e9lections ! <a href=\"https:\/\/twitter.com\/hashtag\/lequipeBASKET?src=hash&amp;ref_src=twsrc%5Etfw\" target=\"_blank\" rel=\"noopener\">#lequipeBASKET<\/a> <a href=\"https:\/\/t.co\/nZekZnRgfS\">pic.twitter.com\/nZekZnRgfS<\/a><\/p>\n<p>\u2014 la chaine L&rsquo;\u00c9quipe (@lachainelequipe) <a href=\"https:\/\/twitter.com\/lachainelequipe\/status\/1956794780937007457?ref_src=twsrc%5Etfw\" target=\"_blank\" rel=\"noopener\">August 16, 2025<\/a><\/p>\n<\/blockquote>\n<p><script async src=\"https:\/\/platform.twitter.com\/widgets.js\" charset=\"utf-8\"><\/script><\/p>\n","protected":false},"excerpt":{"rendered":"Un an apr\u00e8s la finale olympique contre Team USA, Nicolas Batum (2,03 m, 36 ans) et Nando De&hellip;\n","protected":false},"author":2,"featured_media":329201,"comment_status":"","ping_status":"","sticky":false,"template":"","format":"standard","meta":{"footnotes":""},"categories":[1414],"tags":[1465,1464,1011,27,60],"class_list":{"0":"post-329200","1":"post","2":"type-post","3":"status-publish","4":"format-standard","5":"has-post-thumbnail","7":"category-basket","8":"tag-basket","9":"tag-basketball","10":"tag-fr","11":"tag-france","12":"tag-sports"},"share_on_mastodon":{"url":"https:\/\/pubeurope.com\/@fr\/115055198594017476","error":""},"_links":{"self":[{"href":"https:\/\/www.europesays.com\/fr\/wp-json\/wp\/v2\/posts\/329200","targetHints":{"allow":["GET"]}}],"collection":[{"href":"https:\/\/www.europesays.com\/fr\/wp-json\/wp\/v2\/posts"}],"about":[{"href":"https:\/\/www.europesays.com\/fr\/wp-json\/wp\/v2\/types\/post"}],"author":[{"embeddable":true,"href":"https:\/\/www.europesays.com\/fr\/wp-json\/wp\/v2\/users\/2"}],"replies":[{"embeddable":true,"href":"https:\/\/www.europesays.com\/fr\/wp-json\/wp\/v2\/comments?post=329200"}],"version-history":[{"count":0,"href":"https:\/\/www.europesays.com\/fr\/wp-json\/wp\/v2\/posts\/329200\/revisions"}],"wp:featuredmedia":[{"embeddable":true,"href":"https:\/\/www.europesays.com\/fr\/wp-json\/wp\/v2\/media\/329201"}],"wp:attachment":[{"href":"https:\/\/www.europesays.com\/fr\/wp-json\/wp\/v2\/media?parent=329200"}],"wp:term":[{"taxonomy":"category","embeddable":true,"href":"https:\/\/www.europesays.com\/fr\/wp-json\/wp\/v2\/categories?post=329200"},{"taxonomy":"post_tag","embeddable":true,"href":"https:\/\/www.europesays.com\/fr\/wp-json\/wp\/v2\/tags?post=329200"}],"curies":[{"name":"wp","href":"https:\/\/api.w.org\/{rel}","templated":true}]}}