{"id":329204,"date":"2025-08-19T11:32:14","date_gmt":"2025-08-19T11:32:14","guid":{"rendered":"https:\/\/www.europesays.com\/fr\/329204\/"},"modified":"2025-08-19T11:32:14","modified_gmt":"2025-08-19T11:32:14","slug":"nous-sommes-devastes-deng-mayar-espoir-americain-de-22-ans-retrouve-mort-noye","status":"publish","type":"post","link":"https:\/\/www.europesays.com\/fr\/329204\/","title":{"rendered":"\u00abNous sommes d\u00e9vast\u00e9s\u00bb, Deng Mayar, espoir am\u00e9ricain de 22 ans retrouv\u00e9 mort noy\u00e9"},"content":{"rendered":"<p>Deng Mayar, joueur au sein de l\u2019universit\u00e9 du Nebraska, est d\u00e9c\u00e9d\u00e9 alors qu\u2019il se baignait en compagnie d\u2019un ami dans un \u00e9tang.<\/p>\n<p class=\"fig-paragraph\">Deng Mayar, joueur des Omaha Mavericks, l\u2019\u00e9quipe de l\u2019universit\u00e9 du Nebraska apr\u00e8s un passage pendant deux ans chez North Dakota, a trouv\u00e9 la mort samedi alors qu\u2019il se baignait dans une \u00e9tendue d\u2019eau \u00e0 Herriman, dans l\u2019\u00c9tat de l\u2019Utah.<\/p>\n<p class=\"fig-paragraph\"><a href=\"https:\/\/www.espn.com\/mens-college-basketball\/story\/_\/id\/46004695\/omaha-forward-deng-mayar-dies-drowning-incident\" target=\"_blank\" rel=\"sponsored noopener nofollow\" data-gtm-custom-categorie=\"navigation\" data-gtm-custom-action=\"crossclick\" data-gtm-custom-label=\"Contextuel\" data-gtm-event=\"customEventSPE\">Selon ESPN<\/a>, le joueur de 22 ans \u00e9tait accompagn\u00e9 d\u2019un ami qui venait de rejoindre la rive lorsqu\u2019il l\u2019a aper\u00e7u en difficult\u00e9 dans l\u2019eau. Sa Mafutaga a bien tent\u00e9 de se porter au secours de son camarade, en vain. Des passants ont alors port\u00e9 assistance \u00e0 ce dernier, lui-m\u00eame en d\u00e9tresse en tentant de sortir Deng Mayar de l\u2019eau. Le corps de Mayar a sombr\u00e9 avant d\u2019\u00eatre retrouv\u00e9 par les sauveteurs samedi soir apr\u00e8s plusieurs heures de recherches, indique Associated Press. Sa Mafutaga, lui, a \u00e9t\u00e9 hospitalis\u00e9. Son \u00e9tat n\u2019inqui\u00e9tait pas les m\u00e9decins.<\/p>\n<p>                                    <a class=\"fig-a11y-skip a11y-hidden\" href=\"#fig-a11y-skip-main-inarticle\"><br \/>\n        Passer la publicit\u00e9<br \/>\n    <\/a><\/p>\n<p>\u00abNous sommes d\u00e9vast\u00e9s par le d\u00e9c\u00e8s de Deng\u00bb<\/p>\n<p class=\"fig-paragraph\">L\u2019\u00e9quipe d\u2019Omaha a r\u00e9agi \u00e0 la disparition de son joueur. \u00abNous sommes d\u00e9vast\u00e9s par le d\u00e9c\u00e8s de Deng. Apr\u00e8s deux ans de comp\u00e9tition face \u00e0 lui, nous avions \u00e9t\u00e9 ravis de l\u2019accueillir dans notre \u00e9quipe. Il avait fait d\u2019\u00e9normes progr\u00e8s cet \u00e9t\u00e9\u00bb, a comment\u00e9 Chris Crutchfield, l\u2019entra\u00eeneur de l\u2019\u00e9quipe d\u2019Omaha.<\/p>\n<p class=\"fig-paragraph\">Deng Mayar \u00e9voluait au sein de la NCAA, le plus haut niveau universitaire aux \u00c9tats-Unis.\u00a0Il avait termin\u00e9 la saison avec 6,3 points de moyenne, 4 rebonds et 0,6 passe. \u00abNous sommes profond\u00e9ment attrist\u00e9s par le d\u00e9c\u00e8s de Deng. Au nom de notre communaut\u00e9 universitaire, nous adressons nos sinc\u00e8res condol\u00e9ances \u00e0 sa famille en cette p\u00e9riode difficile. Nous souhaitons \u00e9galement \u00e0 ses amis et co\u00e9quipiers d\u2019Omaha, du Dakota du Nord, et \u00e0 sa famille de Salt Lake City, la paix dans le deuil qui les attend\u00bb, ont fait savoir les responsables de l\u2019universit\u00e9 dans un communiqu\u00e9.<\/p>\n","protected":false},"excerpt":{"rendered":"Deng Mayar, joueur au sein de l\u2019universit\u00e9 du Nebraska, est d\u00e9c\u00e9d\u00e9 alors qu\u2019il se baignait en compagnie d\u2019un&hellip;\n","protected":false},"author":2,"featured_media":329205,"comment_status":"","ping_status":"","sticky":false,"template":"","format":"standard","meta":{"footnotes":""},"categories":[1412],"tags":[1791,1451,1452,1453,1454,1455,1011,27,60],"class_list":{"0":"post-329204","1":"post","2":"type-post","3":"status-publish","4":"format-standard","5":"has-post-thumbnail","7":"category-f1","8":"tag-basket-ball","9":"tag-f1","10":"tag-formula-1","11":"tag-formula1","12":"tag-formule-1","13":"tag-formule1","14":"tag-fr","15":"tag-france","16":"tag-sports"},"share_on_mastodon":{"url":"https:\/\/pubeurope.com\/@fr\/115055214208002034","error":""},"_links":{"self":[{"href":"https:\/\/www.europesays.com\/fr\/wp-json\/wp\/v2\/posts\/329204","targetHints":{"allow":["GET"]}}],"collection":[{"href":"https:\/\/www.europesays.com\/fr\/wp-json\/wp\/v2\/posts"}],"about":[{"href":"https:\/\/www.europesays.com\/fr\/wp-json\/wp\/v2\/types\/post"}],"author":[{"embeddable":true,"href":"https:\/\/www.europesays.com\/fr\/wp-json\/wp\/v2\/users\/2"}],"replies":[{"embeddable":true,"href":"https:\/\/www.europesays.com\/fr\/wp-json\/wp\/v2\/comments?post=329204"}],"version-history":[{"count":0,"href":"https:\/\/www.europesays.com\/fr\/wp-json\/wp\/v2\/posts\/329204\/revisions"}],"wp:featuredmedia":[{"embeddable":true,"href":"https:\/\/www.europesays.com\/fr\/wp-json\/wp\/v2\/media\/329205"}],"wp:attachment":[{"href":"https:\/\/www.europesays.com\/fr\/wp-json\/wp\/v2\/media?parent=329204"}],"wp:term":[{"taxonomy":"category","embeddable":true,"href":"https:\/\/www.europesays.com\/fr\/wp-json\/wp\/v2\/categories?post=329204"},{"taxonomy":"post_tag","embeddable":true,"href":"https:\/\/www.europesays.com\/fr\/wp-json\/wp\/v2\/tags?post=329204"}],"curies":[{"name":"wp","href":"https:\/\/api.w.org\/{rel}","templated":true}]}}