{"id":329206,"date":"2025-08-19T11:33:09","date_gmt":"2025-08-19T11:33:09","guid":{"rendered":"https:\/\/www.europesays.com\/fr\/329206\/"},"modified":"2025-08-19T11:33:09","modified_gmt":"2025-08-19T11:33:09","slug":"coutances-20-aout-2025-les-engages-de-courses-cyclistes","status":"publish","type":"post","link":"https:\/\/www.europesays.com\/fr\/329206\/","title":{"rendered":"Coutances 20 ao\u00fbt 2025 les engag\u00e9s de courses cyclistes"},"content":{"rendered":"<p><a href=\"https:\/\/velopressecollection.ouest-france.fr\/route\/classements\/31134-challenge-savary-souvenir-j-a-desjardins-2025-classement.html\" target=\"_blank\" rel=\"nofollow noopener\">CLASSEMENT GENERAL DU CHALLENGE SAVARY 2025<\/a><\/p>\n<p><strong>ITIN\u00c9RAIRE<\/strong><br \/>Rue Pasteur \u2013 rue de l&rsquo;Arquerie \u2013 rue de la Mare \u2013 rue du Professeur Ramon \u2013 rue de la Gu\u00e9rie \u2013 rue Pasteur<\/p>\n<p>Circuit de 1.100 km<br \/>D\u00e9part et arriv\u00e9e : rue Pasteur face \u00e0 l&rsquo;IFORM<\/p>\n<p><strong>U7<\/strong><br \/>d\u00e9part 18h15<br \/>arriv\u00e9e 18 h 20<br \/>1 tour = 1.100 km<\/p>\n<p><strong>U9<\/strong><br \/>D\u00e9part 18h15<br \/>Arriv\u00e9e 18h25<br \/>Distance 1.100 km x 4 tours = 4.400 km<\/p>\n<p><strong>U11<\/strong><br \/>D\u00e9part 18h30<br \/>Arriv\u00e9e 18h55<br \/>Distance 1.100 km x 8 tours soit 8.800 km<\/p>\n<p><strong>U13<\/strong><br \/>D\u00e9part 19h<br \/>Arriv\u00e9e 19h30<br \/>Distance 1.100 km x 12 tours = 13.200 km<\/p>\n<p><strong>U15<\/strong><br \/>D\u00e9part 19h45<br \/>Arriv\u00e9e 20h30<br \/>Distance 1.100 km x 22 tours = 24.200 km<\/p>\n","protected":false},"excerpt":{"rendered":"CLASSEMENT GENERAL DU CHALLENGE SAVARY 2025 ITIN\u00c9RAIRERue Pasteur \u2013 rue de l&rsquo;Arquerie \u2013 rue de la Mare \u2013&hellip;\n","protected":false},"author":2,"featured_media":329207,"comment_status":"","ping_status":"","sticky":false,"template":"","format":"standard","meta":{"footnotes":""},"categories":[1411],"tags":[1154,207,1011,27,60],"class_list":{"0":"post-329206","1":"post","2":"type-post","3":"status-publish","4":"format-standard","5":"has-post-thumbnail","7":"category-cyclisme","8":"tag-cycling","9":"tag-cyclisme","10":"tag-fr","11":"tag-france","12":"tag-sports"},"share_on_mastodon":{"url":"https:\/\/pubeurope.com\/@fr\/115055218212704324","error":""},"_links":{"self":[{"href":"https:\/\/www.europesays.com\/fr\/wp-json\/wp\/v2\/posts\/329206","targetHints":{"allow":["GET"]}}],"collection":[{"href":"https:\/\/www.europesays.com\/fr\/wp-json\/wp\/v2\/posts"}],"about":[{"href":"https:\/\/www.europesays.com\/fr\/wp-json\/wp\/v2\/types\/post"}],"author":[{"embeddable":true,"href":"https:\/\/www.europesays.com\/fr\/wp-json\/wp\/v2\/users\/2"}],"replies":[{"embeddable":true,"href":"https:\/\/www.europesays.com\/fr\/wp-json\/wp\/v2\/comments?post=329206"}],"version-history":[{"count":0,"href":"https:\/\/www.europesays.com\/fr\/wp-json\/wp\/v2\/posts\/329206\/revisions"}],"wp:featuredmedia":[{"embeddable":true,"href":"https:\/\/www.europesays.com\/fr\/wp-json\/wp\/v2\/media\/329207"}],"wp:attachment":[{"href":"https:\/\/www.europesays.com\/fr\/wp-json\/wp\/v2\/media?parent=329206"}],"wp:term":[{"taxonomy":"category","embeddable":true,"href":"https:\/\/www.europesays.com\/fr\/wp-json\/wp\/v2\/categories?post=329206"},{"taxonomy":"post_tag","embeddable":true,"href":"https:\/\/www.europesays.com\/fr\/wp-json\/wp\/v2\/tags?post=329206"}],"curies":[{"name":"wp","href":"https:\/\/api.w.org\/{rel}","templated":true}]}}