{"id":329208,"date":"2025-08-19T11:34:11","date_gmt":"2025-08-19T11:34:11","guid":{"rendered":"https:\/\/www.europesays.com\/fr\/329208\/"},"modified":"2025-08-19T11:34:11","modified_gmt":"2025-08-19T11:34:11","slug":"girondins-il-ne-sest-pas-passe-grand-chose-avec-ballon","status":"publish","type":"post","link":"https:\/\/www.europesays.com\/fr\/329208\/","title":{"rendered":"Girondins : \u00ab\u00a0Il ne s&rsquo;est pas pass\u00e9 grand-chose avec ballon\u00a0\u00bb"},"content":{"rendered":"<p><img decoding=\"async\" src=\"https:\/\/www.europesays.com\/fr\/wp-content\/uploads\/2025\/08\/671_d4179e66efa0efd7e771c9d9ac89d808.jpg\" alt=\"Girondins : &quot;Il ne s'est pas pass\u00e9 grand-chose avec ballon&quot;\" class=\"img-responsive mt-3\"\/><\/p>\n<p class=\"text-center mb-3\" style=\"font-size: 14px\">\u00a9 Iconsport<\/p>\n<p>\u00c9coutez ses propos ou lisez-les :<\/p>\n<p>\u00a0<\/p>\n<p><strong>\u00ab\u00a0Diop et Odru \u00e9taient dans le dur\u00a0\u00bb<\/strong><\/p>\n<p style=\"text-align: justify;\">\u00a0<\/p>\n<p style=\"text-align: justify;\">Jonathan d&rsquo;Agostino dans le <a href=\"https:\/\/www.youtube.com\/watch?v=Ha6XfMwTi8U&amp;t=333s\" target=\"_blank\" rel=\"noopener\">D\u00e9brief \u00e0 Chaud<\/a> : \u00ab\u00a0J&rsquo;ai trouv\u00e9 Matthieu Villette actif avec de bons appels. Etond\u00e9 a aussi propos\u00e9 de bonnes choses dans la profondeur, mais les joueurs ne les ont pas vus, ou n&rsquo;avaient pas la capacit\u00e9 de les servir. C&rsquo;est dommage, car il y avait des possibilit\u00e9s. Techniquement, ce n\u2019\u00e9tait pas bon comme les centres et les coups de pied arr\u00eat\u00e9s. Il y avait de l&rsquo;intensit\u00e9, mais avec ballon, il ne s&rsquo;est pas pass\u00e9 grand-chose. Les deux \u00e9quipes se sont beaucoup observ\u00e9es. J&rsquo;ai eu l&rsquo;impression d&rsquo;une \u00e9quipe des Girondins de Bordeaux d\u00e9s\u00e9quilibr\u00e9e avec Shamal qui a apport\u00e9 beaucoup d&rsquo;un c\u00f4t\u00e9 alors que, de l&rsquo;autre c\u00f4t\u00e9, il n&rsquo;y avait rien.\u00a0\u00bb<\/p>\n<p>\u00c0 \u00e9couter aussi &gt;&gt;\u00a0<strong><a href=\"https:\/\/www.webgirondins.com\/actualite-girondins-girondins-les-3-flops-de-bordeaux-avranches-0-0-130086\" target=\"_blank\" rel=\"noopener\">les 3 flops de Bordeaux-Avranches (0-0)<\/a><\/strong><\/p>\n<p>\u00a0<\/p>\n","protected":false},"excerpt":{"rendered":"\u00a9 Iconsport \u00c9coutez ses propos ou lisez-les : \u00a0 \u00ab\u00a0Diop et Odru \u00e9taient dans le dur\u00a0\u00bb \u00a0 Jonathan&hellip;\n","protected":false},"author":2,"featured_media":329209,"comment_status":"","ping_status":"","sticky":false,"template":"","format":"standard","meta":{"footnotes":""},"categories":[1410],"tags":[14172,2865,3396,17295,31599,1997,24695,3721,8485,2823,63,1011,27,1987,2515,14171,955,5242,471,8995,60,2858,5234],"class_list":{"0":"post-329208","1":"post","2":"type-post","3":"status-publish","4":"format-standard","5":"has-post-thumbnail","7":"category-football","8":"tag-agostino","9":"tag-atlantique","10":"tag-avec","11":"tag-avranches","12":"tag-ballon","13":"tag-bordeaux","14":"tag-chose","15":"tag-chroniqueur","16":"tag-etait","17":"tag-face","18":"tag-football","19":"tag-fr","20":"tag-france","21":"tag-girondins","22":"tag-grand","23":"tag-jonathan","24":"tag-match","25":"tag-passe","26":"tag-pour","27":"tag-present","28":"tag-sports","29":"tag-stade","30":"tag-talk"},"share_on_mastodon":{"url":"https:\/\/pubeurope.com\/@fr\/115055222097106122","error":""},"_links":{"self":[{"href":"https:\/\/www.europesays.com\/fr\/wp-json\/wp\/v2\/posts\/329208","targetHints":{"allow":["GET"]}}],"collection":[{"href":"https:\/\/www.europesays.com\/fr\/wp-json\/wp\/v2\/posts"}],"about":[{"href":"https:\/\/www.europesays.com\/fr\/wp-json\/wp\/v2\/types\/post"}],"author":[{"embeddable":true,"href":"https:\/\/www.europesays.com\/fr\/wp-json\/wp\/v2\/users\/2"}],"replies":[{"embeddable":true,"href":"https:\/\/www.europesays.com\/fr\/wp-json\/wp\/v2\/comments?post=329208"}],"version-history":[{"count":0,"href":"https:\/\/www.europesays.com\/fr\/wp-json\/wp\/v2\/posts\/329208\/revisions"}],"wp:featuredmedia":[{"embeddable":true,"href":"https:\/\/www.europesays.com\/fr\/wp-json\/wp\/v2\/media\/329209"}],"wp:attachment":[{"href":"https:\/\/www.europesays.com\/fr\/wp-json\/wp\/v2\/media?parent=329208"}],"wp:term":[{"taxonomy":"category","embeddable":true,"href":"https:\/\/www.europesays.com\/fr\/wp-json\/wp\/v2\/categories?post=329208"},{"taxonomy":"post_tag","embeddable":true,"href":"https:\/\/www.europesays.com\/fr\/wp-json\/wp\/v2\/tags?post=329208"}],"curies":[{"name":"wp","href":"https:\/\/api.w.org\/{rel}","templated":true}]}}