{"id":329210,"date":"2025-08-19T11:35:11","date_gmt":"2025-08-19T11:35:11","guid":{"rendered":"https:\/\/www.europesays.com\/fr\/329210\/"},"modified":"2025-08-19T11:35:11","modified_gmt":"2025-08-19T11:35:11","slug":"cyril-lignac-avait-annonce-quil-arreterait-le-meilleur-patissier-sur-m6-en-meme-temps-que-mercotte-alors-va-t-il-quitter-lui-aussi-le-programme-il-repond","status":"publish","type":"post","link":"https:\/\/www.europesays.com\/fr\/329210\/","title":{"rendered":"Cyril Lignac avait annonc\u00e9 qu&rsquo;il arr\u00eaterait \u00ab\u00a0Le meilleur p\u00e2tissier\u00a0\u00bb sur M6 en m\u00eame temps que Mercotte : Alors va-t-il quitter, lui aussi, le programme ? Il r\u00e9pond"},"content":{"rendered":"<p>Cyril Lignac avait annonc\u00e9 qu&rsquo;il arr\u00eaterait \u00ab\u00a0Le meilleur p\u00e2tissier\u00a0\u00bb sur M6 en m\u00eame temps que Mercotte : Alors va-t-il quitter lui aussi le programme ? La question se pose ce matin, plus que jamais, puisque Mercotte a annonc\u00e9 officiellement son d\u00e9part \u00e0 la fin de la saison confirmant ainsi une rumeur qui circulait depuis plusieurs semaines.<\/p>\n<p>Apr\u00e8s 13 saisons, Mercotte, de son vrai nom Jacqueline Mercorelli, annonce en effet qu&rsquo;elle quitte le jury de l\u2019\u00e9mission \u00ab\u00a0Le Meilleur P\u00e2tissier\u00a0\u00bb sur M6. Elle le fait ce matin dans une interview publi\u00e9e par le Figaro. :<\/p>\n<p>\u00a0\u00bb\u00a0Je pense qu\u2019il faut savoir s\u2019arr\u00eater \u00e0 temps. Je m\u2019amuse beaucoup durant le tournage, je suis vraiment ravie et heureuse mais, vu mon \u00e2ge avanc\u00e9, je pense que c\u2019est une question d\u2019\u00e9thique. J\u2019ai d\u00e9cid\u00e9 d\u2019arr\u00eater par d\u00e9cence, on va dire\u00a0\u00bb.<\/p>\n<p>Elle participera n\u00e9anmoins \u00e0 la saison 14 qui va d\u00e9buter dans quelques semaines sur M6.<\/p>\n<p><strong>Et quid de Cyril Lignac ?\u00a0<\/strong><\/p>\n<p>Le chef avait toujours affirm\u00e9 qu\u2019il arr\u00eaterait en m\u00eame temps que sa complice lorsque celle-ci sentirait le moment venu, rappellent nos confr\u00e8re du Figaro. Mais, finalement, rebondissement de derni\u00e8re minute, car Cyril Lignac a chang\u00e9 d&rsquo;avis :<\/p>\n<p><strong>\u00ab\u00a0Je vais quand m\u00eame continuer le programme\u2026. Ce qui est int\u00e9ressant, c\u2019est qu\u2019on va \u00eatre oblig\u00e9s de repenser tout le format. On ne sait pas encore ce qu\u2019on fera mais Mercotte reviendra nous voir dans le programme, c\u2019est s\u00fbr .\u00a0\u00bb<\/strong><\/p>\n<p>\u00a0<\/p>\n","protected":false},"excerpt":{"rendered":"Cyril Lignac avait annonc\u00e9 qu&rsquo;il arr\u00eaterait \u00ab\u00a0Le meilleur p\u00e2tissier\u00a0\u00bb sur M6 en m\u00eame temps que Mercotte : Alors&hellip;\n","protected":false},"author":2,"featured_media":329211,"comment_status":"","ping_status":"","sticky":false,"template":"","format":"standard","meta":{"footnotes":""},"categories":[1359],"tags":[46556,58,59,1011,27,46665,46555,973],"class_list":{"0":"post-329210","1":"post","2":"type-post","3":"status-publish","4":"format-standard","5":"has-post-thumbnail","7":"category-people","8":"tag-cyril-lignac","9":"tag-divertissement","10":"tag-entertainment","11":"tag-fr","12":"tag-france","13":"tag-le-meilleur-pu00e2tissier","14":"tag-mercotte","15":"tag-people"},"share_on_mastodon":{"url":"https:\/\/pubeurope.com\/@fr\/115055226106638551","error":""},"_links":{"self":[{"href":"https:\/\/www.europesays.com\/fr\/wp-json\/wp\/v2\/posts\/329210","targetHints":{"allow":["GET"]}}],"collection":[{"href":"https:\/\/www.europesays.com\/fr\/wp-json\/wp\/v2\/posts"}],"about":[{"href":"https:\/\/www.europesays.com\/fr\/wp-json\/wp\/v2\/types\/post"}],"author":[{"embeddable":true,"href":"https:\/\/www.europesays.com\/fr\/wp-json\/wp\/v2\/users\/2"}],"replies":[{"embeddable":true,"href":"https:\/\/www.europesays.com\/fr\/wp-json\/wp\/v2\/comments?post=329210"}],"version-history":[{"count":0,"href":"https:\/\/www.europesays.com\/fr\/wp-json\/wp\/v2\/posts\/329210\/revisions"}],"wp:featuredmedia":[{"embeddable":true,"href":"https:\/\/www.europesays.com\/fr\/wp-json\/wp\/v2\/media\/329211"}],"wp:attachment":[{"href":"https:\/\/www.europesays.com\/fr\/wp-json\/wp\/v2\/media?parent=329210"}],"wp:term":[{"taxonomy":"category","embeddable":true,"href":"https:\/\/www.europesays.com\/fr\/wp-json\/wp\/v2\/categories?post=329210"},{"taxonomy":"post_tag","embeddable":true,"href":"https:\/\/www.europesays.com\/fr\/wp-json\/wp\/v2\/tags?post=329210"}],"curies":[{"name":"wp","href":"https:\/\/api.w.org\/{rel}","templated":true}]}}