{"id":329212,"date":"2025-08-19T11:36:18","date_gmt":"2025-08-19T11:36:18","guid":{"rendered":"https:\/\/www.europesays.com\/fr\/329212\/"},"modified":"2025-08-19T11:36:18","modified_gmt":"2025-08-19T11:36:18","slug":"en-images-aux-sables-dolonne-une-fresque-impressionnant-de-cent-metres-fait-face-au-parking-de-tanchet","status":"publish","type":"post","link":"https:\/\/www.europesays.com\/fr\/329212\/","title":{"rendered":"EN IMAGES. Aux Sables-d&rsquo;Olonne, une fresque impressionnant de cent m\u00e8tres fait face au parking de Tanchet\u00a0!"},"content":{"rendered":"<p>            Par<br \/>\n        <strong><br \/>\n            <a href=\"https:\/\/actu.fr\/auteur\/journaliste-ls\" title=\"Consulter tous les articles de R\u00e9daction Les Sables\" rel=\"nofollow noopener\" target=\"_blank\">R\u00e9daction Les Sables<\/a><br \/>\n        <\/strong><\/p>\n<p>        Publi\u00e9 le<\/p>\n<p>            19 ao\u00fbt 2025 \u00e0 10h19        <\/p>\n<p>Dimanche 17 ao\u00fbt 2025, 26 artistes grapheurs, venus de toute la France, ont achev\u00e9<b> une immense fresque, d\u2019environ 100 m\u00e8tres de long et de 3 \u00e0 6 m\u00e8tres de haut,<\/b> pr\u00e8s de la promenade Kennedy, face au parking gratuit de <a href=\"https:\/\/actu.fr\/pays-de-la-loire\/les-sables-d-olonne_85194\/la-plage-de-tanchet-plage-test-pour-un-ete-sans-tabac-aux-sables-dolonne_50628079.html\" rel=\"nofollow noopener\" target=\"_blank\">Tanchet <\/a>des <a href=\"https:\/\/actu.fr\/pays-de-la-loire\/les-sables-d-olonne_85194\" rel=\"nofollow noopener\" target=\"_blank\">Sables-d\u2019Olonne<\/a>.<\/p>\n<p class=\" wall-content\">Le pr\u00e9sident de l\u2019association R Street, \u00e0 l\u2019initiative de l\u2019\u00e9v\u00e9nement, Eric Berthom\u00e9, dit <a href=\"https:\/\/actu.fr\/pays-de-la-loire\/les-sables-d-olonne_85194\/quelle-est-cette-nouvelle-fresque-impressionnante-de-200-m%C2%B2-peinte-aux-sables-dolonne_61540990.html\" rel=\"nofollow noopener\" target=\"_blank\">Jok\u2019s <\/a>pr\u00e9cise que les th\u00e8mes donn\u00e9s pour la cr\u00e9ation originale \u00e9taient La for\u00eat fantastique et f\u00e9\u00e9rique et Les Vikings.\u00a0<\/p>\n<p class=\" wall-content\">S\u2019il a fallu, aux artistes, de l\u2019huile de coude, une montagne de bombes,<b> et trois jours de travail complets,<\/b> avec la canicule, pour venir \u00e0 bout du projet, le r\u00e9sultat est impressionnant, tant pour la qualit\u00e9 du graphisme, que par le choix des couleurs.<\/p>\n<p>    <img   decoding=\"async\" loading=\"lazy\" class=\"size-large\" src=\"https:\/\/www.europesays.com\/fr\/wp-content\/uploads\/2025\/08\/2585504af1a868a85504af1a8ae855v-960x640.jpg\" alt=\"La fresque originale, un bandeau d'une centaine de m\u00e8tres, haute de trois \u00e0 six m\u00e8tres\" width=\"960\" height=\"640\"\/><br \/>\n    La fresque originale, un bandeau d\u2019une centaine de m\u00e8tres, haute de trois \u00e0 six m\u00e8tres \u00a9Journal des SablesVenus de toute la France<\/p>\n<p class=\" wall-content\">Gr\u00e9gory est venu de Paris pour participer \u00e0 l\u2019\u0153uvre et restera au pays des Olonnes, pour y passer une semaine de vacances, il se dit pr\u00eat \u00e0 revenir l\u2019an prochain. Comme Lule de Bordeaux, Musher, est un fid\u00e8le de l\u2019association, il a fait la route depuis Royan pour cr\u00e9er le monstre de la for\u00eat et ses grandes dents.<\/p>\n<p>Vid\u00e9os : en ce moment sur Actu<\/p>\n<p class=\" wall-content\">Il avoue :<\/p>\n<p>Votre r\u00e9gion, votre actu !<\/p>\n<p>Recevez chaque jour les infos qui comptent pour vous.<\/p>\n<p>\t<a href=\"https:\/\/actu.fr\/newsletter\" class=\"ac-btn ac-btn--corner ac-btn--medium ac-btn--blue800\" rel=\"nofollow noopener\" target=\"_blank\">S&rsquo;incrire<\/a><\/p>\n<blockquote class=\"ac-article-quote wall-content\">\n<p>\u00a0\u00bb D\u00e8s que Jok\u2019s fait appel \u00e0 moi pour participer \u00e0 une fresque, je viens pour passer un bon moment avec les copains. \u00ab\u00a0<\/p>\n<\/blockquote>\n<p>    <img   decoding=\"async\" loading=\"lazy\" class=\"size-large\" src=\"https:\/\/www.europesays.com\/fr\/wp-content\/uploads\/2025\/08\/733308abf1a86a73308abf1a88b330v-960x640.jpg\" alt=\"VD part au S\u00e9n\u00e9gal avec Jok's pour repr\u00e9senter la France au Meeting of Style\" width=\"960\" height=\"640\"\/><br \/>\n    VD part au S\u00e9n\u00e9gal avec Jok\u2019s pour repr\u00e9senter la France au Meeting of Style. \u00a9Journal des SablesDirection le S\u00e9n\u00e9gal<\/p>\n<p class=\" wall-content\">Quiz et Nea, bas\u00e9s \u00e0 <a href=\"https:\/\/actu.fr\/pays-de-la-loire\/saint-mathurin_85250\" rel=\"nofollow noopener\" target=\"_blank\">Saint-Mathurin<\/a>, qui participent aux op\u00e9rations de R Street depuis longtemps, recommenceront, avec plaisir, surtout pour l\u2019ambiance. Etsig, grimp\u00e9e sur son \u00e9chelle, peint un superbe grand cerf. Elle s\u2019est d\u00e9plac\u00e9e de Charente-Maritime, \u00e0 la demande de Jok\u2019s pour la premi\u00e8re fois, et a appr\u00e9ci\u00e9 de travailler dans une organisation sympa, avec la mer \u00e0 proximit\u00e9.<\/p>\n<p>    <img   decoding=\"async\" loading=\"lazy\" class=\"size-large\" src=\"https:\/\/www.europesays.com\/fr\/wp-content\/uploads\/2025\/08\/b8fe431cf1a861dfe431cf1a8410f4v-960x640.jpg\" alt=\"L'artiste Lulle est une fid\u00e8le participante aux \u00e9v\u00e9nements organis\u00e9s par l'associaition  R Street\" width=\"960\" height=\"640\"\/><br \/>\n    L\u2019artiste Lulle est une fid\u00e8le participante aux \u00e9v\u00e9nements organis\u00e9s par l\u2019associaition R Street. \u00a9Journal des Sables<\/p>\n<p class=\" wall-content\">Lorsqu\u2019on interroge Jok\u2019s sur ses futurs projets, il d\u00e9clare\u00a0:<\/p>\n<blockquote class=\"ac-article-quote wall-content\">\n<p>\u00a0\u00ab\u00a0Je vais au S\u00e9n\u00e9gal pour le Meeting of Style, avec VD le graffeur qui a cr\u00e9\u00e9 l\u2019aigle de la fresque. Nous feront partie des dix Fran\u00e7ais qui vont repr\u00e9senter la France. Il y aura 160 artistes venus du monde entier. C\u2019est le plus gros \u00e9v\u00e9nement mondial de graphisme. Nous resterons une semaine \u00e0 Yeumbel pour dessiner des fresques dans la ville. Pour le plaisir, nous allons aussi faire, sur place, des ateliers avec les enfants, auxquels on va apporter des fournitures scolaires, \u00e7a va \u00eatre g\u00e9nial ! \u00ab\u00a0<\/p>\n<\/blockquote>\n<p class=\" wall-content\">.<\/p>\n<p>    <img   decoding=\"async\" loading=\"lazy\" class=\"size-large\" src=\"https:\/\/www.europesays.com\/fr\/wp-content\/uploads\/2025\/08\/cc165edcf1a86a0265edcf1a884265v-768x640.jpg\" alt=\"Etzig grimp\u00e9e sur une \u00e9chelle donne vie au grand cert des for\u00eats\" width=\"768\" height=\"640\"\/><br \/>\n    Etzig grimp\u00e9e sur une \u00e9chelle donne vie au grand cert des for\u00eats. \u00a9Journal des Sables<br \/>\n    <img   decoding=\"async\" loading=\"lazy\" class=\"size-large\" src=\"https:\/\/www.europesays.com\/fr\/wp-content\/uploads\/2025\/08\/d7376b5df1a860c376b5df1a8ff376v-768x640.jpg\" alt=\"Le viking est en cours de finitions\" width=\"768\" height=\"640\"\/><br \/>\n    Le viking est en cours de finitions. \u00a9Journal des Sables<br \/>\n    <img   decoding=\"async\" loading=\"lazy\" class=\"size-large\" src=\"https:\/\/www.europesays.com\/fr\/wp-content\/uploads\/2025\/08\/7db9148df1a86b1c9148df1a8a5c91v-960x640.jpg\" alt=\"Le Parisien Gr\u00e9gory a appr\u00e9ci\u00e9 l'ambiance et est pr\u00e8s \u00e0 revenir l'an prochain\" width=\"960\" height=\"640\"\/><br \/>\n    Le Parisien Gr\u00e9gory a appr\u00e9ci\u00e9 l\u2019ambiance et est pr\u00e8s \u00e0 revenir l\u2019an prochain. \u00a9Journal des Sables<\/p>\n<p class=\" wall-content\">Personnalisez votre actualit\u00e9 en ajoutant vos villes et m\u00e9dias en favori avec <a href=\"https:\/\/moncompte.actu.fr\" title=\"D\u00e9couvez Mon Actu\" rel=\"nofollow noopener\" data-trk=\"{&quot;cta&quot;:{&quot;action&quot;:&quot;https:\\\/\\\/moncompte.actu.fr&quot;,&quot;category&quot;:&quot;mon compte&quot;,&quot;from&quot;:&quot;article footer&quot;,&quot;name&quot;:&quot;Mon actu&quot;,&quot;type&quot;:&quot;cta&quot;}}\" target=\"_blank\">Mon Actu<\/a>.<\/p>\n","protected":false},"excerpt":{"rendered":"Par R\u00e9daction Les Sables Publi\u00e9 le 19 ao\u00fbt 2025 \u00e0 10h19 Dimanche 17 ao\u00fbt 2025, 26 artistes grapheurs,&hellip;\n","protected":false},"author":2,"featured_media":329213,"comment_status":"","ping_status":"","sticky":false,"template":"","format":"standard","meta":{"footnotes":""},"categories":[1358],"tags":[1348,1384,1385,1386,58,59,1011,27,1757],"class_list":{"0":"post-329212","1":"post","2":"type-post","3":"status-publish","4":"format-standard","5":"has-post-thumbnail","7":"category-arts-et-design","8":"tag-arts","9":"tag-arts-and-design","10":"tag-arts-et-design","11":"tag-design","12":"tag-divertissement","13":"tag-entertainment","14":"tag-fr","15":"tag-france","16":"tag-insolite"},"share_on_mastodon":{"url":"https:\/\/pubeurope.com\/@fr\/115055230177573143","error":""},"_links":{"self":[{"href":"https:\/\/www.europesays.com\/fr\/wp-json\/wp\/v2\/posts\/329212","targetHints":{"allow":["GET"]}}],"collection":[{"href":"https:\/\/www.europesays.com\/fr\/wp-json\/wp\/v2\/posts"}],"about":[{"href":"https:\/\/www.europesays.com\/fr\/wp-json\/wp\/v2\/types\/post"}],"author":[{"embeddable":true,"href":"https:\/\/www.europesays.com\/fr\/wp-json\/wp\/v2\/users\/2"}],"replies":[{"embeddable":true,"href":"https:\/\/www.europesays.com\/fr\/wp-json\/wp\/v2\/comments?post=329212"}],"version-history":[{"count":0,"href":"https:\/\/www.europesays.com\/fr\/wp-json\/wp\/v2\/posts\/329212\/revisions"}],"wp:featuredmedia":[{"embeddable":true,"href":"https:\/\/www.europesays.com\/fr\/wp-json\/wp\/v2\/media\/329213"}],"wp:attachment":[{"href":"https:\/\/www.europesays.com\/fr\/wp-json\/wp\/v2\/media?parent=329212"}],"wp:term":[{"taxonomy":"category","embeddable":true,"href":"https:\/\/www.europesays.com\/fr\/wp-json\/wp\/v2\/categories?post=329212"},{"taxonomy":"post_tag","embeddable":true,"href":"https:\/\/www.europesays.com\/fr\/wp-json\/wp\/v2\/tags?post=329212"}],"curies":[{"name":"wp","href":"https:\/\/api.w.org\/{rel}","templated":true}]}}