{"id":329216,"date":"2025-08-19T11:38:12","date_gmt":"2025-08-19T11:38:12","guid":{"rendered":"https:\/\/www.europesays.com\/fr\/329216\/"},"modified":"2025-08-19T11:38:12","modified_gmt":"2025-08-19T11:38:12","slug":"avant-premiere-tout-pour-la-lumiere-du-mardi-19-aout-2025-episode-47-tf1","status":"publish","type":"post","link":"https:\/\/www.europesays.com\/fr\/329216\/","title":{"rendered":"Avant-premi\u00e8re &#8211; Tout pour la lumi\u00e8re du mardi 19 ao\u00fbt 2025 &#8211; Episode 47 &#8211; TF1+"},"content":{"rendered":"<ol>\n<li><a href=\"https:\/\/news.google.com\/rss\/articles\/CBMizgFBVV95cUxNcFpHNmlfMHlEalRSOWVDSjVwTzM0dk1HV1lJdG94ZlBVTXRaXzNZaUMwb1RJS054c3VaSmJYUWgwV0VfbnpsOXlneUZ2elNiZHh4bUQzakJkVW94S0Z2N2F3X19PX0twc0lFZ3NiaXpURVVwNjdPQkhJVGpLckpBQk1hREhhdFd0RUJzbzBxVEhfU1l2WlVjbzRQYW1ieElzN19DVWFBcjFLY3RBTExzemVNc0IzZlNlcU94MGNoVVdRSWZJdTR6NjJKeTFnUQ?oc=5\" target=\"_blank\" rel=\"noopener\">Avant-premi\u00e8re &#8211; Tout pour la lumi\u00e8re du mardi 19 ao\u00fbt 2025 &#8211; Episode 47<\/a>&nbsp;&nbsp;TF1+<\/li>\n<li><a href=\"https:\/\/news.google.com\/rss\/articles\/CBMiVkFVX3lxTFAwejRoVGxOZjE3eE5YX3JFd0syaGRxb2RONkxKTjBrSGhZU3RYWEdqSGRzNlJWTXRxcHNwUm9iSGNhaTRuQUJmRHFUcC1QWHJWT2lMbU9n?oc=5\" target=\"_blank\" rel=\"noopener\">Tout pour la lumi\u00e8re (S\u00e9rie)<\/a>&nbsp;&nbsp;TF1+<\/li>\n<li><a href=\"https:\/\/news.google.com\/rss\/articles\/CBMifkFVX3lxTE81R29zZHNVWEw2eFNxYXZoUUlEQjdVcHdBTE4zTDR4UFFWd2piYU1pU1hMbFJDWE8zTnhsZ1dEbXJEMjJaMTlwYU82bW0yVkVZVDEzUEl6SFhLLXRLSFZrQmNaNmZPVjg3RHhIcmRRZHlraTFRWDh1dTl5VGhKZw?oc=5\" target=\"_blank\" rel=\"noopener\">Tout pour la lumi\u00e8re en avance : Eric d\u00e9couvre l&rsquo;alcoolisme de Julian&#8230; ce qui vous attend dans l&rsquo;\u00e9pisode 47 du mardi 19 ao\u00fbt 2025 [SPOILERS]<\/a>&nbsp;&nbsp;AlloCin\u00e9<\/li>\n<li><a href=\"https:\/\/news.google.com\/rss\/articles\/CBMi9AFBVV95cUxPdnp6Rkw4TnBIV2Z0Uno3SHNnY3lmMWM4akN1TDdjcWdaelV5TVIzNnM0UW84MGF2NU8zTWR0UXBYM2tkMHFnVXBYdnlFZkM3ckEydDhTSjBBWXk4clh2LU1VUS1BVFgyU2JOUUswaEIzMV94VUxOUC1qc21IQmJOam5PWnZjTklPVzAxUXppQlJ3MWVvcE1lblBVX19FNFNPN0hFRzVSTEhjQ0hlWlJDS0ZRRVVndjQtZ2tMZE9lYzMySktsSUFhMmV0UEpSZEYzMlA0cU9qLWdJTWtHWDBRd3E3WEhKVC15MWd6Nm1XaFdlbm1L?oc=5\" target=\"_blank\" rel=\"noopener\">Iris et Noah boulevers\u00e9s apr\u00e8s le geste cruel de Swan &#8211; Tout pour la lumi\u00e8re 22 ao\u00fbt 2025 (\u00e9pisode 50 &#8211; r\u00e9sum\u00e9 complet TP2L)<\/a>&nbsp;&nbsp;Nouveaut\u00e9s-T\u00e9l\u00e9.com<\/li>\n<li><a href=\"https:\/\/news.google.com\/rss\/articles\/CBMi_AFBVV95cUxQRmtnVkE4RmJoUjhLc2ZWTlpDTC1vOFFPNnI4N1VYaWxhdUtYeWFhc2RjTkd5bkdqS3dteEt5M0dZRkh0QUVQYm8yM2tIUlZZUXNIV1lIUUNsbTlvTHVUWloyeEFrak16Q0JGdEhCTXl5eEk4b3pQUHJMODQtUFNSeXdzMDlGbDQ3YWJTRjlKR2JxVDVjWU1PZGhGeTl5c2lVdWF2TXZISk4tNWRpeldOTXZ2VkE4VUt1cjNIM2l0WjVaQzQ5c1Z6VURiclFkcXl0dl95dzJpVEpVVUZwQmJYUkZLM2txTlQwSWNpRkxhMXdsTjZSZjJtcVNkdEs?oc=5\" target=\"_blank\" rel=\"noopener\">Tout pour la lumi\u00e8re, le r\u00e9sum\u00e9 en avance du lundi 18 ao\u00fbt : Julian pris \u00e0 son propre pi\u00e8ge, Florence prend une d\u00e9cision dangereuse<\/a>&nbsp;&nbsp;Diverto<\/li>\n<\/ol>\n","protected":false},"excerpt":{"rendered":"Avant-premi\u00e8re &#8211; Tout pour la lumi\u00e8re du mardi 19 ao\u00fbt 2025 &#8211; Episode 47&nbsp;&nbsp;TF1+ Tout pour la lumi\u00e8re&hellip;\n","protected":false},"author":2,"featured_media":329217,"comment_status":"","ping_status":"","sticky":false,"template":"","format":"standard","meta":{"footnotes":""},"categories":[1356],"tags":[58,59,1365,41047,31167,41911,1011,27,41909,41919,41923,41910,41920,41924,41916,41915,41921,41922,41917,41918,252,31168,41912,1364,41913,41914],"class_list":{"0":"post-329216","1":"post","2":"type-post","3":"status-publish","4":"format-standard","5":"has-post-thumbnail","7":"category-television","8":"tag-divertissement","9":"tag-entertainment","10":"tag-episode","11":"tag-episode-tf1","12":"tag-episode-tout-pour-la-lumiere","13":"tag-episode-tout-pour-la-lumiere-tf1","14":"tag-fr","15":"tag-france","16":"tag-serie-tout-pour-la-lumiere","17":"tag-serie-tout-pour-la-lumiere-streaming","18":"tag-serie-tout-pour-la-lumiere-streaming-gratuit","19":"tag-serie-tout-pour-la-lumiere-tf1","20":"tag-serie-tout-pour-la-lumiere-tf1-streaming","21":"tag-serie-tout-pour-la-lumiere-tf1-streaming-gratuit","22":"tag-serie-tout-pour-la-lumiere-tf1-video","23":"tag-serie-tout-pour-la-lumiere-video","24":"tag-streaming-gratuit-serie-tout-pour-la-lumiere","25":"tag-streaming-gratuit-serie-tout-pour-la-lumiere-tf1","26":"tag-streaming-serie-tout-pour-la-lumiere","27":"tag-streaming-serie-tout-pour-la-lumiere-tf1","28":"tag-television","29":"tag-tout-pour-la-lumiere-episode","30":"tag-tout-pour-la-lumiere-episode-tf1","31":"tag-tv","32":"tag-video-serie-tout-pour-la-lumiere","33":"tag-video-serie-tout-pour-la-lumiere-tf1"},"share_on_mastodon":{"url":"","error":"Validation failed: Text character limit of 500 exceeded"},"_links":{"self":[{"href":"https:\/\/www.europesays.com\/fr\/wp-json\/wp\/v2\/posts\/329216","targetHints":{"allow":["GET"]}}],"collection":[{"href":"https:\/\/www.europesays.com\/fr\/wp-json\/wp\/v2\/posts"}],"about":[{"href":"https:\/\/www.europesays.com\/fr\/wp-json\/wp\/v2\/types\/post"}],"author":[{"embeddable":true,"href":"https:\/\/www.europesays.com\/fr\/wp-json\/wp\/v2\/users\/2"}],"replies":[{"embeddable":true,"href":"https:\/\/www.europesays.com\/fr\/wp-json\/wp\/v2\/comments?post=329216"}],"version-history":[{"count":0,"href":"https:\/\/www.europesays.com\/fr\/wp-json\/wp\/v2\/posts\/329216\/revisions"}],"wp:featuredmedia":[{"embeddable":true,"href":"https:\/\/www.europesays.com\/fr\/wp-json\/wp\/v2\/media\/329217"}],"wp:attachment":[{"href":"https:\/\/www.europesays.com\/fr\/wp-json\/wp\/v2\/media?parent=329216"}],"wp:term":[{"taxonomy":"category","embeddable":true,"href":"https:\/\/www.europesays.com\/fr\/wp-json\/wp\/v2\/categories?post=329216"},{"taxonomy":"post_tag","embeddable":true,"href":"https:\/\/www.europesays.com\/fr\/wp-json\/wp\/v2\/tags?post=329216"}],"curies":[{"name":"wp","href":"https:\/\/api.w.org\/{rel}","templated":true}]}}