{"id":329218,"date":"2025-08-19T11:39:12","date_gmt":"2025-08-19T11:39:12","guid":{"rendered":"https:\/\/www.europesays.com\/fr\/329218\/"},"modified":"2025-08-19T11:39:12","modified_gmt":"2025-08-19T11:39:12","slug":"rock-en-seine-une-tete-daffiche-tres-attendue-annule-a-la-derniere-minute","status":"publish","type":"post","link":"https:\/\/www.europesays.com\/fr\/329218\/","title":{"rendered":"Rock en Seine : une t\u00eate d&rsquo;affiche tr\u00e8s attendue annule \u00e0 la derni\u00e8re minute"},"content":{"rendered":"<ul class=\"jsx-862013697 ArticleChapo__List\">\n<li class=\"jsx-862013697 ArticleChapo__List_Item flex\">Star mondiale avec son tube \u00ab\u00a0Anxiety\u00a0\u00bb, la rappeuse am\u00e9ricaine Doechii devait se produire ce jeudi \u00e0 Saint-Cloud.<\/li>\n<li class=\"jsx-862013697 ArticleChapo__List_Item flex\">Son retrait sans explication est un nouveau coup dur pour la manifestation apr\u00e8s le retrait de son coll\u00e8gue A$AP Rocky.<\/li>\n<li class=\"jsx-862013697 ArticleChapo__List_Item flex\">Reste que les organisateurs pourront compter sur pas mal de pointures, et la pr\u00e9sence du trio irlandais controvers\u00e9 Kneecap.<\/li>\n<\/ul>\n<p data-module=\"article-paragraph\" class=\"jsx-3046738180 Paragraph Paragraph__End\">Ses fans l\u2019attendaient avec impatience. Apr\u00e8s deux premiers concerts parisiens, \u00e0 l\u2019Alhambra en octobre 2024 et lors d\u2019un d\u00eener gala au printemps dernier, la chanteuse et rappeuse am\u00e9ricain Doechii devait \u00eatre l\u2019une des t\u00eates d\u2019affiche de Rock en Seine, qui s\u2019ouvre mercredi \u00e0 Saint-Cloud. H\u00e9las ! \u00ab\u00a0Nous sommes au regret de vous annoncer que Doechii ne pourra pas se produire \u00e0 Rock en Seine ce jeudi\u00a0\u00bb, annonce ce mardi la direction du festival sur ses r\u00e9seaux sociaux, sans donner plus d\u2019explications.<\/p>\n<p data-module=\"article-paragraph\" class=\"jsx-3046738180 Paragraph Paragraph__End\">\u00c0 27 ans, Doechii, de son vrai nom Jaylah Ji&rsquo;mya Hickmon, cartonne depuis plusieurs mois avec le tube \u00ab\u00a0Anxiety\u00a0\u00bb, une reprise d\u00e9licieuse de \u00ab\u00a0Somebody That I Used To Know\u00a0\u00bb de Gotye. Surnomm\u00e9e la \u00ab\u00a0Swamp Princess\u00a0\u00bb, en r\u00e9f\u00e9rence aux marais de sa Floride de naissance, elle a \u00e9t\u00e9 adoub\u00e9e par ses pairs masculins comme Kendrick Lamar et Tyler The Creator, fans de ses paroles \u00e0 l\u2019humour ac\u00e9r\u00e9. En mars dernier, elle a d\u00e9croch\u00e9 le Grammy du meilleur album rap pour l&rsquo;excellent Alligator Bites Never Heal.\u00a0<\/p>\n<p data-module=\"article-paragraph\" class=\"jsx-3046738180 Paragraph Paragraph__End\">L\u2019annulation de Doechii est un nouveau coup dur pour Rock en Seine, qui attend quelque 40.000 spectateurs par jour. L&rsquo;\u00e9v\u00e9nement pilot\u00e9 par le g\u00e9ant des festivals musicaux et tourn\u00e9es AEG et le groupe de Matthieu Pigasse, Combat, avait d\u00e9j\u00e0 d\u00fb faire face au retrait de sa t\u00eate d&rsquo;affiche du jeudi : d\u00e9sengag\u00e9 de plusieurs gros festivals europ\u00e9ens, <a href=\"https:\/\/www.tf1info.fr\/culture\/festival-cannes-2025-enceinte-rihanna-enlace-le-rappeur-asap-rocky-a-la-sortie-de-la-projection-du-film-de-spike-lee-2371834.html\" target=\"_blank\" rel=\"noopener\">le rappeur am\u00e9ricain A$AP Rocky<\/a>, compagnon de Rihanna, a \u00e9t\u00e9 remplac\u00e9 par Kid Cudi.<\/p>\n<p>Une affiche malgr\u00e9 tout all\u00e9chante<\/p>\n<p data-module=\"article-paragraph\" class=\"jsx-3046738180 Paragraph Paragraph__End\">La manifestation francilienne peut toutefois compter sur la pr\u00e9sence de quelques pointures internationales comme la popstar am\u00e9ricaine Chappell Roan, qui se produira mercredi en ouverture, les rockeurs de Queens of the Stone Age ou encore le duo fran\u00e7ais Justice. Mais aussi <a href=\"https:\/\/www.tf1info.fr\/culture\/kneecap-au-festival-rock-en-seine-2025-la-ville-de-saint-cloud-retire-sa-subvention-au-festival-2383340.html\" target=\"_blank\" rel=\"noopener\">le trio rap irlandais Kneecap<\/a>, dont la participation suscite de vives critiques.<\/p>\n<p><a href=\"https:\/\/www.tf1info.fr\/culture\/qui-se-cache-derriere-kneecap-le-groupe-de-rap-nord-irlandais-accuse-de-soutenir-le-hezbollah-2372414.html\" rel=\"noopener\" class=\"jsx-3308031228 Link flex\" target=\"_blank\"><img decoding=\"async\" src=\"https:\/\/www.europesays.com\/fr\/wp-content\/uploads\/2025\/08\/kneecap-irlande-du-nord-musique-d7ed26-0@1x.jpeg\" alt=\"Le groupe de rap nord-irlandais Kneecap le 8 d\u00e9cembre 2024 lors des 27e British Independent Film Awards Awards.\" loading=\"lazy\" importance=\"low\" fetchpriority=\"low\" class=\"\" aria-hidden=\"true\"\/><\/p>\n<p class=\"jsx-3657663356 ReadMoreArticle__Title\">Lire aussi<\/p>\n<p class=\"jsx-3657663356\">Qui se cache derri\u00e8re Kneecap, le groupe de rap nord-irlandais accus\u00e9 de soutenir le Hezbollah ?<\/p>\n<p><\/a><\/p>\n<p data-module=\"article-paragraph\" class=\"jsx-3046738180 Paragraph Paragraph__End\">L&rsquo;un de ses trois membres, Liam O&rsquo;Hanna dit Mo Chara, est en effet poursuivi pour \u00ab\u00a0infraction terroriste\u00a0\u00bb apr\u00e8s avoir arbor\u00e9 un drapeau du Hezbollah pendant un concert \u00e0 Londres en 2024. Au festival de Glastonbury fin juin, le groupe avait accus\u00e9 Isra\u00ebl d&rsquo;\u00eatre un \u00c9tat \u00ab\u00a0criminel de guerre\u00a0\u00bb. Des sorties qui ont pouss\u00e9 la municipalit\u00e9 de Saint-Cloud \u00e0 retirer sa subvention au festival, au d\u00e9but de l\u2019\u00e9t\u00e9.<\/p>\n<p>J\u00e9r\u00f4me VERMELIN<\/p>\n","protected":false},"excerpt":{"rendered":"Star mondiale avec son tube \u00ab\u00a0Anxiety\u00a0\u00bb, la rappeuse am\u00e9ricaine Doechii devait se produire ce jeudi \u00e0 Saint-Cloud. Son&hellip;\n","protected":false},"author":2,"featured_media":329219,"comment_status":"","ping_status":"","sticky":false,"template":"","format":"standard","meta":{"footnotes":""},"categories":[1355],"tags":[1111,11,1921,58,59,1011,27,1922,28055,2041,1361,873,973,3616,5418,133,2040],"class_list":{"0":"post-329218","1":"post","2":"type-post","3":"status-publish","4":"format-standard","5":"has-post-thumbnail","7":"category-musique","8":"tag-actu","9":"tag-actualites","10":"tag-article-video","11":"tag-divertissement","12":"tag-entertainment","13":"tag-fr","14":"tag-france","15":"tag-info","16":"tag-kendrick-lamar","17":"tag-medias-et-divertissement","18":"tag-music","19":"tag-musique","20":"tag-people","21":"tag-rap","22":"tag-rihanna","23":"tag-video","24":"tag-video-culture"},"share_on_mastodon":{"url":"https:\/\/pubeurope.com\/@fr\/115055241808884313","error":""},"_links":{"self":[{"href":"https:\/\/www.europesays.com\/fr\/wp-json\/wp\/v2\/posts\/329218","targetHints":{"allow":["GET"]}}],"collection":[{"href":"https:\/\/www.europesays.com\/fr\/wp-json\/wp\/v2\/posts"}],"about":[{"href":"https:\/\/www.europesays.com\/fr\/wp-json\/wp\/v2\/types\/post"}],"author":[{"embeddable":true,"href":"https:\/\/www.europesays.com\/fr\/wp-json\/wp\/v2\/users\/2"}],"replies":[{"embeddable":true,"href":"https:\/\/www.europesays.com\/fr\/wp-json\/wp\/v2\/comments?post=329218"}],"version-history":[{"count":0,"href":"https:\/\/www.europesays.com\/fr\/wp-json\/wp\/v2\/posts\/329218\/revisions"}],"wp:featuredmedia":[{"embeddable":true,"href":"https:\/\/www.europesays.com\/fr\/wp-json\/wp\/v2\/media\/329219"}],"wp:attachment":[{"href":"https:\/\/www.europesays.com\/fr\/wp-json\/wp\/v2\/media?parent=329218"}],"wp:term":[{"taxonomy":"category","embeddable":true,"href":"https:\/\/www.europesays.com\/fr\/wp-json\/wp\/v2\/categories?post=329218"},{"taxonomy":"post_tag","embeddable":true,"href":"https:\/\/www.europesays.com\/fr\/wp-json\/wp\/v2\/tags?post=329218"}],"curies":[{"name":"wp","href":"https:\/\/api.w.org\/{rel}","templated":true}]}}