{"id":329220,"date":"2025-08-19T11:40:11","date_gmt":"2025-08-19T11:40:11","guid":{"rendered":"https:\/\/www.europesays.com\/fr\/329220\/"},"modified":"2025-08-19T11:40:11","modified_gmt":"2025-08-19T11:40:11","slug":"bella-ramsey-se-verrait-bien-dans-la-peau-de-spider-man-a-la-place-de-tom-holland","status":"publish","type":"post","link":"https:\/\/www.europesays.com\/fr\/329220\/","title":{"rendered":"Bella Ramsey se verrait bien dans la peau de Spider-Man \u00e0 la place de Tom Holland"},"content":{"rendered":"<p>Bella Ramsey ne dirait pas non \u00e0 Marvel, \u00e0 condition de pouvoir jouer l\u2019un de ses superh\u00e9ros, et pas n\u2019importe lequel. La star britannique de 21\u00a0ans, <a href=\"https:\/\/www.20minutes.fr\/arts-stars\/people\/4149784-20250422-bella-ramsey-preparee-consequences-coming-out\" target=\"_blank\" class=\"c-link c-link--is-underlined\" rel=\"noopener\">qui utilise les pronoms neutres<\/a>, a r\u00e9cemment vu sa covedette de <a href=\"https:\/\/www.20minutes.fr\/arts-stars\/serie\/4164627-20250721-the-last-of-us-troisieme-derniere-saison-serie-arrivera-avant-2027\" target=\"_blank\" class=\"c-link c-link--is-underlined\" rel=\"noopener\">The Last of Us<\/a>, Pedro Pascal, briller dans le dernier film de Marvel, Les Quatre Fantastiques\u00a0: Premiers pas.<\/p>\n<p>Lorsqu\u2019on lui a demand\u00e9 si iel se voyait bien int\u00e9grer <a href=\"https:\/\/www.20minutes.fr\/arts-stars\/people\/4160578-20250626-pedro-pascal-repond-critiques-apres-casting-prochain-quatre-fantastiques\" target=\"_blank\" class=\"c-link c-link--is-underlined\" rel=\"noopener\">l\u2019univers Marvel<\/a> \u00e0 son tour, Bella Ramsey a confi\u00e9 avoir une certaine pr\u00e9f\u00e9rence pour un des h\u00e9ros du groupe. \u00ab\u00a0Je ne sais pas vraiment\u00a0\u00bb, a-t-elle d\u2019abord r\u00e9pondu \u00e0 <a href=\"https:\/\/variety.com\/2025\/tv\/columns\/the-last-of-us-bella-ramsey-spider-man-heist-pedro-pascal-1236491584\/\" rel=\"nofollow noopener\" target=\"_blank\" class=\"c-link c-link--is-underlined\">Variety<\/a>. \u00ab\u00a0Je pourrais \u00eatre Spider-Man. Tom Holland a fait un excellent travail, cependant. Alors il faudra peut-\u00eatre qu\u2019ils cr\u00e9ent un nouveau superh\u00e9ros pour moi\u00a0\u00bb.<\/p>\n<p>Coup de c\u0153ur<\/p>\n<p>Toutefois, Tom Holland, qui a enfil\u00e9 le costume de Spider-Man pour la premi\u00e8re fois en\u00a02016 dans Captain America\u00a0: Civil War, n\u2019est pas l\u2019acteur qui a le plus s\u00e9duit <a href=\"https:\/\/www.20minutes.fr\/arts-stars\/people\/4152460-20250511-bella-ramsey-defend-categories-recompenses-artistiques-genrees-preserver-reconnaissance-femmes\" target=\"_blank\" class=\"c-link c-link--is-underlined\" rel=\"noopener\">Bella Ramsey<\/a> dans ce r\u00f4le. L\u2019intr\u00e9pide Lyanna Mormont dans Game of Thrones a en effet d\u00e9couvert ce personnage sous le trait d\u2019Andrew Garfield, deuxi\u00e8me interpr\u00e8te du superh\u00e9ros dans la s\u00e9rie The Amazing Spider-Man (2012 &#8211; 2014) apr\u00e8s Tobey Maguire (2002 &#8211; 2007).<\/p>\n<p>\u00ab\u00a0C\u2019\u00e9tait la premi\u00e8re fois que je regardais un film Marvel, il y a deux ou trois mois, et c\u2019\u00e9tait Spider-Man avec Andrew Garfield\u00a0\u00bb, a confi\u00e9 Bella Ramsey, qualifiant l\u2019exp\u00e9rience d\u2019\u00ab\u00a0incroyable\u00a0\u00bb. Le prochain volet de la franchise, intitul\u00e9 Brand New Day, a d\u00e9but\u00e9 <a href=\"https:\/\/www.20minutes.fr\/arts-stars\/people\/4166618-20250804-tom-holland-devoile-premieres-photos-tournage-prochain-spider-man\" target=\"_blank\" class=\"c-link c-link--is-underlined\" rel=\"noopener\">le tournage<\/a> ce mois-ci pour une sortie pr\u00e9vue l\u2019an prochain. Les fans retrouveront <a href=\"https:\/\/www.20minutes.fr\/arts-stars\/people\/4167910-20250816-tom-holland-donne-impressions-premiers-jours-tournage-spider-man-brand-new-day\" target=\"_blank\" class=\"c-link c-link--is-underlined\" rel=\"noopener\">Tom Holland<\/a> au c\u00f4t\u00e9 de sa fianc\u00e9e Zendaya, dans le r\u00f4le de MJ, ainsi que Mark Ruffalo dans le r\u00f4le de Hulk, Michael Mando en Scorpion et Jon Bernthal en Punisher. La star de Stranger Things, Sadie Sink, a \u00e9galement \u00e9t\u00e9 ajout\u00e9e au casting.<\/p>\n","protected":false},"excerpt":{"rendered":"Bella Ramsey ne dirait pas non \u00e0 Marvel, \u00e0 condition de pouvoir jouer l\u2019un de ses superh\u00e9ros, et&hellip;\n","protected":false},"author":2,"featured_media":329221,"comment_status":"","ping_status":"","sticky":false,"template":"","format":"standard","meta":{"footnotes":""},"categories":[1354],"tags":[36876,10166,58,59,1346,1011,27,34478,46666,2135,1360,10167,973,19536,187,35103,133,40106],"class_list":{"0":"post-329220","1":"post","2":"type-post","3":"status-publish","4":"format-standard","5":"has-post-thumbnail","7":"category-films","8":"tag-andrew-garfield","9":"tag-bella-ramsey","10":"tag-divertissement","11":"tag-entertainment","12":"tag-films","13":"tag-fr","14":"tag-france","15":"tag-game-of-thrones","16":"tag-mark-ruffalo","17":"tag-marvel","18":"tag-movies","19":"tag-pedro-pascal","20":"tag-people","21":"tag-stranger-things","22":"tag-the-last-of-us","23":"tag-tom-holland","24":"tag-video","25":"tag-zendaya"},"share_on_mastodon":{"url":"https:\/\/pubeurope.com\/@fr\/115055245921020324","error":""},"_links":{"self":[{"href":"https:\/\/www.europesays.com\/fr\/wp-json\/wp\/v2\/posts\/329220","targetHints":{"allow":["GET"]}}],"collection":[{"href":"https:\/\/www.europesays.com\/fr\/wp-json\/wp\/v2\/posts"}],"about":[{"href":"https:\/\/www.europesays.com\/fr\/wp-json\/wp\/v2\/types\/post"}],"author":[{"embeddable":true,"href":"https:\/\/www.europesays.com\/fr\/wp-json\/wp\/v2\/users\/2"}],"replies":[{"embeddable":true,"href":"https:\/\/www.europesays.com\/fr\/wp-json\/wp\/v2\/comments?post=329220"}],"version-history":[{"count":0,"href":"https:\/\/www.europesays.com\/fr\/wp-json\/wp\/v2\/posts\/329220\/revisions"}],"wp:featuredmedia":[{"embeddable":true,"href":"https:\/\/www.europesays.com\/fr\/wp-json\/wp\/v2\/media\/329221"}],"wp:attachment":[{"href":"https:\/\/www.europesays.com\/fr\/wp-json\/wp\/v2\/media?parent=329220"}],"wp:term":[{"taxonomy":"category","embeddable":true,"href":"https:\/\/www.europesays.com\/fr\/wp-json\/wp\/v2\/categories?post=329220"},{"taxonomy":"post_tag","embeddable":true,"href":"https:\/\/www.europesays.com\/fr\/wp-json\/wp\/v2\/tags?post=329220"}],"curies":[{"name":"wp","href":"https:\/\/api.w.org\/{rel}","templated":true}]}}