{"id":329222,"date":"2025-08-19T11:41:15","date_gmt":"2025-08-19T11:41:15","guid":{"rendered":"https:\/\/www.europesays.com\/fr\/329222\/"},"modified":"2025-08-19T11:41:15","modified_gmt":"2025-08-19T11:41:15","slug":"mais-pourquoi-dormons-nous-de-moins-en-moins","status":"publish","type":"post","link":"https:\/\/www.europesays.com\/fr\/329222\/","title":{"rendered":"mais pourquoi dormons-nous de moins en moins ?"},"content":{"rendered":"<p>             <a href=\"https:\/\/ma-sante.news\/wp-content\/uploads\/2025\/07\/pourquoi-francais-toujours-plus-fatigues-sommeil-perturbe-dorment-de-moins-en-moins-Ma-Sante.jpeg\" data-caption=\"6h42 de sommeil : la chute libre des heures de sommeil ne fait que commencer. \u00a9 Adobe Stock\" rel=\"nofollow noopener\" target=\"_blank\"><img loading=\"lazy\" decoding=\"async\" width=\"696\" height=\"464\" class=\"entry-thumb td-modal-image\" src=\"data:image\/svg+xml,%3Csvg%20xmlns=\" http:=\"\" data-lazy- data-lazy- alt=\"Une femme qui se tient la t\u00eate de fatigue.\" title=\"pourquoi fran\u00e7ais toujours plus fatigu\u00e9s sommeil perturb\u00e9 dorment de moins en moins Ma Sant\u00e9\" data-lazy-src=\"https:\/\/www.europesays.com\/fr\/wp-content\/uploads\/2025\/08\/pourquoi-francais-toujours-plus-fatigues-sommeil-perturbe-dorment-de-moins-en-moins-Ma-Sante-696x464.jpeg\"\/><\/a>6h42 de sommeil : la chute libre des heures de sommeil ne fait que commencer. \u00a9 Adobe Stock                                    \t\t\t             <a class=\"gofollow\" data-track=\"MjgsMCw2MA==\" href=\"https:\/\/ma-sante.news\/inscrivez-vous-a-notre-newsletter\/\" rel=\"nofollow noopener\" target=\"_blank\"><img loading=\"lazy\" decoding=\"async\" width=\"1068\" height=\"131\" src=\"data:image\/svg+xml,%3Csvg%20xmlns=\" http:=\"\" data-lazy-src=\"https:\/\/www.europesays.com\/fr\/wp-content\/uploads\/2025\/03\/banniere-newsletter.png\"\/><\/a> <\/p>\n<p>En 2024, selon les derni\u00e8res donn\u00e9es de l\u2019Institut national du sommeil et de la vigilance (INSV), la dur\u00e9e moyenne de sommeil des Fran\u00e7ais est tomb\u00e9e \u00e0 6 h 42 par nuit. Ce chiffre est alarmant puisqu\u2019il est tr\u00e8s inf\u00e9rieur aux <a href=\"https:\/\/ma-sante.news\/sommeil-combien-de-temps-doit-on-dormir\/\" rel=\"nofollow noopener\" target=\"_blank\">7 \u00e0 8 heures recommand\u00e9es par l\u2019OMS pour un adulte en bonne sant\u00e9<\/a>.<\/p>\n<p>Pire, plus d\u2019un tiers des Fran\u00e7ais d\u00e9clarent dormir moins de 6 heures par nuit, un profil dit de \u00ab petit dormeur chronique \u00bb. Cette situation n\u2019est pas anodine. Des \u00e9tudes \u00e9pid\u00e9miologiques solides, comme celles rapport\u00e9es par la Haute Autorit\u00e9 de Sant\u00e9 (HAS), montrent qu\u2019un sommeil insuffisant augmente fortement <a href=\"https:\/\/ma-sante.news\/academie-nationale-medecine-alerte-inegalites-maladies-cardiovasculaires\/\" rel=\"nofollow noopener\" target=\"_blank\">le risque de maladies cardiovasculaires<\/a>, <a href=\"https:\/\/ma-sante.news\/epidemie-dobesite-de-nouveaux-chiffres-tres-inquietants\/\" rel=\"nofollow noopener\" target=\"_blank\">d\u2019ob\u00e9sit\u00e9<\/a>, de <a href=\"https:\/\/ma-sante.news\/diabete-la-genetique-est-elle-reellement-un-facteur-de-risque\/\" rel=\"nofollow noopener\" target=\"_blank\">diab\u00e8te de type 2<\/a>, mais aussi de <a href=\"https:\/\/ma-sante.news\/et-si-depression-etait-une-question-de-genetique\/\" rel=\"nofollow noopener\" target=\"_blank\">troubles psychiatriques comme la d\u00e9pression<\/a>.<\/p>\n<p>Sur la route, la somnolence est la premi\u00e8re cause d\u2019accidents mortels. En France, chaque ann\u00e9e, environ 25 % des accidents mortels sont li\u00e9s \u00e0 un endormissement au volant, rappelle la S\u00e9curit\u00e9 Routi\u00e8re. Bref, notre sommeil est une affaire s\u00e9rieuse qui d\u00e9passe le simple fait d\u2019\u00eatre fatigu\u00e9.<\/p>\n<p>        Mais pourquoi sommes-nous tous fatigu\u00e9s tout le temps ?\u00a0    <strong>Nos nuits hach\u00e9es made in modernit\u00e9 !<\/strong>    <\/p>\n<p>Ce n\u2019est pas qu\u2019une affaire de quantit\u00e9. La qualit\u00e9 du sommeil se d\u00e9grade aussi s\u00e9v\u00e8rement. <a href=\"https:\/\/ma-sante.news\/reveil-nocturne-pourquoi-vous-vous-reveillez-sans-raison\/\" rel=\"nofollow noopener\" target=\"_blank\">85 % des Fran\u00e7ais se r\u00e9veillent au moins une fois par nuit<\/a>, et pr\u00e8s de la moiti\u00e9 consid\u00e8rent leur sommeil non r\u00e9parateur, selon une enqu\u00eate de l\u2019Observatoire National du Sommeil.<\/p>\n<p>Pourquoi ? Nos modes de vie modernes sont loin d\u2019\u00eatre tendres avec nos nuits. D\u2019abord, <a href=\"https:\/\/ma-sante.news\/stress-chronique-pourquoi-votre-cerveau-reagit-encore-comme-a-lage-de-pierre\/\" rel=\"nofollow noopener\" target=\"_blank\">le stress chronique, qui touche 20 \u00e0 30 % de la population fran\u00e7aise<\/a>, d\u2019apr\u00e8s Sant\u00e9 Publique France, d\u00e9r\u00e8gle notre horloge biologique. Ensuite, les \u00e9crans omnipr\u00e9sents (smartphones, tablettes, t\u00e9l\u00e9visions) \u00e9mettent<a href=\"https:\/\/ma-sante.news\/lumiere-bleue-effets-sur-la-sante-1954\/\" rel=\"nofollow noopener\" target=\"_blank\"> une lumi\u00e8re bleue qui inhibe la production de m\u00e9latonine, l\u2019hormone du sommeil<\/a>.<\/p>\n<p>Sans oublier <a href=\"https:\/\/ma-sante.news\/sante-au-travail-comment-bien-gerer-les-horaires-decales\/\" rel=\"nofollow noopener\" target=\"_blank\">les horaires d\u00e9cal\u00e9s<\/a>, notamment pour les travailleurs en horaires post\u00e9s ou les \u00e9tudiants, ainsi que la pollution sonore et lumineuse dans les zones urbaines. R\u00e9sultat, nos rythmes de coucher se d\u00e9calent, nos soir\u00e9es s\u2019allongent, et le sommeil devient la variable d\u2019ajustement, sacrifi\u00e9 sur l\u2019autel des exigences professionnelles et sociales.<\/p>\n<p>        <strong>Le week-end ne sauve pas la semaine : stop au mythe de la \u00ab grasse matin\u00e9e compensatoire \u00bb<\/strong>    <\/p>\n<p>Vous pensez que faire la grasse matin\u00e9e le week-end rattrape <a href=\"https:\/\/ma-sante.news\/dette-de-sommeil-comment-rattraper-le-sommeil-perdu\/\" rel=\"nofollow noopener\" target=\"_blank\">votre dette de sommeil accumul\u00e9e <\/a>? Mauvaise id\u00e9e ! Plusieurs \u00e9tudes, dont une publi\u00e9e en 2023 dans la revue Sleep Medicine Reviews, ont d\u00e9montr\u00e9 que cette compensation n\u2019est pas efficace. Au contraire, elle perturbe davantage l\u2019horloge interne et aggrave la qualit\u00e9 globale du sommeil.<\/p>\n<p>Autrement dit, si vous dormez mal en semaine, dormir trop longtemps le week-end ne r\u00e9glera pas le probl\u00e8me. La r\u00e9gularit\u00e9 est la cl\u00e9..<\/p>\n<p>        Comment retrouver un sommeil r\u00e9parateur ?\u00a0    <strong>Les bonnes pratiques pour dormir mieux\u00a0<\/strong>    <\/p>\n<p>Pour s\u2019endormir plus facilement et mieux dormir, la premi\u00e8re r\u00e8gle est simple :<a href=\"https:\/\/ma-sante.news\/sommeil-et-si-on-ameliorait-enfin-la-qualite-de-vos-nuits\/\" rel=\"nofollow noopener\" target=\"_blank\"> adopter une bonne hygi\u00e8ne de sommeil.<\/a> Cela passe par :<\/p>\n<ul class=\"wp-block-list\">\n<li>Se coucher et se lever \u00e0 heures fixes, m\u00eame le week-end<\/li>\n<li><a href=\"https:\/\/ma-sante.news\/digital-detox-pourquoi-devriez-vous-passer-plus-de-temps-loin-des-ecrans\/\" rel=\"nofollow noopener\" target=\"_blank\">\u00c9teindre les \u00e9crans <\/a>au moins une heure avant le coucher<\/li>\n<li>Favoriser un environnement calme, sombre et frais dans la chambre<\/li>\n<li>\u00c9viter la consommation excessive de caf\u00e9ine et d\u2019alcool le soir<\/li>\n<li>Pratiquer une activit\u00e9 physique r\u00e9guli\u00e8re, mais jamais juste avant de dormir<\/li>\n<\/ul>\n<p>Et surtout, \u00e9viter l\u2019autom\u00e9dication.<a href=\"https:\/\/ma-sante.news\/insomnie-troubles-sommeil-stop-medicaments-219786\/\" rel=\"nofollow noopener\" target=\"_blank\"> Les somnif\u00e8res ne sont pas la panac\u00e9e<\/a>, ils peuvent entra\u00eener d\u00e9pendance et alt\u00e9rer la qualit\u00e9 du sommeil sur le long terme. La HAS recommande de privil\u00e9gier <a href=\"https:\/\/ma-sante.news\/therapies-comportementales-cognitives-solution-anxiete-depression-phobies\/\" rel=\"nofollow noopener\" target=\"_blank\">les th\u00e9rapies cognitivo-comportementales<\/a>, efficaces sur<a href=\"https:\/\/ma-sante.news\/troubles-sommeil-soigner-insomnie-213678\/\" rel=\"nofollow noopener\" target=\"_blank\"> les troubles du sommeil <\/a>et sans effet secondaire.<\/p>\n<p>Quant \u00e0 la m\u00e9latonine, prise sous forme de compl\u00e9ment alimentaire, elle peut \u00eatre utile ponctuellement pour certains d\u00e9calages horaires, mais ce n\u2019est pas un rem\u00e8de miracle. Son usage doit \u00eatre encadr\u00e9 par un professionnel de sant\u00e9.<\/p>\n<p>        <strong>Des avanc\u00e9es politiques encourageantes<\/strong>    <\/p>\n<p>C\u00f4t\u00e9 politiques publiques, la prise de conscience est l\u00e0. En f\u00e9vrier 2025, le ministre de la Sant\u00e9 Yannick Neuder a pr\u00e9sent\u00e9 une feuille de route ambitieuse pour promouvoir un sommeil de qualit\u00e9 en France. Parmi les mesures phares :<\/p>\n<ul class=\"wp-block-list\">\n<li>Sensibilisation d\u00e8s l\u2019\u00e9cole primaire \u00e0 l\u2019importance du sommeil<\/li>\n<li>Encouragement \u00e0 la d\u00e9connexion num\u00e9rique au travail<\/li>\n<li>Promotion de<a href=\"https:\/\/ma-sante.news\/la-sieste-au-travail-petit-somme-grand-impact\/\" rel=\"nofollow noopener\" target=\"_blank\"> la micro-sieste en entreprise <\/a>avec espaces d\u00e9di\u00e9s<\/li>\n<li>R\u00e9vision des rythmes scolaires pour mieux coller aux besoins des adolescents<\/li>\n<\/ul>\n<p>Ces initiatives sont encourageantes, car elles placent enfin le sommeil au c\u0153ur des pr\u00e9occupations de sant\u00e9 publique.<\/p>\n<blockquote class=\"wp-block-quote is-layout-flow wp-block-quote-is-layout-flow\">\n<p><strong>\u00c0 SAVOIR<\/strong><\/p>\n<p>Selon une \u00e9tude publi\u00e9e en 2023 par Sant\u00e9 Publique France, pr\u00e8s de 40 % des Fran\u00e7ais d\u00e9clarent souffrir de troubles du sommeil au moins trois fois par semaine, un chiffre en forte hausse ces dix derni\u00e8res ann\u00e9es. Cette augmentation est particuli\u00e8rement marqu\u00e9e chez les femmes et les jeunes adultes (18-34 ans).<\/p>\n<\/blockquote>\n<p>  <a class=\"gofollow\" data-track=\"MTIsMCw2MA==\" href=\"https:\/\/ma-sante.news\/annonceurs\/\" rel=\"nofollow noopener\" target=\"_blank\"><img loading=\"lazy\" decoding=\"async\" width=\"2560\" height=\"2133\" src=\"data:image\/svg+xml,%3Csvg%20xmlns=\" http:=\"\" data-lazy-src=\"https:\/\/www.europesays.com\/fr\/wp-content\/uploads\/2025\/03\/pub-annonceurs-4-scaled.jpg\"\/><\/a>    <img loading=\"lazy\" decoding=\"async\" width=\"755\" height=\"495\" src=\"data:image\/svg+xml,%3Csvg%20xmlns=\" http:=\"\" data-lazy-src=\"https:\/\/www.europesays.com\/fr\/wp-content\/uploads\/2025\/03\/Image1.jpg\"\/>Inscrivez-vous \u00e0 notre newsletter <br \/>Ma Sant\u00e9                      <\/p>\n","protected":false},"excerpt":{"rendered":"6h42 de sommeil : la chute libre des heures de sommeil ne fait que commencer. \u00a9 Adobe Stock&hellip;\n","protected":false},"author":2,"featured_media":329223,"comment_status":"","ping_status":"","sticky":false,"template":"","format":"standard","meta":{"footnotes":""},"categories":[10],"tags":[1011,27,72,46667,71,1257,531],"class_list":{"0":"post-329222","1":"post","2":"type-post","3":"status-publish","4":"format-standard","5":"has-post-thumbnail","7":"category-sante","8":"tag-fr","9":"tag-france","10":"tag-health","11":"tag-mieux-dormir","12":"tag-sante","13":"tag-troubles-du-sommeil","14":"tag-u00e9crans"},"share_on_mastodon":{"url":"https:\/\/pubeurope.com\/@fr\/115055249653326862","error":""},"_links":{"self":[{"href":"https:\/\/www.europesays.com\/fr\/wp-json\/wp\/v2\/posts\/329222","targetHints":{"allow":["GET"]}}],"collection":[{"href":"https:\/\/www.europesays.com\/fr\/wp-json\/wp\/v2\/posts"}],"about":[{"href":"https:\/\/www.europesays.com\/fr\/wp-json\/wp\/v2\/types\/post"}],"author":[{"embeddable":true,"href":"https:\/\/www.europesays.com\/fr\/wp-json\/wp\/v2\/users\/2"}],"replies":[{"embeddable":true,"href":"https:\/\/www.europesays.com\/fr\/wp-json\/wp\/v2\/comments?post=329222"}],"version-history":[{"count":0,"href":"https:\/\/www.europesays.com\/fr\/wp-json\/wp\/v2\/posts\/329222\/revisions"}],"wp:featuredmedia":[{"embeddable":true,"href":"https:\/\/www.europesays.com\/fr\/wp-json\/wp\/v2\/media\/329223"}],"wp:attachment":[{"href":"https:\/\/www.europesays.com\/fr\/wp-json\/wp\/v2\/media?parent=329222"}],"wp:term":[{"taxonomy":"category","embeddable":true,"href":"https:\/\/www.europesays.com\/fr\/wp-json\/wp\/v2\/categories?post=329222"},{"taxonomy":"post_tag","embeddable":true,"href":"https:\/\/www.europesays.com\/fr\/wp-json\/wp\/v2\/tags?post=329222"}],"curies":[{"name":"wp","href":"https:\/\/api.w.org\/{rel}","templated":true}]}}