{"id":329224,"date":"2025-08-19T11:42:23","date_gmt":"2025-08-19T11:42:23","guid":{"rendered":"https:\/\/www.europesays.com\/fr\/329224\/"},"modified":"2025-08-19T11:42:23","modified_gmt":"2025-08-19T11:42:23","slug":"pavard-murmure-au-barca-une-quinzieme-recrue-a-strasbourg-les-5-infos-mercato-de-ce-mardi","status":"publish","type":"post","link":"https:\/\/www.europesays.com\/fr\/329224\/","title":{"rendered":"Pavard murmur\u00e9 au Bar\u00e7a, une quinzi\u00e8me recrue \u00e0 Strasbourg&#8230; Les 5\u00a0infos mercato de ce mardi"},"content":{"rendered":"<p>Pavard qui pourrait quitter l\u2019Inter, un jeune de Benfica \u00e0 Strasbourg ou Bad\u00e9 bient\u00f4t \u00e0 Leverkusen\u00a0: toutes les infos du mercato football de ce mardi 19 ao\u00fbt.<\/p>\n<p>Pavard (Inter Milan) propos\u00e9 \u00e0 Barcelone<\/p>\n<p class=\"fig-paragraph\">Bien que titulaire \u00e0 l\u2019Inter Milan, Benjamin Pavard ne sera pas retenu par le finaliste de la Ligue des champions en cas d\u2019offre satisfaisante. Le club italien esp\u00e8re renflouer les caisses, notamment en se d\u00e9laissant du salaire du d\u00e9fenseur des Bleus. Selon le quotidien catalan\u00a0<a href=\"https:\/\/www.sport.es\/es\/noticias\/barca\/ofrecen-benjamin-pavard-barca-120715732\" target=\"_blank\" rel=\"sponsored noopener\" data-gtm-custom-categorie=\"navigation\" data-gtm-custom-action=\"crossclick\" data-gtm-custom-label=\"Contextuel\" data-gtm-event=\"customEventSPE\">Sport<\/a>, Pavard a \u00e9t\u00e9 propos\u00e9 au FC Barcelone, o\u00f9 officie son ancien entra\u00eeneur au Bayern Munich, Hansi Flick.<\/p>\n<p class=\"fig-paragraph\">Probl\u00e8me\u00a0: le Bar\u00e7a s\u2019arrache d\u00e9j\u00e0 les cheveux pour enregistrer tous ses joueurs aupr\u00e8s du championnat espagnol. Un transfert du champion du monde n\u2019est pas \u00e0 l\u2019ordre du jour. Pavard, 29 ans et sous contrat jusqu\u2019en 2028 \u00e0 l\u2019Inter, souhaiterait poursuivre en Europe. Il aurait refus\u00e9 une approche de Neom,\u00a0<a href=\"http:\/\/www.lefigaro.fr\/sports\/football\/megalopole-futuriste-stade-suspendu-moyens-xxl-qu-est-le-neom-sports-club-ce-nouveau-venu-saoudien-qui-pille-la-ligue-1-20250731\" data-fig-type=\"NewsFlash\" data-gtm-custom-categorie=\"navigation\" data-gtm-custom-action=\"crossclick\" data-gtm-custom-label=\"Contextuel\" data-gtm-event=\"customEventSPE\" data-fig-domain=\"LEFIGARO\" target=\"_blank\" rel=\"noopener\">club saoudien \u00e0 l\u2019accent fran\u00e7ais<\/a>\u00a0avec l\u2019attaquant Alexandre Lacazette et l\u2019entra\u00eeneur Christophe Galtier.<\/p>\n<p>                                    <a class=\"fig-a11y-skip a11y-hidden\" href=\"#fig-a11y-skip-main-inarticle\"><br \/>\n        Passer la publicit\u00e9<br \/>\n    <\/a><\/p>\n<p class=\"fig-paragraph\"><strong>\u00c0 VOIR AUSSI &#8211;<\/strong> Le meilleur de Benjamin Pavard \u00e0 l\u2019Inter Milan<\/p>\n<p>Rafael Luis pr\u00eat\u00e9 par Benfica \u00e0 Strasbourg (officiel)<\/p>\n<p class=\"fig-paragraph\">Et de quinze\u00a0! Strasbourg a officialis\u00e9 lundi soir un quinzi\u00e8me renfort estival. Il s\u2019agit de Rafael Luis, milieu d\u00e9fensif portugais de 20 ans. L\u2019international U20 est pr\u00eat\u00e9 par Benfica, o\u00f9 il n\u2019a jamais jou\u00e9 en \u00e9quipe premi\u00e8re. Une option d\u2019achat de 7\u00a0M\u20ac est assortie au pr\u00eat. Le Racing est\u00a0<a href=\"http:\/\/www.lefigaro.fr\/sports\/football\/ligue-1\/au-racing-club-de-strasbourg-des-depenses-records-pour-une-ambition-exponentielle-20250816\" data-fig-type=\"Article\" data-gtm-custom-categorie=\"navigation\" data-gtm-custom-action=\"crossclick\" data-gtm-custom-label=\"Contextuel\" data-gtm-event=\"customEventSPE\" data-fig-domain=\"LEFIGARO\" target=\"_blank\" rel=\"noopener\">le club le plus d\u00e9pensier de Ligue 1<\/a>\u00a0sur le mercato cet \u00e9t\u00e9.<\/p>\n<p>S\u00e9ville va vendre Bad\u00e9 \u00e0 Leverkusen<\/p>\n<p class=\"fig-paragraph\"><a href=\"https:\/\/www.lequipe.fr\/Football\/Actualites\/Mercato-accord-seville-leverkusen-pour-loic-bade\/1586065\" target=\"_blank\" rel=\"sponsored noopener\" data-gtm-custom-categorie=\"navigation\" data-gtm-custom-action=\"crossclick\" data-gtm-custom-label=\"Contextuel\" data-gtm-event=\"customEventSPE\">L\u2019\u00c9quipe<\/a> \u00a0et\u00a0<a href=\"https:\/\/www.footmercato.net\/a8850473462801879697-accord-total-entre-seville-et-leverkusen-pour-loic-bade\" target=\"_blank\" rel=\"sponsored noopener\" data-gtm-custom-categorie=\"navigation\" data-gtm-custom-action=\"crossclick\" data-gtm-custom-label=\"Contextuel\" data-gtm-event=\"customEventSPE\">Foot Mercato<\/a> \u00a0annoncent un accord entre le S\u00e9ville FC et le Bayer Leverkusen au sujet de Lo\u00efc Bad\u00e9. Le d\u00e9fenseur de 25 ans, qui a honor\u00e9 sa premi\u00e8re s\u00e9lection en \u00e9quipe de France en juin dernier, sera transf\u00e9r\u00e9 pour 30\u00a0M\u20ac, bonus inclus. Pass\u00e9 par Rennes et Lens, Bad\u00e9 va ainsi rejoindre le champion d\u2019Allemagne 2024, qualifi\u00e9 pour la prochaine Ligue des champions.<\/p>\n<p>Zalewski de l\u2019Inter \u00e0 l\u2019Atalanta (officiel)<\/p>\n<p class=\"fig-paragraph\">En attendant de savoir si Benjamin Pavard s\u2019en ira, l\u2019Inter Milan a d\u00e9j\u00e0 vendu Nicola Zalewski, milieu polyvalent de 23 ans. L\u2019international polonais rejoint l\u2019Atalanta Bergame, 3e de Serie\u00a0A la saison derni\u00e8re, pour pr\u00e8s de 17\u00a0M\u20ac. Une belle plus-value pour l\u2019Inter qui l\u2019avait achet\u00e9 \u00e0 peine 6\u00a0M\u20ac \u00e0 l\u2019AS Rome six mois plus t\u00f4t.<\/p>\n<p>Liverpool encaisse une jolie somme avec Doak (officiel)<\/p>\n<p class=\"fig-paragraph\">Dix matches en \u00e9quipe premi\u00e8re et un transfert \u00e0 23\u00a0M\u20ac \u00e0 la cl\u00e9. Liverpool a parfaitement rentabilis\u00e9 le dossier Ben Doak, ailier de 19 ans qui file \u00e0 Bournemouth, 9e de Premier League la saison pass\u00e9e. L\u2019international \u00e9cossais sort d\u2019une saison honn\u00eate \u00e0 Middlesbrough, en D2 anglaise.<\/p>\n","protected":false},"excerpt":{"rendered":"Pavard qui pourrait quitter l\u2019Inter, un jeune de Benfica \u00e0 Strasbourg ou Bad\u00e9 bient\u00f4t \u00e0 Leverkusen\u00a0: toutes les&hellip;\n","protected":false},"author":2,"featured_media":329225,"comment_status":"","ping_status":"","sticky":false,"template":"","format":"standard","meta":{"footnotes":""},"categories":[9],"tags":[4786,1011,27,4448,60],"class_list":{"0":"post-329224","1":"post","2":"type-post","3":"status-publish","4":"format-standard","5":"has-post-thumbnail","7":"category-sports","8":"tag-benjamin-pavard","9":"tag-fr","10":"tag-france","11":"tag-rc-strasbourg","12":"tag-sports"},"share_on_mastodon":{"url":"https:\/\/pubeurope.com\/@fr\/115055253566309653","error":""},"_links":{"self":[{"href":"https:\/\/www.europesays.com\/fr\/wp-json\/wp\/v2\/posts\/329224","targetHints":{"allow":["GET"]}}],"collection":[{"href":"https:\/\/www.europesays.com\/fr\/wp-json\/wp\/v2\/posts"}],"about":[{"href":"https:\/\/www.europesays.com\/fr\/wp-json\/wp\/v2\/types\/post"}],"author":[{"embeddable":true,"href":"https:\/\/www.europesays.com\/fr\/wp-json\/wp\/v2\/users\/2"}],"replies":[{"embeddable":true,"href":"https:\/\/www.europesays.com\/fr\/wp-json\/wp\/v2\/comments?post=329224"}],"version-history":[{"count":0,"href":"https:\/\/www.europesays.com\/fr\/wp-json\/wp\/v2\/posts\/329224\/revisions"}],"wp:featuredmedia":[{"embeddable":true,"href":"https:\/\/www.europesays.com\/fr\/wp-json\/wp\/v2\/media\/329225"}],"wp:attachment":[{"href":"https:\/\/www.europesays.com\/fr\/wp-json\/wp\/v2\/media?parent=329224"}],"wp:term":[{"taxonomy":"category","embeddable":true,"href":"https:\/\/www.europesays.com\/fr\/wp-json\/wp\/v2\/categories?post=329224"},{"taxonomy":"post_tag","embeddable":true,"href":"https:\/\/www.europesays.com\/fr\/wp-json\/wp\/v2\/tags?post=329224"}],"curies":[{"name":"wp","href":"https:\/\/api.w.org\/{rel}","templated":true}]}}